{"id":10071,"date":"2018-11-21T21:19:54","date_gmt":"2018-11-21T20:19:54","guid":{"rendered":"http:\/\/adopcionpuntodeencuentro.com\/web\/?p=10071"},"modified":"2018-11-21T21:19:54","modified_gmt":"2018-11-21T20:19:54","slug":"cuestionario-online-para-adolescentes-y-jovenes-adoptados","status":"publish","type":"post","link":"https:\/\/adopcionpuntodeencuentro.com\/web\/cuestionario-online-para-adolescentes-y-jovenes-adoptados\/","title":{"rendered":"Cuestionario online para adolescentes y j\u00f3venes\u00a0adoptados"},"content":{"rendered":"<p><strong><img loading=\"lazy\" decoding=\"async\" class=\"alignleft  wp-image-10076\" src=\"http:\/\/adopcionpuntodeencuentro.com\/web\/wp-content\/uploads\/cuestionario-001-1024x682.jpg\" alt=\"\" width=\"573\" height=\"382\" srcset=\"https:\/\/adopcionpuntodeencuentro.com\/web\/wp-content\/uploads\/cuestionario-001-1024x682.jpg 1024w, https:\/\/adopcionpuntodeencuentro.com\/web\/wp-content\/uploads\/cuestionario-001-150x100.jpg 150w, https:\/\/adopcionpuntodeencuentro.com\/web\/wp-content\/uploads\/cuestionario-001-450x300.jpg 450w, https:\/\/adopcionpuntodeencuentro.com\/web\/wp-content\/uploads\/cuestionario-001-768x512.jpg 768w\" sizes=\"(max-width: 573px) 100vw, 573px\" \/>Cuestionario online para adolescentes \/ j\u00f3venes\u00a0adoptados, con el prop\u00f3sito de conocer las relaciones que tienen con sus\u00a0iguales y el apoyo social que reciben de estos.<\/strong><\/p>\n<p>Un cuestionario que forma parte de una investigaci\u00f3n que analiza los apoyos sociales que perciben como adolescentes.<\/p>\n<p>La encuesta\u00a0\u00a0<strong>no\u00a0<\/strong><strong>pide ning\u00fan dato personal<\/strong>. Las respuestas quedan almacenadas de forma an\u00f3nima y s\u00f3lo\u00a0<strong>ser\u00e1n utilizadas para la investigaci\u00f3n con fines estad\u00edsticos<\/strong>\u00a0y siguiendo las directrices de la protecci\u00f3n de datos (LO 15\/1999 de 13 de diciembre), y ser\u00e1n tratados con todo el rigor \u00e9tico.<\/p>\n<p>Los resultados generales, una vez analizados ser\u00e1n publicados en la p\u00e1gina web\u00a0<a href=\"http:\/\/adopcioninternacionalmadrid.com\/tesis\/\" target=\"_blank\" rel=\"noopener\">www.adopcioninternacionalmadrid.com<\/a><\/p>\n<p>El padre\/madre\/tutor ha de dar su consentimiento y despu\u00e9s has de firmar el adolescente, dando a aceptar.<\/p>\n<p>La p\u00e1gina web donde est\u00e1 alojado el cuestionario es:<br \/>\n<a href=\"http:\/\/adopcioninternacionalmadrid.com\/tesis\/\" target=\"_blank\" rel=\"noopener\">www.adopcioninternacionalmadrid.com.<\/a><\/p>\n<p><strong> La autorizaci\u00f3n de comisi\u00f3n \u00e9tica de la universidad est\u00e1 alojada en el mima p\u00e1gina web. <\/strong><\/p>\n<p><em>Me han pedido que escriba algo que os anime a rellenar este cuestionario y creo que la sinceridad es la mejor manera de hacerme entender. Mi curr\u00edculo, que est\u00e1 al inicio del cuestionario, no dice nada, si no explico por qu\u00e9 he llegado hasta aqu\u00ed y cu\u00e1les son mis motivos; todo se reduce a estas breves l\u00edneas. Desde mi inicio estudiando Trabajo Social, mi inter\u00e9s ha sido poder, aportar iniciativas, situaciones y lugares que favorezcan las relaciones de los chicos.<\/em><\/p>\n<p><em>Este inter\u00e9s viene desde mi juventud, cuando formaba parte de grupos de j\u00f3venes, grupos de monta\u00f1a, senderismo y escultismo, compartiendo con otros j\u00f3venes las dificultades que ten\u00edamos para poder encajarnos en un mundo que lo sent\u00edamos duro y que nos agred\u00eda. Acompa\u00f1\u00e1ndonos unos a otros, en largas tardes y veladas, sentados en los parques, en la monta\u00f1a, o en los garajes de las casas, teniendo la necesidad de hablar; &#8211; \u201cperd\u00edamos el tiempo\u201d- seg\u00fan los mayores; yo creo que no; de esa manera nos sent\u00edamos en el mundo, nos sent\u00edamos vivos, y esto era para m\u00ed una necesidad, como el comer o dormir. Todos ten\u00edamos algo que contar y necesit\u00e1bamos contarlo y escuchando comprend\u00edamos que no \u00e9ramos al fin y al cavo tan diferentes como pens\u00e1bamos, de ah\u00ed mi creencia, que es muy bueno este tipo de -perder el tiempo-. Hoy en d\u00eda tengo tres amigas de tesis, dos son ingenieros y una es Pedagoga, tenemos un grupo de Wasap porque vivimos lejos unas de otras, y no podemos vernos a menudo, pero compartimos problemas, angustias y alegr\u00edas y nos apoyamos porque es muy duro hacer un Doctorado. Mi curr\u00edculo es el resultado de la b\u00fasqueda de respuestas a las preguntas que me hac\u00eda sobre el sufrimiento de mis amigos, y los problemas que ellos me contaban y yo a la vez me sent\u00eda muy bien cuando m escuchaban como me sent\u00eda. Y esta investigaci\u00f3n est\u00e1 en el marco de una tesis Doctoral, porque quer\u00eda darle la importancia que se merece.<\/em><\/p>\n<p><em>Cuando crec\u00ed y no dejo de crecer, que no es lo mismo que envejecer, he tenido la oportunidad de valorar a muchas familias adoptivas, estoy hablando de m\u00e1s de cuatrocientas familias, desde el a\u00f1o de 1996. De todas y cada una de ellas, he aprendido mucho y en las entrevistas sol\u00eda decirme a m\u00ed misma, yo soy el ni\u00f1o o la ni\u00f1a que quer\u00e9is adoptar, convencerme que voy a estar bien con vosotros. Me quedaba muy claro que esos padres eran muy necesarios para continuar con el cuidado de muchos ni\u00f1os, que sus padres no hab\u00edan podido, continuar cuid\u00e1ndolos, pero me acordaba de mi juventud y el sufrimiento de algunos de mis amigos por ser diferentes y de ah\u00ed mi inter\u00e9s en estudiar, para comprender y poder ayudar. He ido a muchos sitios, he conocido a muchos especialistas y he trabajado en muchas instituciones, d\u00f3nde hab\u00eda ni\u00f1os adoptados: en colegios, centros de salud. He formado a padres que quer\u00edan adoptar, d\u00e1ndoles mi experiencia y conocimiento.<\/em><\/p>\n<p><em>Y os pido, que se\u00e1is vosotros ahora quien me ense\u00f1\u00e9is, igual que lo hicieron vuestros padres, porque pienso que es bueno informar a mis compa\u00f1eros y pensar qu\u00e9 m\u00e1s podemos hacer entre todos, para que no sea tan duro y hostil el que seamos todos diferentes<\/em>.<\/p>\n<p><strong>Mar\u00eda Jos\u00e9 Mart\u00edn<\/strong><\/p>\n<p>Trabajadora Social.N\u00ba de colegiada 1247 de Madrid<\/p>\n<p>info@adopcioninternacionalmadrid.com<br \/>\nwww.adopcioninternacionalmadrid.com<\/p>\n<div class='divider' > <\/div>\n<p><img loading=\"lazy\" decoding=\"async\" class=\"aligncenter wp-image-10072 size-full\" src=\"http:\/\/adopcionpuntodeencuentro.com\/web\/wp-content\/uploads\/ma-jos\u00e9.png\" alt=\"\" width=\"1006\" height=\"373\" srcset=\"https:\/\/adopcionpuntodeencuentro.com\/web\/wp-content\/uploads\/ma-jos\u00e9.png 1006w, https:\/\/adopcionpuntodeencuentro.com\/web\/wp-content\/uploads\/ma-jos\u00e9-150x56.png 150w, https:\/\/adopcionpuntodeencuentro.com\/web\/wp-content\/uploads\/ma-jos\u00e9-450x167.png 450w, https:\/\/adopcionpuntodeencuentro.com\/web\/wp-content\/uploads\/ma-jos\u00e9-768x285.png 768w\" sizes=\"(max-width: 1006px) 100vw, 1006px\" \/><\/p>\n","protected":false},"excerpt":{"rendered":"<p>Cuestionario online para adolescentes \/ j\u00f3venes\u00a0adoptados, con el prop\u00f3sito de conocer las relaciones que tienen con sus\u00a0iguales y el apoyo social que reciben de estos.<br \/>\nUn cuestionario que forma parte de una investigaci\u00f3n que analiza los apoyos sociales que perciben como adolescentes.<\/p>\n","protected":false},"author":1,"featured_media":10078,"comment_status":"open","ping_status":"open","sticky":false,"template":"","format":"standard","meta":{"footnotes":""},"categories":[102,276,1],"tags":[56,27,45],"_links":{"self":[{"href":"https:\/\/adopcionpuntodeencuentro.com\/web\/wp-json\/wp\/v2\/posts\/10071"}],"collection":[{"href":"https:\/\/adopcionpuntodeencuentro.com\/web\/wp-json\/wp\/v2\/posts"}],"about":[{"href":"https:\/\/adopcionpuntodeencuentro.com\/web\/wp-json\/wp\/v2\/types\/post"}],"author":[{"embeddable":true,"href":"https:\/\/adopcionpuntodeencuentro.com\/web\/wp-json\/wp\/v2\/users\/1"}],"replies":[{"embeddable":true,"href":"https:\/\/adopcionpuntodeencuentro.com\/web\/wp-json\/wp\/v2\/comments?post=10071"}],"version-history":[{"count":4,"href":"https:\/\/adopcionpuntodeencuentro.com\/web\/wp-json\/wp\/v2\/posts\/10071\/revisions"}],"predecessor-version":[{"id":10079,"href":"https:\/\/adopcionpuntodeencuentro.com\/web\/wp-json\/wp\/v2\/posts\/10071\/revisions\/10079"}],"wp:featuredmedia":[{"embeddable":true,"href":"https:\/\/adopcionpuntodeencuentro.com\/web\/wp-json\/wp\/v2\/media\/10078"}],"wp:attachment":[{"href":"https:\/\/adopcionpuntodeencuentro.com\/web\/wp-json\/wp\/v2\/media?parent=10071"}],"wp:term":[{"taxonomy":"category","embeddable":true,"href":"https:\/\/adopcionpuntodeencuentro.com\/web\/wp-json\/wp\/v2\/categories?post=10071"},{"taxonomy":"post_tag","embeddable":true,"href":"https:\/\/adopcionpuntodeencuentro.com\/web\/wp-json\/wp\/v2\/tags?post=10071"}],"curies":[{"name":"wp","href":"https:\/\/api.w.org\/{rel}","templated":true}]}}