{"id":10801,"date":"2019-06-03T09:19:56","date_gmt":"2019-06-03T07:19:56","guid":{"rendered":"http:\/\/adopcionpuntodeencuentro.com\/web\/?p=10801"},"modified":"2019-06-03T09:19:56","modified_gmt":"2019-06-03T07:19:56","slug":"quien-es-cain-quien-abel-por-inigo-martinez-de-mandojana","status":"publish","type":"post","link":"https:\/\/adopcionpuntodeencuentro.com\/web\/quien-es-cain-quien-abel-por-inigo-martinez-de-mandojana\/","title":{"rendered":"Qui\u00e9n es Ca\u00edn, qui\u00e9n Abel. Por I\u00f1igo Mart\u00ednez de Mandojana"},"content":{"rendered":"<p><em>\u201cAbel cr\u00eda ovejas. A \u00e9l le gusta cuidar los corderitos. Estos crecen y llegan a ser ovejas grandes <\/em><\/p>\n<p><em>y pronto\u00a0Abel tiene un reba\u00f1o entero de ovejas para atenderlo. <\/em><\/p>\n<p><em>Ca\u00edn se ocupa del cultivo de granos y frutas y vegetales.\u00a0Un d\u00eda Ca\u00edn y Abel llevan un regalo a Dios. <\/em><\/p>\n<p><em>Ca\u00edn lleva alimento que ha cultivado. Y Abel lleva la mejor oveja que tiene.<\/em><\/p>\n<p><em><strong>A Jehov\u00e1 le agradan Abel y su regalo. Pero no le agradan Ca\u00edn ni su regalo.\u00a0<\/strong><\/em><\/p>\n<p><em>No es porque el regalo de Abel sea mejor que el de su hermano.<\/em><\/p>\n<p><em>Es porque Abel es bueno. Ama a Jehov\u00e1 y a su hermano. Pero Ca\u00edn es malo, no ama a su hermano.\u00a0<\/em><\/p>\n<p><em>Por eso Dios le dice a Ca\u00edn que tiene que cambiar.\u201d<\/em><\/p>\n<p>www.jw.org<\/p>\n<p><img loading=\"lazy\" decoding=\"async\" class=\"aligncenter wp-image-10815 size-full\" src=\"http:\/\/adopcionpuntodeencuentro.com\/web\/wp-content\/uploads\/abel-00001.jpg\" alt=\"\" width=\"1244\" height=\"678\" srcset=\"https:\/\/adopcionpuntodeencuentro.com\/web\/wp-content\/uploads\/abel-00001.jpg 1244w, https:\/\/adopcionpuntodeencuentro.com\/web\/wp-content\/uploads\/abel-00001-150x82.jpg 150w, https:\/\/adopcionpuntodeencuentro.com\/web\/wp-content\/uploads\/abel-00001-450x245.jpg 450w, https:\/\/adopcionpuntodeencuentro.com\/web\/wp-content\/uploads\/abel-00001-768x419.jpg 768w, https:\/\/adopcionpuntodeencuentro.com\/web\/wp-content\/uploads\/abel-00001-1024x558.jpg 1024w\" sizes=\"(max-width: 1244px) 100vw, 1244px\" \/><\/p>\n<p>A los que estamos en el d\u00eda a d\u00eda con ni\u00f1os, ni\u00f1as y adolescentes, seguramente nos habr\u00e1 saltado el piloto autom\u00e1tico al leer esta interpretaci\u00f3n del pasaje b\u00edblico del G\u00e9nesis.<\/p>\n<p>La historia se lleva repitiendo desde los comienzos del ser humano: el bueno y el malo.<\/p>\n<p>Todos nos hemos quedado siempre con la imagen de un Ca\u00edn envidioso, ego\u00edsta, asesino, pecador. Sin embargo, me sigue sorprendiendo c\u00f3mo nadie se ha volcado en el sutil y despiadado trato hacia el primog\u00e9nito por parte del supremo. Estamos ante el primer caso de maltrato emocional infantil\/adolescente con el que hemos comulgado siglos y siglos. Esta historia de buenos y malos, como si de una cinta hollywoodiense se tratara, la vivimos cada d\u00eda a trav\u00e9s de la piel de muchos ni\u00f1os y ni\u00f1as. A los cuales les dicen que no se portan bien, que est\u00e1n desmotivados, que son unos vagos o que son malas personas. Son acusados una y otra vez por el dedo que les tiene que pautar, guiar y comprender. Si est\u00e1s leyendo estas l\u00edneas es probable que tengas a tu cargo un ni\u00f1o o ni\u00f1a con muchas capacidades, que se ilusiona con las cosas, al que has visto desplegar habilidades y un gran talento, pero que en determinados contextos no encaja o necesita de una atenci\u00f3n y tratamiento espec\u00edfico. Quiz\u00e1s no son buenos criando ovejas, pero puede que sean unos\/as artistas dibujando, bailando, habilidosos, creativos o con un humor exquisito. Sin embargo predomina la visi\u00f3n sesgada de que son envidiosos, agresivos o que son depredadores de la atenci\u00f3n y cada vez ese rasgo se va comiendo cualquier atisbo apreciativo que puedan tener.<\/p>\n<p>El pasaje b\u00edblico se torna m\u00e1s desabrigado cuando Dios le insta a Ca\u00edn a cambiar, pero \u00e9ste no le hace caso porque est\u00e1 muy enojado. Vamos un cl\u00e1sico. \u201cCon lo f\u00e1cil que es hacerlas cosas bien\u201d, \u201cno ves que si te portas bien s\u00f3lo obtienes beneficios\u201d, \u201csi respetas a tus compa\u00f1eros\/as tendr\u00e1s m\u00e1s amigos\u201d&#8230; y un sin fin de misivas que enviamos a estos chicos y chicas con nuestra mejor intenci\u00f3n obviando el principio b\u00e1sico de la educaci\u00f3n, que si algo no est\u00e1 funcionando tal vez el que tiene que cambiar es el adulto y su manera de acercarse y acompa\u00f1arle.<\/p>\n<p><img loading=\"lazy\" decoding=\"async\" class=\"alignleft wp-image-10806 \" src=\"http:\/\/adopcionpuntodeencuentro.com\/web\/wp-content\/uploads\/abel-0003b-1024x575.jpg\" alt=\"\" width=\"685\" height=\"385\" srcset=\"https:\/\/adopcionpuntodeencuentro.com\/web\/wp-content\/uploads\/abel-0003b-1024x575.jpg 1024w, https:\/\/adopcionpuntodeencuentro.com\/web\/wp-content\/uploads\/abel-0003b-150x84.jpg 150w, https:\/\/adopcionpuntodeencuentro.com\/web\/wp-content\/uploads\/abel-0003b-450x253.jpg 450w, https:\/\/adopcionpuntodeencuentro.com\/web\/wp-content\/uploads\/abel-0003b-768x431.jpg 768w, https:\/\/adopcionpuntodeencuentro.com\/web\/wp-content\/uploads\/abel-0003b.jpg 1431w\" sizes=\"(max-width: 685px) 100vw, 685px\" \/><\/p>\n<p style=\"line-height: 150%; margin: 28.1pt .5pt .0001pt 72.25pt;\"><i><span style=\"font-size: 11.0pt; line-height: 150%; font-family: 'Arial','sans-serif'; color: black;\">Felipe es un preadolescente que ha sufrido un inicio de vida muy cruel. Fue criado por una abuela que no le quer\u00eda tras la muerte de su madre, donde su hermano peque\u00f1o se llev\u00f3 todas las atenciones y cuidados, mientras \u00e9l los palos y los reproches. Os pod\u00e9is imaginar la herida que un ni\u00f1o tiene que tener tras sentirse Ca\u00edn, hiciera lo que hiciera. Hoy en su despertar biol\u00f3gico hacia la adolescencia est\u00e1 rabioso, enojado y malhumorado casi todo el d\u00eda. En cuanto puede la paga con su hermano y muy pocas cosas le calman. Su padre siente mucha tristeza por \u00e9l, porque sabe muy bien por lo que tuvo que pasar, pero sin embargo estas situaciones le sacan de quicio y sacan su peor lado. Nadie reconoce a Felipe su derecho a estar rabioso y todo el mundo le pide que cambie, que no se puede comportar as\u00ed y que s\u00f3lo pierde \u00e9l.\u00a0<\/span><\/i><\/p>\n<p>La culpa, la verg\u00fcenza, la rabia, la nostalgia, la frustraci\u00f3n est\u00e1n presentes en su d\u00eda a d\u00eda y de manera inconsciente toman las riendas como en la peli de Inside out para humillar a su compa\u00f1ero, para romperle el l\u00e1piz, para escribir en el front\u00f3n del patio una obscenidad o interrumpir una y otra vez la clase. Y es una pescadilla que se muerde la cola, porque ese ajuste comportamental que hacen desde su dolor les trae m\u00e1s dolor, m\u00e1s inestabilidad, m\u00e1s desprecio. Y es curioso, porque uno de los factores m\u00e1s importantes para poder resiliar, para poder reparar ese da\u00f1o en palabras de Boris Cyrulnik es la presencia de alguien externo en el que apoyarnos. En realidad yo a\u00f1adir\u00eda que no es tan importante tener apoyos externos como saber que los tienes. Saber que tienes un puerto seguro. Por eso es tan vital que estos chicos y chicas sientan la sensibilidad de un adulto, como la sinti\u00f3 Abel cuando llev\u00f3 el cordero. Esa experiencia es transformadora y seguramente t\u00fa misma la hayas vivido en tus propias carnes con otras personas adultas.<\/p>\n<p>As\u00ed pues, nos encontramos ante la necesidad de presentarnos como una figura m\u00e1s fuerte, m\u00e1s sabia y m\u00e1s amable independientemente de los comportamientos inmediatos que desplieguen. Una presencia consciente que como dice Pepa Horno siempre est\u00e1 escaneando cualquier detalle y que percibe entre l\u00edneas. S\u00e9 que somos m\u00e1s sensibles a los traumas de los ni\u00f1os y ni\u00f1as cuando ponemos nombre y apellidos a esa fuente de dolor y les contamos que I\u00f1aki no duerme por las noches porque sus progenitores se pelean como en la Guerra de los Rose, o que M\u00e9lani sufri\u00f3 abusos por parte de su padre, o que lo m\u00e1s seguro y estable que tiene Juanjo en su vida es su ps4. En estos casos podemos dotar de algo de significado a sus acciones o comportamientos, pero el gran problema es que la mayor\u00eda de las veces no sabremos esas historias. Por eso tenemos el reto de ser portadores e intentar contagiar esa mirada comprensiva a otros adultos que van a acoger a esos ni\u00f1os, ni\u00f1as y adolescentes m\u00e1s all\u00e1 de sus conductas.<\/p>\n<p>El modelo comprensivo que como padres, madres o criadores terap\u00e9uticos tenemos que interiorizar y socializar, parte de la necesidad de ver esas conductas como un ajuste creativo (t\u00e9rmino que he escuchado a Lola Pav\u00f3n) que lanza el ni\u00f1o y ni\u00f1a interior para protegerse. Es en ese momento cuando podemos sospechar que algo no va bien y que nuestras alarmas tienen que desplegarse para buscar un para qu\u00e9.<\/p>\n<p><img loading=\"lazy\" decoding=\"async\" class=\"alignleft wp-image-10816 \" src=\"http:\/\/adopcionpuntodeencuentro.com\/web\/wp-content\/uploads\/abel-0002-1024x553.jpg\" alt=\"\" width=\"685\" height=\"370\" srcset=\"https:\/\/adopcionpuntodeencuentro.com\/web\/wp-content\/uploads\/abel-0002-1024x553.jpg 1024w, https:\/\/adopcionpuntodeencuentro.com\/web\/wp-content\/uploads\/abel-0002-150x81.jpg 150w, https:\/\/adopcionpuntodeencuentro.com\/web\/wp-content\/uploads\/abel-0002-450x243.jpg 450w, https:\/\/adopcionpuntodeencuentro.com\/web\/wp-content\/uploads\/abel-0002-768x415.jpg 768w, https:\/\/adopcionpuntodeencuentro.com\/web\/wp-content\/uploads\/abel-0002.jpg 1436w\" sizes=\"(max-width: 685px) 100vw, 685px\" \/><\/p>\n<p style=\"line-height: 150%; margin: 27.85pt .25pt .0001pt 72.25pt;\"><i><span style=\"font-size: 11.0pt; line-height: 150%; font-family: 'Arial','sans-serif'; color: black;\">No conozco a Asier, es compa\u00f1ero de mi hijo, pero tiene el rechazo y el\u00a0<\/span><\/i><i><span style=\"font-size: 11.0pt; line-height: 150%; font-family: 'Arial','sans-serif'; color: black;\">miedo de muchos de los ni\u00f1os y ni\u00f1as de la Ikastola desde infantil. Las historias que circulan en las bocas de los padres y madres en el patio son las de un ni\u00f1o que humilla, agrede, desprecia&#8230; Mi hijo tambi\u00e9n lo ha pasado mal y nosotros con \u00e9l pero, \u00bfqu\u00e9 habr\u00e1 detr\u00e1s de toda esa fachada y esas historias? Yo creo que sufrimiento, mucha frustraci\u00f3n y una manera de sobrevivir. El colegio es un examen continuo para muchos ni\u00f1os y ni\u00f1as a nivel de competencias no s\u00f3lo acad\u00e9micas sino tambi\u00e9n relacionales, emocionales e incluso f\u00edsicas. Lo que para muchos es un placer y algo espont\u00e1neo para otros es un gasto de energ\u00eda intraps\u00edquica brutal que muchas veces no tienen o no es suficiente, por lo que hay que activar otros recursos de supervivencia que te permitan compensar ese d\u00e9ficit. Indagando un poco m\u00e1s en la historia de Asier, vemos que se ha rodeado de otros ni\u00f1os con dificultades de relaci\u00f3n a los que literalmente domina y tiene como s\u00fabditos porque ellos sienten que es mejor estar en ese puesto que en el de blanco f\u00e1cil. Cualquier movimiento que sienta Asier de abandono de su grupo le irrita y lo censura. Creo que son muchas pistas y muy reveladoras.<\/span><\/i><\/p>\n<p>As\u00ed pues, no perdamos de vista qui\u00e9n es Ca\u00edn y qui\u00e9n Abel, qui\u00e9n es la v\u00edctima y qui\u00e9n el agresor, qui\u00e9n es el bueno y qui\u00e9n el malo. Muchas veces hacemos el juicio demasiado r\u00e1pido y defenestramos el trabajo de Ca\u00edn porque nos incomoda c\u00f3mo es.<\/p>\n<div class='divider' > <\/div>\n<p><a href=\"https:\/\/www.biraka.org\/equipo-humano\/\"><img loading=\"lazy\" decoding=\"async\" class=\"aligncenter wp-image-7826 size-full\" src=\"http:\/\/adopcionpuntodeencuentro.com\/web\/wp-content\/uploads\/i\u00f1igo-BIOGRAF\u00cdA-libro.png\" alt=\"\" width=\"1324\" height=\"434\" srcset=\"https:\/\/adopcionpuntodeencuentro.com\/web\/wp-content\/uploads\/i\u00f1igo-BIOGRAF\u00cdA-libro.png 1324w, https:\/\/adopcionpuntodeencuentro.com\/web\/wp-content\/uploads\/i\u00f1igo-BIOGRAF\u00cdA-libro-150x49.png 150w, https:\/\/adopcionpuntodeencuentro.com\/web\/wp-content\/uploads\/i\u00f1igo-BIOGRAF\u00cdA-libro-400x131.png 400w, https:\/\/adopcionpuntodeencuentro.com\/web\/wp-content\/uploads\/i\u00f1igo-BIOGRAF\u00cdA-libro-768x252.png 768w, https:\/\/adopcionpuntodeencuentro.com\/web\/wp-content\/uploads\/i\u00f1igo-BIOGRAF\u00cdA-libro-600x197.png 600w\" sizes=\"(max-width: 1324px) 100vw, 1324px\" \/><\/a><\/p>\n<div class='divider' > <\/div>\n<a href=\"http:\/\/services.codeeta.com\/widget\/v3\/70045?\" rel=\"attachment wp-att-8074\"><img loading=\"lazy\" decoding=\"async\" class=\"alignleft wp-image-8074 size-full\" src=\"http:\/\/adopcionpuntodeencuentro.com\/web\/wp-content\/uploads\/boton-compradeoxitocina.png\" alt=\"\" width=\"161\" height=\"278\" srcset=\"https:\/\/adopcionpuntodeencuentro.com\/web\/wp-content\/uploads\/boton-compradeoxitocina.png 161w, https:\/\/adopcionpuntodeencuentro.com\/web\/wp-content\/uploads\/boton-compradeoxitocina-87x150.png 87w\" sizes=\"(max-width: 161px) 100vw, 161px\" \/><\/a><\/p>\n","protected":false},"excerpt":{"rendered":"<p>Todos nos hemos quedado siempre con la imagen de un Ca\u00edn envidioso, ego\u00edsta, asesino, pecador. Esta historia de buenos y malos, como si de una cinta hollywoodiense se tratara, la vivimos cada d\u00eda a trav\u00e9s de la piel de muchos ni\u00f1os y ni\u00f1as. Son acusados una y otra vez por el dedo que les tiene que pautar, guiar y comprender.<\/p>\n","protected":false},"author":1,"featured_media":10808,"comment_status":"open","ping_status":"open","sticky":false,"template":"","format":"standard","meta":{"footnotes":""},"categories":[113,17,4,11,253,1],"tags":[49,230,65,70],"_links":{"self":[{"href":"https:\/\/adopcionpuntodeencuentro.com\/web\/wp-json\/wp\/v2\/posts\/10801"}],"collection":[{"href":"https:\/\/adopcionpuntodeencuentro.com\/web\/wp-json\/wp\/v2\/posts"}],"about":[{"href":"https:\/\/adopcionpuntodeencuentro.com\/web\/wp-json\/wp\/v2\/types\/post"}],"author":[{"embeddable":true,"href":"https:\/\/adopcionpuntodeencuentro.com\/web\/wp-json\/wp\/v2\/users\/1"}],"replies":[{"embeddable":true,"href":"https:\/\/adopcionpuntodeencuentro.com\/web\/wp-json\/wp\/v2\/comments?post=10801"}],"version-history":[{"count":16,"href":"https:\/\/adopcionpuntodeencuentro.com\/web\/wp-json\/wp\/v2\/posts\/10801\/revisions"}],"predecessor-version":[{"id":10822,"href":"https:\/\/adopcionpuntodeencuentro.com\/web\/wp-json\/wp\/v2\/posts\/10801\/revisions\/10822"}],"wp:featuredmedia":[{"embeddable":true,"href":"https:\/\/adopcionpuntodeencuentro.com\/web\/wp-json\/wp\/v2\/media\/10808"}],"wp:attachment":[{"href":"https:\/\/adopcionpuntodeencuentro.com\/web\/wp-json\/wp\/v2\/media?parent=10801"}],"wp:term":[{"taxonomy":"category","embeddable":true,"href":"https:\/\/adopcionpuntodeencuentro.com\/web\/wp-json\/wp\/v2\/categories?post=10801"},{"taxonomy":"post_tag","embeddable":true,"href":"https:\/\/adopcionpuntodeencuentro.com\/web\/wp-json\/wp\/v2\/tags?post=10801"}],"curies":[{"name":"wp","href":"https:\/\/api.w.org\/{rel}","templated":true}]}}