{"id":10903,"date":"2019-06-28T09:54:01","date_gmt":"2019-06-28T07:54:01","guid":{"rendered":"http:\/\/adopcionpuntodeencuentro.com\/web\/?p=10903"},"modified":"2019-06-28T09:54:01","modified_gmt":"2019-06-28T07:54:01","slug":"adopcine-con-jose-ignacio-diaz-carvajal-la-escuela-de-la-vida","status":"publish","type":"post","link":"https:\/\/adopcionpuntodeencuentro.com\/web\/adopcine-con-jose-ignacio-diaz-carvajal-la-escuela-de-la-vida\/","title":{"rendered":"ADOPCINE con Jos\u00e9 Ignacio D\u00edaz Carvajal. La Escuela de la Vida."},"content":{"rendered":"<p>\u00abLa Escuela de la Vida\u00bb de 2017 es una pel\u00edcula dirigida por el franc\u00e9s Nicolas Vanier, que nos habla de la adopci\u00f3n al principio del siglo XX. Con todas sus carencias.<\/p>\n<p>Pero nos lo cuenta como un cuento, de final feliz. Y eso hace de esta pel\u00edcula, ideal para verla en familia, y poder hablar de los temas de la adopci\u00f3n sin problemas. Y sobre todo del tema de los or\u00edgenes.<\/p>\n<p>En este caso el ni\u00f1o es ajeno de sus or\u00edgenes, cosa que los dem\u00e1s protagonistas de la historia no lo son. Y esto va causando determinadas situaciones interesantes para la trama. Y por otro lado que llevar\u00e1n al ni\u00f1o hasta su destino final, de conocer su verdadera historia, antes de su abandono.<\/p>\n<p>Una pel\u00edcula para todos los p\u00fablicos.<br \/>\n<strong><a href=\"http:\/\/adopcionpuntodeencuentro.com\/web\/wp-content\/uploads\/ADOPCINE.png\"><img loading=\"lazy\" decoding=\"async\" class=\"alignleft wp-image-2396\" src=\"http:\/\/adopcionpuntodeencuentro.com\/web\/wp-content\/uploads\/ADOPCINE.png\" alt=\"ADOPCINE\" width=\"270\" height=\"99\" srcset=\"https:\/\/adopcionpuntodeencuentro.com\/web\/wp-content\/uploads\/ADOPCINE.png 1136w, https:\/\/adopcionpuntodeencuentro.com\/web\/wp-content\/uploads\/ADOPCINE-150x55.png 150w, https:\/\/adopcionpuntodeencuentro.com\/web\/wp-content\/uploads\/ADOPCINE-300x110.png 300w, https:\/\/adopcionpuntodeencuentro.com\/web\/wp-content\/uploads\/ADOPCINE-600x219.png 600w\" sizes=\"(max-width: 270px) 100vw, 270px\" \/><\/a><\/strong><\/p>\n<p>&nbsp;<\/p>\n<p><strong>Es el cine desde la mirada adoptiva.<\/strong><strong>\u00a0<\/strong><strong>\u00a0Secci\u00f3n dirigida por\u00a0<\/strong><strong>\u00a0<a title=\"JIgnacio biograf\u00eda\" href=\"http:\/\/wp.me\/p56Gk1-p9\" target=\"_blank\" rel=\"noopener\">J.Ignacio D\u00edaz Carvajal,<\/a>\u00a0que\u00a0 cada semana nos propone una pel\u00edcula con tem\u00e1tica adoptiva adem\u00e1s nos brinda una psinopsis y toda la informaci\u00f3n sobre la pel\u00edcula que nos sugiere.<\/strong><\/p>\n<p>&nbsp;<\/p>\n<h1><span style=\"color: #ed114b;\">La Escuela de la Vida\u00a0<\/span><span style=\"color: #ed073d;\">(L&#8217;\u00e9cole buissonni\u00e8re)\u00a0<\/span><span style=\"color: #ed114b;\">(2017)<\/span><\/h1>\n<p><img loading=\"lazy\" decoding=\"async\" class=\"alignleft wp-image-10905 size-large\" src=\"http:\/\/adopcionpuntodeencuentro.com\/web\/wp-content\/uploads\/l_ecole_buissonniere-172573467-large-564x768.jpg\" alt=\"\" width=\"564\" height=\"768\" srcset=\"https:\/\/adopcionpuntodeencuentro.com\/web\/wp-content\/uploads\/l_ecole_buissonniere-172573467-large-564x768.jpg 564w, https:\/\/adopcionpuntodeencuentro.com\/web\/wp-content\/uploads\/l_ecole_buissonniere-172573467-large-110x150.jpg 110w, https:\/\/adopcionpuntodeencuentro.com\/web\/wp-content\/uploads\/l_ecole_buissonniere-172573467-large-330x450.jpg 330w, https:\/\/adopcionpuntodeencuentro.com\/web\/wp-content\/uploads\/l_ecole_buissonniere-172573467-large-768x1046.jpg 768w, https:\/\/adopcionpuntodeencuentro.com\/web\/wp-content\/uploads\/l_ecole_buissonniere-172573467-large.jpg 881w\" sizes=\"(max-width: 564px) 100vw, 564px\" \/>Director: Nicolas Vanier<br \/>\nFrancia<br \/>\n2017<br \/>\nDrama, comedia.<\/p>\n<p>Sinopsis:<br \/>\nPar\u00eds, 1927. Paul, un ni\u00f1o que vive en un orfanato de un barrio obrero de Par\u00eds, es adoptado por Celestine, una criada de un conde, y su marido, el guardabosques, que trabajan en una gran finca en Sologne. Acostumbrado a la vida en la ciudad, el chico llega a un mundo misterioso e inquietante, una regi\u00f3n salvaje con un inmenso bosque, estanques y cultivos. Todo pertenece al conde de La Fresnaye, un viudo taciturno que vive solo en su mansi\u00f3n. En los bosques del conde hay varios pescadores y cazadores furtivos, como Totoche, el m\u00e1s escurridizo de todos. Cuando Paul conoce a Totoche, \u00e9ste le ense\u00f1ar\u00e1 todos los secretos del bosque. (FILMAFFINITY)<\/p>\n<p>Valoraci\u00f3n cin\u00e9fila 7\/10<br \/>\nValoraci\u00f3n adopci\u00f3n 8\/10<\/p>\n<p>Pel\u00edcula para todos los p\u00fablicos, que retrata una situaci\u00f3n de adopci\u00f3n, en plan cuento que acaba bien.<br \/>\nNarra la historia de Paul, que es acogido por una familia relacionada con la madre, que muri\u00f3 en su parto.<\/p>\n<p>Lo llevan a vivir a las tierras del conde de La Fresnaye y empieza a vivir unas aventuras que le ayudaran a madurar y crecer. Pero todo est\u00e1 envuelto en unos secretos, de los que son part\u00edcipes casi todos los adultos, pero que el ni\u00f1o ignora. Y se le dan versiones diferentes sobre su origen, aunque los espectadores, tenemos la impresi\u00f3n de que nos van a dar alguna sorpresa con qui\u00e9n es su padre y su madre.<\/p>\n<p>No es una pel\u00edcula que refleje la adopci\u00f3n desde el punto de vista actual. El ni\u00f1o es criado en un orfanato al uso a principios del siglo XX. Y se hace todo con la poqu\u00edsima consideraci\u00f3n que se hac\u00eda en aquella \u00e9poca, hacia los ni\u00f1os adoptados: tratarlos casi como mano de obra para el nuevo hogar.<br \/>\nUna pel\u00edcula familiar , bonita, entretenida, que la recomiendo para poder tratar el tema de la adopci\u00f3n en familia. Y hablar de los or\u00edgenes.<\/p>\n<p><iframe loading=\"lazy\" src=\"https:\/\/www.youtube.com\/embed\/mZky2gx2hpc\" width=\"560\" height=\"315\" frameborder=\"0\" allowfullscreen=\"allowfullscreen\"><\/iframe><br \/>\n<div class='divider' > <\/div>\n<a href=\"http:\/\/peliculasyadopcion.blogspot.com.es\/\" target=\"_blank\" rel=\"noopener noreferrer\"><img loading=\"lazy\" decoding=\"async\" class=\"aligncenter wp-image-6538 size-full\" src=\"http:\/\/adopcionpuntodeencuentro.com\/web\/wp-content\/uploads\/JOSEIGNACIOBIOGRAF\u00cda-con-possit.jpg\" alt=\"\" width=\"889\" height=\"438\" srcset=\"https:\/\/adopcionpuntodeencuentro.com\/web\/wp-content\/uploads\/JOSEIGNACIOBIOGRAF\u00cda-con-possit.jpg 889w, https:\/\/adopcionpuntodeencuentro.com\/web\/wp-content\/uploads\/JOSEIGNACIOBIOGRAF\u00cda-con-possit-150x74.jpg 150w, https:\/\/adopcionpuntodeencuentro.com\/web\/wp-content\/uploads\/JOSEIGNACIOBIOGRAF\u00cda-con-possit-400x197.jpg 400w, https:\/\/adopcionpuntodeencuentro.com\/web\/wp-content\/uploads\/JOSEIGNACIOBIOGRAF\u00cda-con-possit-768x378.jpg 768w, https:\/\/adopcionpuntodeencuentro.com\/web\/wp-content\/uploads\/JOSEIGNACIOBIOGRAF\u00cda-con-possit-600x296.jpg 600w\" sizes=\"(max-width: 889px) 100vw, 889px\" \/><\/a><\/p>\n<h3><strong>Para saber m\u00e1s sobre Jos\u00e9 Ignacio D\u00edaz Carvajal pincha en la imagen.<br \/>\n<\/strong><\/h3>\n<p>&nbsp;<\/p>\n","protected":false},"excerpt":{"rendered":"<p>Una pel\u00edcula dirigida por el franc\u00e9s Nicolas Vanier, que nos habla de la adopci\u00f3n al principio del siglo XX. Con todas sus carencias. Pero nos lo cuenta como un cuento, de final feliz. Y eso hace de esta pel\u00edcula, ideal para verla en familia, y poder hablar de los temas de la adopci\u00f3n sin problemas. Y sobre todo del tema de los or\u00edgenes.<\/p>\n","protected":false},"author":1,"featured_media":10905,"comment_status":"open","ping_status":"open","sticky":false,"template":"","format":"standard","meta":{"footnotes":""},"categories":[86,113,1],"tags":[],"_links":{"self":[{"href":"https:\/\/adopcionpuntodeencuentro.com\/web\/wp-json\/wp\/v2\/posts\/10903"}],"collection":[{"href":"https:\/\/adopcionpuntodeencuentro.com\/web\/wp-json\/wp\/v2\/posts"}],"about":[{"href":"https:\/\/adopcionpuntodeencuentro.com\/web\/wp-json\/wp\/v2\/types\/post"}],"author":[{"embeddable":true,"href":"https:\/\/adopcionpuntodeencuentro.com\/web\/wp-json\/wp\/v2\/users\/1"}],"replies":[{"embeddable":true,"href":"https:\/\/adopcionpuntodeencuentro.com\/web\/wp-json\/wp\/v2\/comments?post=10903"}],"version-history":[{"count":4,"href":"https:\/\/adopcionpuntodeencuentro.com\/web\/wp-json\/wp\/v2\/posts\/10903\/revisions"}],"predecessor-version":[{"id":10908,"href":"https:\/\/adopcionpuntodeencuentro.com\/web\/wp-json\/wp\/v2\/posts\/10903\/revisions\/10908"}],"wp:featuredmedia":[{"embeddable":true,"href":"https:\/\/adopcionpuntodeencuentro.com\/web\/wp-json\/wp\/v2\/media\/10905"}],"wp:attachment":[{"href":"https:\/\/adopcionpuntodeencuentro.com\/web\/wp-json\/wp\/v2\/media?parent=10903"}],"wp:term":[{"taxonomy":"category","embeddable":true,"href":"https:\/\/adopcionpuntodeencuentro.com\/web\/wp-json\/wp\/v2\/categories?post=10903"},{"taxonomy":"post_tag","embeddable":true,"href":"https:\/\/adopcionpuntodeencuentro.com\/web\/wp-json\/wp\/v2\/tags?post=10903"}],"curies":[{"name":"wp","href":"https:\/\/api.w.org\/{rel}","templated":true}]}}