{"id":10934,"date":"2018-09-04T14:37:12","date_gmt":"2018-09-04T12:37:12","guid":{"rendered":"http:\/\/adopcionpuntodeencuentro.com\/web\/?p=10934"},"modified":"2021-02-17T09:33:08","modified_gmt":"2021-02-17T08:33:08","slug":"guia-manual-fortaleciendo-las-competencias-aprender-de-los-fracasos-en-la-adopcion-internacional","status":"publish","type":"post","link":"https:\/\/adopcionpuntodeencuentro.com\/web\/guia-manual-fortaleciendo-las-competencias-aprender-de-los-fracasos-en-la-adopcion-internacional\/","title":{"rendered":"GU\u00cdA MANUAL. Fortaleciendo las competencias: Aprender de los fracasos en la adopci\u00f3n internacional"},"content":{"rendered":"<p><strong><img loading=\"lazy\" decoding=\"async\" class=\"alignleft wp-image-10936 size-large\" src=\"http:\/\/adopcionpuntodeencuentro.com\/web\/wp-content\/uploads\/fortaleciendo-617x768.jpg\" alt=\"\" width=\"617\" height=\"768\" srcset=\"https:\/\/adopcionpuntodeencuentro.com\/web\/wp-content\/uploads\/fortaleciendo-617x768.jpg 617w, https:\/\/adopcionpuntodeencuentro.com\/web\/wp-content\/uploads\/fortaleciendo-121x150.jpg 121w, https:\/\/adopcionpuntodeencuentro.com\/web\/wp-content\/uploads\/fortaleciendo-362x450.jpg 362w, https:\/\/adopcionpuntodeencuentro.com\/web\/wp-content\/uploads\/fortaleciendo.jpg 707w\" sizes=\"(max-width: 617px) 100vw, 617px\" \/><\/strong><\/p>\n[&#8230;] Esta recopilaci\u00f3n es una herramienta particularmente \u00fatil.\u00a0Recolectando y compartiendo reflexiones de profesionales\u00a0experimentados, pr\u00e1cticas confrontadas con realidades\u00a0diversas, an\u00e1lisis honestos de logros y l\u00edmites, esta publicaci\u00f3n\u00a0es un instrumento de conocimiento y enriquecimiento concreto\u00a0para todas y todos aquellos que quieran progresar en su\u00a0acci\u00f3n profesional o en su experiencia familiar. Legisladores,\u00a0Autoridades Centrales, autoridades administrativas y\u00a0judiciales, profesionales del terreno concernidos por la\u00a0protecci\u00f3n de los ni\u00f1os y ni\u00f1as privados temporalmente\u00a0o permanentemente de una familia estable, adoptantes o\u00a0candidatos a la adopci\u00f3n, personas adultas adoptadas.<\/p>\n<p>Esta publicaci\u00f3n logra la apuesta de transformar los \u201cfracasos\u201d,\u00a0generalmente considerados como tab\u00fa, en un elemento\u00a0positivo. Su an\u00e1lisis permite mejorar los criterios, transformar\u00a0las pr\u00e1cticas y pensar \u201cen la prevenci\u00f3n\u201d de los riesgos.<\/p>\n<p>Ayuda a elaborar las capacitaciones de los profesionales, la\u00a0preparaci\u00f3n de padres y ni\u00f1os y ni\u00f1as, el seguimiento postadoptivo,\u00a0herramientas de trabajo y de vida. A trav\u00e9s de los\u00a0intercambios de este documento, sentimos una solidaridad\u00a0internacional, una confianza intercontinental en la b\u00fasqueda\u00a0de lo mejor en beneficio del ni\u00f1o o ni\u00f1o y de la familia que\u00a0lo recibir\u00e1. Es decir que, entre 1990 cuando comenzaron los\u00a0trabajos preparatorios del Convenio de la Haya y hoy, se ha\u00a0logrado mucho y es reconfortante.<\/p>\n[&#8230;]\n<p>Pero esta lectura tambi\u00e9n nos hace percibir que a\u00fan queda\u00a0mucho por hacer. En primer lugar, para extender estas\u00a0reflexiones, pr\u00e1cticas y legislaciones all\u00ed d\u00f3nde faltan. No\u00a0solo para las\u00a0 adopciones internacionales, sino tambi\u00e9n para\u00a0las adopciones nacionales y para el acogimiento familiar o\u00a0el acogimiento en instituciones. Luego, para adaptar mejor\u00a0las capacitaciones, las preparaciones y los apoyos a las\u00a0diversidades de los ni\u00f1os y ni\u00f1as y de los padres concernidos,\u00a0tanto biol\u00f3gicos como adoptivos.<\/p>\n<p>Finalmente para ampliar el campo de investigaci\u00f3n y de acci\u00f3n relacionado con el \u201cfracaso\u201d:<\/p>\n[&#8230;]\n<p>Mucho se ha hecho en las \u00faltimas d\u00e9cadas. Mucho queda por\u00a0hacer, m\u00e1s a\u00fan cuando la evoluci\u00f3n de la ciencia y de las\u00a0sociedades complica las problem\u00e1ticas.\u00a0Compartir y cooperar son definitivamente la \u00fanica manera de\u00a0avanzar m\u00e1s eficazmente.\u00a0Apostemos a que la red internacional del SSI\/CIR contin\u00fae a\u00a0ofrecerles una plataforma creativa.<\/p>\n<h3><strong>Chantal Saclier.\u00a0<\/strong>Fundadora del Centro Internacional de Referencia para los Derechos del Ni\u00f1o Privado de Familia,\u00a0Programa del Servicio Social Internacional.<\/h3>\n<p><strong>Publicado por:<\/strong> Servicio Social Internacional Centro Internacional de Referencia para los Derechos del Ni\u00f1o Privado de Familia.<\/p>\n<p><strong>ISBN :<\/strong> 978-2-9701140-5-5<\/p>\n<p><strong>Editora<\/strong>: C\u00e9cile Jeannin.\u00a0\u00a0(2018). Fortaleciendo las competencias:Aprender de los fracasos en la adopci\u00f3n internacional. Ginebra, Suiza: Servicio Social Internacional<\/p>\n<p><strong>Coeditores:<\/strong> Bernadette Abejo, Ana Ber\u00e1stegui Pedro-Viejo,\u00a0Bernadette Bonkoungou, Laurie C. Miller, Claudia Cabral ,Sitara,\u00a0Chamot y Sinta, Marco Chistolini, Dr. Fanny Cohen Herlem,<\/p>\n<p>Janie Cravens, Fr\u00e9d\u00e9rique Delatour, Christine Delepi\u00e8re, MariaDor\u00e9, Ina Dulanjani Dygaard, Violeta Elefterie, Lina M. Estrada Jaramillo, Laura Ferrari, Patricia Fronek, C\u00e9line Giraud, Ga\u00eblle\u00a0 Grilo, Anna Guerrieri, Alicia Aguilar Guti\u00e9rrez, Bente Hoseth,\u00a0Odeta Inte, Jes\u00fas M. Jim\u00e9nez-Morazo, Jaime Ledesma\u00a0del Busto, Johanne Lemieux, Monica Malaguti, Sophie\u00a0Marinopoulos, Laura Mart\u00ednez-Mora, Dr. Ulrike M\u00f6ller-Bierth,\u00a0Raquel Morales, Javier M\u00fagica Flores, Victoria Musatova,\u00a0Jes\u00fas Palacios, Carmen Paniagua, Nathalie Parent, Sandrine\u00a0P\u00e9pit, Dr. Marie Odile P\u00e9rouse de Montclos, Sandi Petersen,\u00a0Julien Pierron, Sonia Ranieri, Alberto Rodriguez Gonzalez,\u00a0Rosa Rosnati, Chantal Saclier, Alphonsine T. Sawadogo, Ruth\u00a0Sch\u00fcrb\u00fcscher, Fr\u00e9d\u00e9ric Sorge, Lizley Tantale\u00e1n y Anna Taxell.<\/p>\n<p><strong>Dise\u00f1o e ilustraciones:<\/strong> www.transformbrands.co.uk<\/p>\n<h1><a href=\"https:\/\/bettercarenetwork.org\/sites\/default\/files\/ICA_Breakdowns_ESP.pdf\" target=\"_blank\" rel=\"noopener noreferrer\">Accede al documento AQU\u00cd<\/a><\/h1>\n","protected":false},"excerpt":{"rendered":"<p>Una herramienta muy \u00fatil.\u00a0que recolecta y comparte reflexiones de profesionales\u00a0experimentados, pr\u00e1cticas confrontadas con realidades\u00a0diversas, an\u00e1lisis honestos de logros y l\u00edmites. Esta publicaci\u00f3n\u00a0es un instrumento de conocimiento y enriquecimiento concreto\u00a0para todas y todos aquellos que quieran progresar en su\u00a0acci\u00f3n profesional o en su experiencia familiar. <\/p>\n","protected":false},"author":1,"featured_media":10937,"comment_status":"open","ping_status":"open","sticky":false,"template":"","format":"standard","meta":{"footnotes":""},"categories":[53,5,9,24,1],"tags":[],"_links":{"self":[{"href":"https:\/\/adopcionpuntodeencuentro.com\/web\/wp-json\/wp\/v2\/posts\/10934"}],"collection":[{"href":"https:\/\/adopcionpuntodeencuentro.com\/web\/wp-json\/wp\/v2\/posts"}],"about":[{"href":"https:\/\/adopcionpuntodeencuentro.com\/web\/wp-json\/wp\/v2\/types\/post"}],"author":[{"embeddable":true,"href":"https:\/\/adopcionpuntodeencuentro.com\/web\/wp-json\/wp\/v2\/users\/1"}],"replies":[{"embeddable":true,"href":"https:\/\/adopcionpuntodeencuentro.com\/web\/wp-json\/wp\/v2\/comments?post=10934"}],"version-history":[{"count":4,"href":"https:\/\/adopcionpuntodeencuentro.com\/web\/wp-json\/wp\/v2\/posts\/10934\/revisions"}],"predecessor-version":[{"id":13565,"href":"https:\/\/adopcionpuntodeencuentro.com\/web\/wp-json\/wp\/v2\/posts\/10934\/revisions\/13565"}],"wp:featuredmedia":[{"embeddable":true,"href":"https:\/\/adopcionpuntodeencuentro.com\/web\/wp-json\/wp\/v2\/media\/10937"}],"wp:attachment":[{"href":"https:\/\/adopcionpuntodeencuentro.com\/web\/wp-json\/wp\/v2\/media?parent=10934"}],"wp:term":[{"taxonomy":"category","embeddable":true,"href":"https:\/\/adopcionpuntodeencuentro.com\/web\/wp-json\/wp\/v2\/categories?post=10934"},{"taxonomy":"post_tag","embeddable":true,"href":"https:\/\/adopcionpuntodeencuentro.com\/web\/wp-json\/wp\/v2\/tags?post=10934"}],"curies":[{"name":"wp","href":"https:\/\/api.w.org\/{rel}","templated":true}]}}