{"id":11061,"date":"2019-09-25T12:58:12","date_gmt":"2019-09-25T10:58:12","guid":{"rendered":"http:\/\/adopcionpuntodeencuentro.com\/web\/?p=11061"},"modified":"2019-09-25T12:58:12","modified_gmt":"2019-09-25T10:58:12","slug":"adopcionario-abandono","status":"publish","type":"post","link":"https:\/\/adopcionpuntodeencuentro.com\/web\/adopcionario-abandono\/","title":{"rendered":"ADOPCIONARIO. ABANDONO."},"content":{"rendered":"<p><img loading=\"lazy\" decoding=\"async\" class=\"alignleft wp-image-11062 \" src=\"http:\/\/adopcionpuntodeencuentro.com\/web\/wp-content\/uploads\/LOGO-ADOPCIONARIO-1024x374.jpg\" alt=\"\" width=\"670\" height=\"244\" srcset=\"https:\/\/adopcionpuntodeencuentro.com\/web\/wp-content\/uploads\/LOGO-ADOPCIONARIO-1024x374.jpg 1024w, https:\/\/adopcionpuntodeencuentro.com\/web\/wp-content\/uploads\/LOGO-ADOPCIONARIO-150x55.jpg 150w, https:\/\/adopcionpuntodeencuentro.com\/web\/wp-content\/uploads\/LOGO-ADOPCIONARIO-450x164.jpg 450w, https:\/\/adopcionpuntodeencuentro.com\/web\/wp-content\/uploads\/LOGO-ADOPCIONARIO-768x280.jpg 768w, https:\/\/adopcionpuntodeencuentro.com\/web\/wp-content\/uploads\/LOGO-ADOPCIONARIO.jpg 1543w\" sizes=\"(max-width: 670px) 100vw, 670px\" \/>En esta secci\u00f3n iremos recogiendo palabras que forman el vocabulario adoptivo. La definici\u00f3n de la palabra ir\u00e1 acompa\u00f1ada de art\u00edculos que hablen sobre el concepto que se intenta definir.<\/p>\n<p>Es una secci\u00f3n abierta que pod\u00e9is enriquecer, tanto si eres familia adoptiva o profesional con trabajos y art\u00edculos que consideres relevantes enviando los enlaces a nuestro correo\u00a0<strong>adopcionario@gmail.com para que podamos a\u00f1adirlos a la entrada correspondiente a cada palabra.\u00a0<\/strong><\/p>\n<p>&nbsp;<\/p>\n<h1><span style=\"color: #f20752;\"><strong>ABANDONO<\/strong><\/span><\/h1>\n<h3><em>Se trata de la delegaci\u00f3n total de los padres\/tutores del cuidado del ni\u00f1o en otras personas, con desaparici\u00f3n f\u00edsica y desentendimiento completo de la compa\u00f1\u00eda y cuidado del ni\u00f1o.<\/em><\/h3>\n<p><a href=\"http:\/\/www.carm.es\/web\/pagina?IDCONTENIDO=5320&amp;IDTIPO=11&amp;RASTRO=c376$m5988\" target=\"_blank\" rel=\"noopener\">Abrir fuente.<\/a><\/p>\n<h4><span style=\"color: #f20752;\"><strong>Art\u00edculos sobre el ABANDONO:<\/strong><\/span><\/h4>\n<blockquote class=\"wp-embedded-content\" data-secret=\"qzyPlrWX1w\"><p><a href=\"http:\/\/adopcionpuntodeencuentro.com\/web\/el-reto-de-la-reparacion-de-las-secuelas-del-abandono-a-lo-largo-del-proceso-de-integracion-escolar-javier-mugica-flores\/\">El reto de la reparaci\u00f3n de las secuelas del abandono a lo largo del proceso de integraci\u00f3n escolar. Javier M\u00fagica Flores<\/a><\/p><\/blockquote>\n<p><iframe class=\"wp-embedded-content\" sandbox=\"allow-scripts\" security=\"restricted\" style=\"position: absolute; clip: rect(1px, 1px, 1px, 1px);\" src=\"http:\/\/adopcionpuntodeencuentro.com\/web\/el-reto-de-la-reparacion-de-las-secuelas-del-abandono-a-lo-largo-del-proceso-de-integracion-escolar-javier-mugica-flores\/embed\/#?secret=qzyPlrWX1w\" data-secret=\"qzyPlrWX1w\" width=\"600\" height=\"338\" title=\"&#171;El reto de la reparaci\u00f3n de las secuelas del abandono a lo largo del proceso de integraci\u00f3n escolar. Javier M\u00fagica Flores&#187; &#8212; adopci\u00f3n punto de encuentro\" frameborder=\"0\" marginwidth=\"0\" marginheight=\"0\" scrolling=\"no\"><\/iframe><\/p>\n<blockquote class=\"wp-embedded-content\" data-secret=\"plHXC8Mi77\"><p><a href=\"http:\/\/adopcionpuntodeencuentro.com\/web\/no-es-devolucion-es-abandono\/\">No es devoluci\u00f3n, es abandono. Por Juan A. Casalilla Gal\u00e1n<\/a><\/p><\/blockquote>\n<p><iframe class=\"wp-embedded-content\" sandbox=\"allow-scripts\" security=\"restricted\" style=\"position: absolute; clip: rect(1px, 1px, 1px, 1px);\" src=\"http:\/\/adopcionpuntodeencuentro.com\/web\/no-es-devolucion-es-abandono\/embed\/#?secret=plHXC8Mi77\" data-secret=\"plHXC8Mi77\" width=\"600\" height=\"338\" title=\"&#171;No es devoluci\u00f3n, es abandono. Por Juan A. Casalilla Gal\u00e1n&#187; &#8212; adopci\u00f3n punto de encuentro\" frameborder=\"0\" marginwidth=\"0\" marginheight=\"0\" scrolling=\"no\"><\/iframe><\/p>\n<blockquote class=\"wp-embedded-content\" data-secret=\"NKVve7bhkI\"><p><a href=\"http:\/\/adopcionpuntodeencuentro.com\/web\/sufrir-en-abandono-un-problema-por-montse-vazquez\/\">Sufrir en abandono un problema. Por Montse V\u00e1zquez<\/a><\/p><\/blockquote>\n<p><iframe class=\"wp-embedded-content\" sandbox=\"allow-scripts\" security=\"restricted\" style=\"position: absolute; clip: rect(1px, 1px, 1px, 1px);\" src=\"http:\/\/adopcionpuntodeencuentro.com\/web\/sufrir-en-abandono-un-problema-por-montse-vazquez\/embed\/#?secret=NKVve7bhkI\" data-secret=\"NKVve7bhkI\" width=\"600\" height=\"338\" title=\"&#171;Sufrir en abandono un problema. Por Montse V\u00e1zquez&#187; &#8212; adopci\u00f3n punto de encuentro\" frameborder=\"0\" marginwidth=\"0\" marginheight=\"0\" scrolling=\"no\"><\/iframe><\/p>\n<blockquote class=\"wp-embedded-content\" data-secret=\"Ue63KHUEK5\"><p><a href=\"http:\/\/adopcionpuntodeencuentro.com\/web\/el-mito-del-abandono-en-la-adopcion\/\">\u201cEl mito del abandono en la adopci\u00f3n\u201d. Andoni Mend\u00eda<\/a><\/p><\/blockquote>\n<p><iframe class=\"wp-embedded-content\" sandbox=\"allow-scripts\" security=\"restricted\" style=\"position: absolute; clip: rect(1px, 1px, 1px, 1px);\" src=\"http:\/\/adopcionpuntodeencuentro.com\/web\/el-mito-del-abandono-en-la-adopcion\/embed\/#?secret=Ue63KHUEK5\" data-secret=\"Ue63KHUEK5\" width=\"600\" height=\"338\" title=\"&#171;\u201cEl mito del abandono en la adopci\u00f3n\u201d. Andoni Mend\u00eda&#187; &#8212; adopci\u00f3n punto de encuentro\" frameborder=\"0\" marginwidth=\"0\" marginheight=\"0\" scrolling=\"no\"><\/iframe><\/p>\n<blockquote class=\"wp-embedded-content\" data-secret=\"KpM3UqHG6j\"><p><a href=\"http:\/\/adopcionpuntodeencuentro.com\/web\/el-impacto-del-abandono\/\">El impacto del abandono<\/a><\/p><\/blockquote>\n<p><iframe class=\"wp-embedded-content\" sandbox=\"allow-scripts\" security=\"restricted\" style=\"position: absolute; clip: rect(1px, 1px, 1px, 1px);\" src=\"http:\/\/adopcionpuntodeencuentro.com\/web\/el-impacto-del-abandono\/embed\/#?secret=KpM3UqHG6j\" data-secret=\"KpM3UqHG6j\" width=\"600\" height=\"338\" title=\"&#171;El impacto del abandono&#187; &#8212; adopci\u00f3n punto de encuentro\" frameborder=\"0\" marginwidth=\"0\" marginheight=\"0\" scrolling=\"no\"><\/iframe><\/p>\n<blockquote class=\"wp-embedded-content\" data-secret=\"H1EhfSxmIF\"><p><a href=\"http:\/\/adopcionpuntodeencuentro.com\/web\/el-trauma-tiene-nombre-de-cultura-y-es-social-por-felix-loizaga\/\">El trauma tiene nombre de &#171;cultura&#187; y es \u201csocial\u201d. Por F\u00e9lix Loizaga<\/a><\/p><\/blockquote>\n<p><iframe class=\"wp-embedded-content\" sandbox=\"allow-scripts\" security=\"restricted\" style=\"position: absolute; clip: rect(1px, 1px, 1px, 1px);\" src=\"http:\/\/adopcionpuntodeencuentro.com\/web\/el-trauma-tiene-nombre-de-cultura-y-es-social-por-felix-loizaga\/embed\/#?secret=H1EhfSxmIF\" data-secret=\"H1EhfSxmIF\" width=\"600\" height=\"338\" title=\"&#171;El trauma tiene nombre de &#171;cultura&#187; y es \u201csocial\u201d. Por F\u00e9lix Loizaga&#187; &#8212; adopci\u00f3n punto de encuentro\" frameborder=\"0\" marginwidth=\"0\" marginheight=\"0\" scrolling=\"no\"><\/iframe><\/p>\n<blockquote class=\"wp-embedded-content\" data-secret=\"fdCW3Kud2k\"><p><a href=\"http:\/\/adopcionpuntodeencuentro.com\/web\/ninos-adoptados-trauma-por-abandono-y-su-curacion-con-la-psicoterapia-emdr\/\">Ni\u00f1os adoptados: Trauma por abandono y su curaci\u00f3n con la psicoterapia EMDR<\/a><\/p><\/blockquote>\n<p><iframe class=\"wp-embedded-content\" sandbox=\"allow-scripts\" security=\"restricted\" style=\"position: absolute; clip: rect(1px, 1px, 1px, 1px);\" src=\"http:\/\/adopcionpuntodeencuentro.com\/web\/ninos-adoptados-trauma-por-abandono-y-su-curacion-con-la-psicoterapia-emdr\/embed\/#?secret=fdCW3Kud2k\" data-secret=\"fdCW3Kud2k\" width=\"600\" height=\"338\" title=\"&#171;Ni\u00f1os adoptados: Trauma por abandono y su curaci\u00f3n con la psicoterapia EMDR&#187; &#8212; adopci\u00f3n punto de encuentro\" frameborder=\"0\" marginwidth=\"0\" marginheight=\"0\" scrolling=\"no\"><\/iframe><\/p>\n<blockquote class=\"wp-embedded-content\" data-secret=\"A0xyWTzFJa\"><p><a href=\"http:\/\/adopcionpuntodeencuentro.com\/web\/ninos-con-problemas-no-problematicos-por-mercedes-moya-herrero\/\">Ni\u00f1os con problemas, no problem\u00e1ticos. Por Mercedes Moya Herrero<\/a><\/p><\/blockquote>\n<p><iframe class=\"wp-embedded-content\" sandbox=\"allow-scripts\" security=\"restricted\" style=\"position: absolute; clip: rect(1px, 1px, 1px, 1px);\" src=\"http:\/\/adopcionpuntodeencuentro.com\/web\/ninos-con-problemas-no-problematicos-por-mercedes-moya-herrero\/embed\/#?secret=A0xyWTzFJa\" data-secret=\"A0xyWTzFJa\" width=\"600\" height=\"338\" title=\"&#171;Ni\u00f1os con problemas, no problem\u00e1ticos. Por Mercedes Moya Herrero&#187; &#8212; adopci\u00f3n punto de encuentro\" frameborder=\"0\" marginwidth=\"0\" marginheight=\"0\" scrolling=\"no\"><\/iframe><\/p>\n<blockquote class=\"wp-embedded-content\" data-secret=\"N9C0371lGM\"><p><a href=\"http:\/\/adopcionpuntodeencuentro.com\/web\/abandono-maldita-palabra-en-adopcion-por-jose-maria-ballarin\/\">Abandono: \u00a1Maldita palabra en adopci\u00f3n! Por Jos\u00e9 Mar\u00eda Ballar\u00edn<\/a><\/p><\/blockquote>\n<p><iframe class=\"wp-embedded-content\" sandbox=\"allow-scripts\" security=\"restricted\" style=\"position: absolute; clip: rect(1px, 1px, 1px, 1px);\" src=\"http:\/\/adopcionpuntodeencuentro.com\/web\/abandono-maldita-palabra-en-adopcion-por-jose-maria-ballarin\/embed\/#?secret=N9C0371lGM\" data-secret=\"N9C0371lGM\" width=\"600\" height=\"338\" title=\"&#171;Abandono: \u00a1Maldita palabra en adopci\u00f3n! Por Jos\u00e9 Mar\u00eda Ballar\u00edn&#187; &#8212; adopci\u00f3n punto de encuentro\" frameborder=\"0\" marginwidth=\"0\" marginheight=\"0\" scrolling=\"no\"><\/iframe><\/p>\n","protected":false},"excerpt":{"rendered":"<p>En esta secci\u00f3n iremos recogiendo palabras que forman el vocabulario adoptivo. La definici\u00f3n de la palabra ir\u00e1 acompa\u00f1ada de art\u00edculos que hablen sobre el concepto que se intenta definir.<br \/>\nEs una secci\u00f3n abierta que pod\u00e9is enriquecer, tanto si eres familia adoptiva o profesional con trabajos y art\u00edculos que consideres relevantes enviando los enlaces a nuestro correo\u00a0adopcionario@gmail.com para que podamos a\u00f1adirlos a la entrada correspondiente a cada palabra.<\/p>\n","protected":false},"author":1,"featured_media":11074,"comment_status":"open","ping_status":"open","sticky":false,"template":"","format":"standard","meta":{"footnotes":""},"categories":[300,301],"tags":[64,27],"_links":{"self":[{"href":"https:\/\/adopcionpuntodeencuentro.com\/web\/wp-json\/wp\/v2\/posts\/11061"}],"collection":[{"href":"https:\/\/adopcionpuntodeencuentro.com\/web\/wp-json\/wp\/v2\/posts"}],"about":[{"href":"https:\/\/adopcionpuntodeencuentro.com\/web\/wp-json\/wp\/v2\/types\/post"}],"author":[{"embeddable":true,"href":"https:\/\/adopcionpuntodeencuentro.com\/web\/wp-json\/wp\/v2\/users\/1"}],"replies":[{"embeddable":true,"href":"https:\/\/adopcionpuntodeencuentro.com\/web\/wp-json\/wp\/v2\/comments?post=11061"}],"version-history":[{"count":11,"href":"https:\/\/adopcionpuntodeencuentro.com\/web\/wp-json\/wp\/v2\/posts\/11061\/revisions"}],"predecessor-version":[{"id":11075,"href":"https:\/\/adopcionpuntodeencuentro.com\/web\/wp-json\/wp\/v2\/posts\/11061\/revisions\/11075"}],"wp:featuredmedia":[{"embeddable":true,"href":"https:\/\/adopcionpuntodeencuentro.com\/web\/wp-json\/wp\/v2\/media\/11074"}],"wp:attachment":[{"href":"https:\/\/adopcionpuntodeencuentro.com\/web\/wp-json\/wp\/v2\/media?parent=11061"}],"wp:term":[{"taxonomy":"category","embeddable":true,"href":"https:\/\/adopcionpuntodeencuentro.com\/web\/wp-json\/wp\/v2\/categories?post=11061"},{"taxonomy":"post_tag","embeddable":true,"href":"https:\/\/adopcionpuntodeencuentro.com\/web\/wp-json\/wp\/v2\/tags?post=11061"}],"curies":[{"name":"wp","href":"https:\/\/api.w.org\/{rel}","templated":true}]}}