{"id":11174,"date":"2020-06-15T09:32:16","date_gmt":"2020-06-15T07:32:16","guid":{"rendered":"http:\/\/adopcionpuntodeencuentro.com\/web\/?p=11174"},"modified":"2020-06-15T09:32:16","modified_gmt":"2020-06-15T07:32:16","slug":"las-edades-del-apego-por-jose-luis-gonzalo-marrodan","status":"publish","type":"post","link":"https:\/\/adopcionpuntodeencuentro.com\/web\/las-edades-del-apego-por-jose-luis-gonzalo-marrodan\/","title":{"rendered":"Las edades del apego. Por Jos\u00e9 Luis Gonzalo Marrod\u00e1n \u00a0"},"content":{"rendered":"<h2>DIECINUEVE FRASES PARA DIECINUEVE EDADES<\/h2>\n<p>Extracto del gui\u00f3n de<a href=\"https:\/\/joseluisgonzalo.com\/\" target=\"_blank\" rel=\"noopener noreferrer\"> Jos\u00e9 Luis Gonzalo Marrod\u00e1n<\/a> \u00a0para el acto de inauguraci\u00f3n de las IV Conversaciones sobre Apego y Resiliencia Infantil, en San Sebasti\u00e1n el 4 y 5 de octubre de 2019<\/p>\n<p style=\"font-weight: 400;\">Elaborado a partir de ideas de <a href=\"https:\/\/padresformados.es\/blog\/2018\/12\/05\/jorge-barudy-psiquiatra-infantil\/\" target=\"_blank\" rel=\"noopener noreferrer\">Jorge Barudy<\/a>,<a href=\"https:\/\/padresformados.es\/blog\/2017\/11\/20\/rafael-benito-moraga\/\" target=\"_blank\" rel=\"noopener noreferrer\"> Rafael Benito<\/a>,<a href=\"https:\/\/padresformados.es\/blog\/2018\/12\/05\/maryorie-dantagnan\/\" target=\"_blank\" rel=\"noopener noreferrer\"> Maryorie Dantagnan<\/a>, <a href=\"https:\/\/es.wikipedia.org\/wiki\/John_Bowlby\" target=\"_blank\" rel=\"noopener noreferrer\">John Bowlby<\/a>, <a href=\"https:\/\/es.wikipedia.org\/wiki\/Boris_Cyrulnik\" target=\"_blank\" rel=\"noopener noreferrer\">Boris Cyrulnik,<\/a> <a href=\"https:\/\/es.wikipedia.org\/wiki\/Peter_Fonagy\" target=\"_blank\" rel=\"noopener noreferrer\">Peter Fonagy<\/a>,<a href=\"http:\/\/www.addima.org\/curriculum-GEMA-PUIG\/index.php\/\" target=\"_blank\" rel=\"noopener noreferrer\"> Gema Puig<\/a>, <a href=\"https:\/\/www.gedisa.com\/autor.aspx?codaut=1095\" target=\"_blank\" rel=\"noopener noreferrer\">Jos\u00e9 Luis Rubio<\/a>, <a href=\"https:\/\/es.wikipedia.org\/wiki\/Donald_Woods_Winnicott\" target=\"_blank\" rel=\"noopener noreferrer\">Donald Winnicott<\/a>, <a href=\"https:\/\/es.wikipedia.org\/wiki\/Daniel_J._Siegel\" target=\"_blank\" rel=\"noopener noreferrer\">Dan Siegel<\/a>.<\/p>\n<p><strong>(Del embarazo a los 18 a\u00f1os)<\/strong><\/p>\n<p><strong><img loading=\"lazy\" decoding=\"async\" class=\"alignleft wp-image-12460 \" src=\"http:\/\/adopcionpuntodeencuentro.com\/web\/wp-content\/uploads\/baby-001-1024x681.jpg\" alt=\"\" width=\"648\" height=\"431\" srcset=\"https:\/\/adopcionpuntodeencuentro.com\/web\/wp-content\/uploads\/baby-001-1024x681.jpg 1024w, https:\/\/adopcionpuntodeencuentro.com\/web\/wp-content\/uploads\/baby-001-450x299.jpg 450w, https:\/\/adopcionpuntodeencuentro.com\/web\/wp-content\/uploads\/baby-001-150x100.jpg 150w, https:\/\/adopcionpuntodeencuentro.com\/web\/wp-content\/uploads\/baby-001-768x511.jpg 768w, https:\/\/adopcionpuntodeencuentro.com\/web\/wp-content\/uploads\/baby-001.jpg 1280w\" sizes=\"(max-width: 648px) 100vw, 648px\" \/>Madre embarazada:<\/strong>\u00a0Los buenos tratos a la infancia aseguran el buen desarrollo y el bienestar infantil y son la base del equilibrio mental de los futuros adultos. Los buenos tratos comienzan desde la vida intrauterina. Hay que cuidar y proteger a las madres, y la sociedad entera debe de velar por ello, pues el futuro de la misma depende de los buenos tratos que seamos capaces de dar a los ni\u00f1os y ni\u00f1as desde que son concebidos.<\/p>\n<p><strong>Madre de ni\u00f1o de 1 a\u00f1o:<\/strong>\u00a0El apego es un tipo especial de v\u00ednculo que se establece entre el beb\u00e9 y sus progenitores a trav\u00e9s de un proceso relacional que los une en el espacio y en el tiempo.<\/p>\n<p><strong>Padres de ni\u00f1o de 2 a\u00f1os:<\/strong>\u00a0Cuando este apego es sano, los beb\u00e9s experimentan una sensaci\u00f3n de seguridad que da forma y organiza el cerebro y orquesta el neurodesarrollo, cimiento de la futura auto-regulaci\u00f3n emocional. Para los dos a\u00f1os, ya se han sentado las bases de la futura competencia social y emocional.<\/p>\n<p><strong>Padres de ni\u00f1o de 3 a\u00f1os:<\/strong>\u00a0La competencia parental en los dominios de empat\u00eda y apego permite que los ni\u00f1os y ni\u00f1as puedan crecer como personas con una sana autoestima y capaces de tratar bien a los dem\u00e1s.<\/p>\n<p><strong>Padres de ni\u00f1o de 4 a\u00f1os:\u00a0<\/strong>Los padres, madres y cuidadores necesitamos ser sostenidos por todas las personas que conforman la red psicosocial de apoyo (abuelos, otros padres, profesores, educadores, m\u00e9dicos, trabajadores sociales, t\u00e9cnicos, asociaciones, grupos de autoayuda\u2026) para poder aprovechar los recursos sociales y comunitarios que nos facilitan una crianza competente y bien tratante.<\/p>\n<p><strong><img loading=\"lazy\" decoding=\"async\" class=\"alignleft wp-image-11184\" src=\"http:\/\/adopcionpuntodeencuentro.com\/web\/wp-content\/uploads\/edades02-1024x727.jpg\" alt=\"\" width=\"653\" height=\"463\" srcset=\"https:\/\/adopcionpuntodeencuentro.com\/web\/wp-content\/uploads\/edades02-1024x727.jpg 1024w, https:\/\/adopcionpuntodeencuentro.com\/web\/wp-content\/uploads\/edades02-150x107.jpg 150w, https:\/\/adopcionpuntodeencuentro.com\/web\/wp-content\/uploads\/edades02-450x320.jpg 450w, https:\/\/adopcionpuntodeencuentro.com\/web\/wp-content\/uploads\/edades02-768x545.jpg 768w, https:\/\/adopcionpuntodeencuentro.com\/web\/wp-content\/uploads\/edades02.jpg 1280w\" sizes=\"(max-width: 653px) 100vw, 653px\" \/><\/strong><\/p>\n<p><strong>Padres de ni\u00f1o de 5 a\u00f1os:\u00a0<\/strong>Para los cinco a\u00f1os aumenta la capacidad de comprender la mente del otro, lo cual se traduce en una mayor capacidad de auto-regulaci\u00f3n que favorece la entrada en la etapa de la socializaci\u00f3n a trav\u00e9s de la escuela y de los primeros amigos y amigas.<\/p>\n<p><strong>Padres de ni\u00f1o de 6 a\u00f1os:<\/strong>\u00a0Hace falta toda una tribu para poder educar y sacar adelante a un ni\u00f1o satisfactoriamente. Los ni\u00f1os y ni\u00f1as no son propiedad de nadie, son patrimonio de toda la sociedad. La base de seguridad que habitualmente son los padres, abuelos u otros adultos cuidadores deber\u00eda, a partir de esta etapa, extenderse a otras personas significativas en la vida del ni\u00f1o y de la ni\u00f1a, como sus profesores, educadores, monitores\u2026<\/p>\n<p><strong>Ni\u00f1o\/a de 7 a\u00f1os:\u00a0<\/strong>Los ni\u00f1os tenemos necesidades. Somos personas y no \u201cconductas de buen o mal comportamiento\u201d. Nuestra primera y principal necesidad es de apoyo y afecto, necesitamos que nos demuestren que nos quieren, y que aceptan nuestra persona en lo fundamental.<\/p>\n<p><strong>Ni\u00f1o\/a de 8 a\u00f1os:\u00a0<\/strong>Necesitamos tiempo para relacionarnos y jugar con vosotros y vosotras, adultos, no s\u00f3lo ir a clase, estudiar y hacer actividades extraescolares.<\/p>\n<p><strong>Ni\u00f1o\/a de 9 a\u00f1os:<\/strong>\u00a0Necesitamos que os comuniqu\u00e9is abiertamente con nosotros, que nos escuch\u00e9is y respet\u00e9is nuestros puntos de vista, promoviendo nuestra participaci\u00f3n en la toma de decisiones y en las din\u00e1micas familiares.<\/p>\n<p><strong>Ni\u00f1o\/a de 10 a\u00f1os:<\/strong>\u00a0Necesitamos l\u00edmites y normas que orienten un adecuado comportamiento por nuestra parte, y que gener\u00e9is expectativas de que cooperaremos en el cumplimiento de las mismas. As\u00ed es, pero adem\u00e1s\u2026<\/p>\n<p><img loading=\"lazy\" decoding=\"async\" class=\"alignleft wp-image-11187\" src=\"http:\/\/adopcionpuntodeencuentro.com\/web\/wp-content\/uploads\/edades003-1024x682.jpg\" alt=\"\" width=\"665\" height=\"443\" srcset=\"https:\/\/adopcionpuntodeencuentro.com\/web\/wp-content\/uploads\/edades003-1024x682.jpg 1024w, https:\/\/adopcionpuntodeencuentro.com\/web\/wp-content\/uploads\/edades003-150x100.jpg 150w, https:\/\/adopcionpuntodeencuentro.com\/web\/wp-content\/uploads\/edades003-450x300.jpg 450w, https:\/\/adopcionpuntodeencuentro.com\/web\/wp-content\/uploads\/edades003-768x512.jpg 768w, https:\/\/adopcionpuntodeencuentro.com\/web\/wp-content\/uploads\/edades003.jpg 1280w\" sizes=\"(max-width: 665px) 100vw, 665px\" \/><\/p>\n<p><strong>Ni\u00f1o\/a de 11 a\u00f1os:<\/strong>\u00a0\u2026necesitamos que reaccion\u00e9is a nuestros comportamientos inadecuados proporcionando consecuencias y explicaciones coherentes y evitando castigos violentos o desproporcionados.<\/p>\n<p><strong>Ni\u00f1o\/a de 12 a\u00f1os:<\/strong>\u00a0Al llegar a la adolescencia, los cambios f\u00edsicos y psicol\u00f3gicos que se producen reflejan la\u00a0<em>tormenta cerebral<\/em>\u00a0que tiene lugar en el cerebro. Si no se han sentado bien las bases en la infancia y no se ha trabajado con nosotros y nosotras dentro de una crianza competente y respetuosa, careciendo de base segura en la infancia\u2026<\/p>\n<p><strong>Ni\u00f1o\/a de 13 a\u00f1os:<\/strong>\u00a0\u2026en la adolescencia -que de por s\u00ed ya es una etapa complicada para nosotros por los desaf\u00edos que tenemos que afrontar- la probabilidad de que presentemos problemas emocionales y de conducta, o adicciones, o problemas de integraci\u00f3n social, que enmascaran traumas tempranos no resueltos, es alta.<\/p>\n<p><strong>Ni\u00f1o\/a de 14 a\u00f1os:<\/strong>\u00a0La adolescencia es una etapa de riesgo, pero tambi\u00e9n de oportunidad para reparar lo que antes no se ha hecho bien. Aunque hay que prevenir y detectar las situaciones de malos tratos tempranamente, en la adolescencia a\u00fan estamos a tiempo de ofrecer contextos terap\u00e9uticos a los padres o cuidadores rehabilitadores de las competencias parentales; y a los chicos y chicas, reparadores de los da\u00f1os psicol\u00f3gicos.<\/p>\n<p><strong>Ni\u00f1o\/a de 15 a\u00f1os:<\/strong>\u00a0Y si esto no es posible, deben de proporcionarnos tutores y tutoras de resiliencia, esos adultos que son elegidos por nosotros y nosotras como puntos de apoyo a partir de los cuales podemos transformarnos y crecer y rehacernos desde la adversidad.\u00a0<em>Dame un punto de apoyo y transformar\u00e9 MI mundo<\/em>, dicen Gema Puig y Jos\u00e9 Luis Rubio.<\/p>\n<p><img loading=\"lazy\" decoding=\"async\" class=\"alignleft wp-image-11190\" src=\"http:\/\/adopcionpuntodeencuentro.com\/web\/wp-content\/uploads\/edades04-975x768.jpg\" alt=\"\" width=\"666\" height=\"524\" srcset=\"https:\/\/adopcionpuntodeencuentro.com\/web\/wp-content\/uploads\/edades04-975x768.jpg 975w, https:\/\/adopcionpuntodeencuentro.com\/web\/wp-content\/uploads\/edades04-150x118.jpg 150w, https:\/\/adopcionpuntodeencuentro.com\/web\/wp-content\/uploads\/edades04-450x354.jpg 450w, https:\/\/adopcionpuntodeencuentro.com\/web\/wp-content\/uploads\/edades04-768x605.jpg 768w, https:\/\/adopcionpuntodeencuentro.com\/web\/wp-content\/uploads\/edades04.jpg 1280w\" sizes=\"(max-width: 666px) 100vw, 666px\" \/><\/p>\n<p><strong>Ni\u00f1o\/a de 16 a\u00f1os:\u00a0<\/strong>De este modo, podremos atravesar las dificultades y los desaf\u00edos de la vida en todas las etapas evolutivas, pero especialmente en la adolescencia. Es muy importante que a lo largo de todo nuestro desarrollo est\u00e9is a nuestro lado, a pesar de que muchas veces no nos controlemos, nuestra conducta sea negativa o nos desregulemos y os disguste y perturbe lo que os decimos y hacemos. Ense\u00f1arnos a reparar nuestras malas acciones, d\u00e1ndonos oportunidades para aprender los valores \u00e9ticos fundamentales. Valorar nuestro esfuerzo, no solo nuestros resultados.<\/p>\n<p><strong>Ni\u00f1o\/a de 17 a\u00f1os:<\/strong>\u00a0Nuestro cerebro necesita madurar, m\u00e1s todav\u00eda si hemos vivido experiencias de malos tratos en la infancia. La adquisici\u00f3n de la regulaci\u00f3n emocional, el control ejecutivo y una toma de decisiones responsable necesitan de la relaci\u00f3n y el aprendizaje de adultos competentes, que puedan ser, como dice Maryorie Dantagnan, nuestro\u00a0<em>filtro estabilizador<\/em>\u00a0y nos ofrezcan una base de seguridad.<\/p>\n<p>En resumen, como dec\u00eda\u00a0<strong>Bowlby:<\/strong>\u00a0<em>Desde la cuna hasta la tumba, somos m\u00e1s felices cuando la vida est\u00e1 organizada como una serie de excursiones, largas o cortas, desde la base segura provista por nuestras figuras de apego.<\/em><\/p>\n<p><strong>Ni\u00f1o\/a de 18 a\u00f1os:<\/strong>\u00a0As\u00ed, aprovechando la base segura que se nos brinda a lo largo de todo el desarrollo, con paciencia, comprensi\u00f3n y el buen trato de las personas que conforman el \u00e1mbito familiar, escolar, de la justicia o la atenci\u00f3n social, se pueden reparar muchos da\u00f1os y devolver a los ni\u00f1os y ni\u00f1as nuestra capacidad de resiliencia y confianza en el mundo. De este modo, podremos llegar a ser personas afectivas, solidarias, responsables y comprometidas con la infancia y la sociedad, como lo es nuestro querido Jorge Barudy, resiliente, el representante y creador del paradigma de los buenos tratos.<\/p>\n<p><img loading=\"lazy\" decoding=\"async\" class=\"alignleft size-thumbnail wp-image-1677\" src=\"http:\/\/adopcionpuntodeencuentro.com\/web\/wp-content\/uploads\/gracias-110x150.jpg\" alt=\"\" width=\"110\" height=\"150\" srcset=\"https:\/\/adopcionpuntodeencuentro.com\/web\/wp-content\/uploads\/gracias-110x150.jpg 110w, https:\/\/adopcionpuntodeencuentro.com\/web\/wp-content\/uploads\/gracias-221x300.jpg 221w, https:\/\/adopcionpuntodeencuentro.com\/web\/wp-content\/uploads\/gracias.jpg 307w\" sizes=\"(max-width: 110px) 100vw, 110px\" \/><\/p>\n<p>&nbsp;<\/p>\n<p><strong>Gracias Jos\u00e9 Luis por compartir con nosotros este trabajo.<\/strong><\/p>\n<p>Puedes leer el post completo en el blog Buenos tratos<a href=\"http:\/\/www.buenostratos.com\/2019\/10\/diecinueve-frases-para-diecinueve-edades.html\" target=\"_blank\" rel=\"noopener noreferrer\"> \u00abDiecinueve frases para diecinueve edades\u00bb<\/a><\/p>\n<p>&nbsp;<\/p>\n<div class='divider' > <\/div>\n<p><a href=\"http:\/\/www.buenostratos.com\"><img loading=\"lazy\" decoding=\"async\" class=\"aligncenter wp-image-11193 size-full\" src=\"http:\/\/adopcionpuntodeencuentro.com\/web\/wp-content\/uploads\/jlgmarrodanIV.png\" alt=\"\" width=\"1070\" height=\"443\" srcset=\"https:\/\/adopcionpuntodeencuentro.com\/web\/wp-content\/uploads\/jlgmarrodanIV.png 1070w, https:\/\/adopcionpuntodeencuentro.com\/web\/wp-content\/uploads\/jlgmarrodanIV-150x62.png 150w, https:\/\/adopcionpuntodeencuentro.com\/web\/wp-content\/uploads\/jlgmarrodanIV-450x186.png 450w, https:\/\/adopcionpuntodeencuentro.com\/web\/wp-content\/uploads\/jlgmarrodanIV-768x318.png 768w, https:\/\/adopcionpuntodeencuentro.com\/web\/wp-content\/uploads\/jlgmarrodanIV-1024x424.png 1024w\" sizes=\"(max-width: 1070px) 100vw, 1070px\" \/><\/a><\/p>\n<div class='divider' > <\/div>\n<iframe loading=\"lazy\" style=\"width: 120px; height: 240px;\" src=\"https:\/\/rcm-eu.amazon-adsystem.com\/e\/cm?t=adopcionpunto-21&amp;o=30&amp;p=8&amp;l=as1&amp;asins=8433025171&amp;ref=qf_sp_asin_til&amp;fc1=000000&amp;IS2=1&amp;lt1=_blank&amp;m=amazon&amp;lc1=FF0030&amp;bc1=000000&amp;bg1=FFFFFF&amp;f=ifr\" width=\"300\" height=\"150\" frameborder=\"0\" marginwidth=\"0\" marginheight=\"0\" scrolling=\"no\"><\/iframe> <iframe loading=\"lazy\" style=\"width: 120px; height: 240px;\" src=\"https:\/\/rcm-eu.amazon-adsystem.com\/e\/cm?t=adopcionpunto-21&amp;o=30&amp;p=8&amp;l=as1&amp;asins=8433027891&amp;ref=qf_sp_asin_til&amp;fc1=000000&amp;IS2=1&amp;lt1=_blank&amp;m=amazon&amp;lc1=FF0030&amp;bc1=000000&amp;bg1=FFFFFF&amp;f=ifr\" width=\"300\" height=\"150\" frameborder=\"0\" marginwidth=\"0\" marginheight=\"0\" scrolling=\"no\"><\/iframe> <iframe loading=\"lazy\" style=\"width: 120px; height: 240px;\" src=\"https:\/\/rcm-eu.amazon-adsystem.com\/e\/cm?t=adopcionpunto-21&amp;o=30&amp;p=8&amp;l=as1&amp;asins=B00HC9UDMC&amp;ref=qf_sp_asin_til&amp;fc1=000000&amp;IS2=1&amp;lt1=_blank&amp;m=amazon&amp;lc1=FF0030&amp;bc1=000000&amp;bg1=FFFFFF&amp;f=ifr\" width=\"300\" height=\"150\"><\/iframe><iframe style=\"width: 120px; height: 240px;\" src=\"https:\/\/rcm-eu.amazon-adsystem.com\/e\/cm?ref=qf_sp_asin_til&amp;t=adopcionpu095-21&amp;m=amazon&amp;o=30&amp;p=8&amp;l=as1&amp;IS1=1&amp;asins=8433029282&amp;linkId=d898312f52e191330e15affc35a9bc22&amp;bc1=FFFFFF&amp;lt1=_top&amp;fc1=333333&amp;lc1=0066C0&amp;bg1=FFFFFF&amp;f=ifr\" frameborder=\"0\" marginwidth=\"0\" marginheight=\"0\" scrolling=\"no\"><span data-mce-type=\"bookmark\" style=\"display: inline-block; width: 0px; overflow: hidden; line-height: 0;\" class=\"mce_SELRES_start\"><br \/>\n<iframe style=\"width: 120px; height: 240px;\" marginwidth=\"0\" marginheight=\"0\" scrolling=\"no\" frameborder=\"0\" src=\"https:\/\/rcm-eu.amazon-adsystem.com\/e\/cm?ref=qf_sp_asin_til&amp;t=adopcionpu095-21&amp;m=amazon&amp;o=30&amp;p=8&amp;l=as1&amp;IS1=1&amp;asins=8426726569&amp;linkId=daea3116ee517f61ae1ba27d68f8c011&amp;bc1=FFFFFF&amp;lt1=_top&amp;fc1=333333&amp;lc1=0066C0&amp;bg1=FFFFFF&amp;f=ifr\"><br \/>\n<\/iframe><\/span><\/iframe><\/p>\n","protected":false},"excerpt":{"rendered":"<p>Extracto del gui\u00f3n de Jos\u00e9 Luis Gonzalo Marrod\u00e1n \u00a0para el acto de inauguraci\u00f3n de las IV Conversaciones sobre Apego y Resiliencia Infantil, en San Sebasti\u00e1n el 4 y 5 de octubre de 2019. Desde la concepci\u00f3n hasta la adultez necesitamos una base segura que nos ayude a regularnos y a desarrollarnos y crecer incluso desde la adversidad.\u00a0\u00abDesde la cuna hasta la tumba, somos m\u00e1s felices cuando la vida est\u00e1 organizada como una serie de excursiones, largas o cortas, desde la base segura provista por nuestras figuras de apego\u00bb.(John Bowlby)<\/p>\n","protected":false},"author":1,"featured_media":12456,"comment_status":"open","ping_status":"open","sticky":false,"template":"","format":"standard","meta":{"footnotes":""},"categories":[267,75,164,40,1],"tags":[56,69,49,230,72,55,16],"_links":{"self":[{"href":"https:\/\/adopcionpuntodeencuentro.com\/web\/wp-json\/wp\/v2\/posts\/11174"}],"collection":[{"href":"https:\/\/adopcionpuntodeencuentro.com\/web\/wp-json\/wp\/v2\/posts"}],"about":[{"href":"https:\/\/adopcionpuntodeencuentro.com\/web\/wp-json\/wp\/v2\/types\/post"}],"author":[{"embeddable":true,"href":"https:\/\/adopcionpuntodeencuentro.com\/web\/wp-json\/wp\/v2\/users\/1"}],"replies":[{"embeddable":true,"href":"https:\/\/adopcionpuntodeencuentro.com\/web\/wp-json\/wp\/v2\/comments?post=11174"}],"version-history":[{"count":20,"href":"https:\/\/adopcionpuntodeencuentro.com\/web\/wp-json\/wp\/v2\/posts\/11174\/revisions"}],"predecessor-version":[{"id":12464,"href":"https:\/\/adopcionpuntodeencuentro.com\/web\/wp-json\/wp\/v2\/posts\/11174\/revisions\/12464"}],"wp:featuredmedia":[{"embeddable":true,"href":"https:\/\/adopcionpuntodeencuentro.com\/web\/wp-json\/wp\/v2\/media\/12456"}],"wp:attachment":[{"href":"https:\/\/adopcionpuntodeencuentro.com\/web\/wp-json\/wp\/v2\/media?parent=11174"}],"wp:term":[{"taxonomy":"category","embeddable":true,"href":"https:\/\/adopcionpuntodeencuentro.com\/web\/wp-json\/wp\/v2\/categories?post=11174"},{"taxonomy":"post_tag","embeddable":true,"href":"https:\/\/adopcionpuntodeencuentro.com\/web\/wp-json\/wp\/v2\/tags?post=11174"}],"curies":[{"name":"wp","href":"https:\/\/api.w.org\/{rel}","templated":true}]}}