{"id":11407,"date":"2019-11-18T09:40:49","date_gmt":"2019-11-18T08:40:49","guid":{"rendered":"http:\/\/adopcionpuntodeencuentro.com\/web\/?p=11407"},"modified":"2019-11-18T18:42:43","modified_gmt":"2019-11-18T17:42:43","slug":"vivir-con-teaf-por-marga-muniz-aguilar-alimentacion-y-teaf","status":"publish","type":"post","link":"https:\/\/adopcionpuntodeencuentro.com\/web\/vivir-con-teaf-por-marga-muniz-aguilar-alimentacion-y-teaf\/","title":{"rendered":"Vivir con TEAF. Por Marga Mu\u00f1iz Aguilar. ALIMENTACI\u00d3N Y TEAF."},"content":{"rendered":"<p>Estudios recientes han puesto de manifiesto que la ingesta nutricional en menores afectados de <a href=\"http:\/\/adopcionpuntodeencuentro.com\/web\/?s=TEAF+\" target=\"_blank\" rel=\"noopener noreferrer\">TEAF<\/a> tiende a ser deficiente en determinados nutrientes, que son fundamentales para un desarrollo cognitivo y conductual adecuado.<\/p>\n<p>Probablemente esto tiene que ver con los problemas que suelen presentar en cuanto a h\u00e1bitos alimentarios: adquisici\u00f3n tard\u00eda de habilidades para alimentarse de forma aut\u00f3noma, falta de apetito, picoteo constante entre comidas, sensaci\u00f3n permanente de no estar satisfechos, etc. En estos ni\u00f1os el estre\u00f1imiento suele ser frecuente, seguramente debido a la escasa ingesta de fibra o a alteraciones de tipo gastrointestinal, tambi\u00e9n frecuente en estos casos.<\/p>\n<p><img loading=\"lazy\" decoding=\"async\" class=\"alignleft wp-image-10396\" src=\"http:\/\/adopcionpuntodeencuentro.com\/web\/wp-content\/uploads\/VIVIR-CON-TEAF-logo-450x139.jpg\" alt=\"\" width=\"350\" height=\"108\" srcset=\"https:\/\/adopcionpuntodeencuentro.com\/web\/wp-content\/uploads\/VIVIR-CON-TEAF-logo-450x139.jpg 450w, https:\/\/adopcionpuntodeencuentro.com\/web\/wp-content\/uploads\/VIVIR-CON-TEAF-logo-150x46.jpg 150w, https:\/\/adopcionpuntodeencuentro.com\/web\/wp-content\/uploads\/VIVIR-CON-TEAF-logo-768x238.jpg 768w, https:\/\/adopcionpuntodeencuentro.com\/web\/wp-content\/uploads\/VIVIR-CON-TEAF-logo-1024x317.jpg 1024w\" sizes=\"(max-width: 350px) 100vw, 350px\" \/><\/p>\n<p><span style=\"color: #eb2157;\"><em>Secci\u00f3n dirigida por&nbsp;&nbsp;<span style=\"color: #33cccc;\"><strong><a style=\"color: #33cccc;\" href=\"http:\/\/margamunizaguilar.com\/\" target=\"_blank\" rel=\"noopener noreferrer\">Marga Mu\u00f1iz Aguilar<\/a><span style=\"color: #eb2157;\">,<\/span><\/strong><span style=\"color: #eb2157;\">&nbsp;<\/span><\/span>Orientadora Educativa, Terapeuta, especialista en temas educativos y adopci\u00f3n internacional. Fundadora y directora de la asociaci\u00f3n<span style=\"color: #33cccc;\"> <strong><a style=\"color: #33cccc;\" href=\"https:\/\/toleranciacero.org.es\/web\/\" target=\"_blank\" rel=\"noopener noreferrer\">Tolerancia Cero<\/a>&nbsp;<\/strong><span style=\"color: #eb2157;\">q<\/span><\/span>ue en este espacio&nbsp;pondr\u00e1 en relieve aspectos de inter\u00e9s vital &nbsp;que sirvan para comprender, hacer m\u00e1s visible y ayudar a todas las familias, a los ni\u00f1os y ni\u00f1as y adolescentes que de una u otra forma se ven afectados por&nbsp;el <span style=\"color: #33cccc;\"><strong><a style=\"color: #33cccc;\" href=\"https:\/\/toleranciacero.org.es\/web\/alcohol\/\" target=\"_blank\" rel=\"noopener noreferrer\">Trastorno del Espectro Alcoh\u00f3lico Fetal (TEAF).<\/a><\/strong><\/span><\/em><\/span><\/p>\n<p>&nbsp;<\/p>\n<h3><strong>La siguiente tabla muestra los nutrientes que habitualmente aparecen como deficitarios en menores con <a href=\"http:\/\/adopcionpuntodeencuentro.com\/web\/?s=TEAF+\" target=\"_blank\" rel=\"noopener noreferrer\">TEAF<\/a> y los alimentos en los que se pueden encontrar.<\/strong><\/h3>\n<p><img loading=\"lazy\" decoding=\"async\" class=\"aligncenter wp-image-11414 size-full\" src=\"http:\/\/adopcionpuntodeencuentro.com\/web\/wp-content\/uploads\/tabla-alimentos.png\" alt=\"\" width=\"1067\" height=\"739\" srcset=\"https:\/\/adopcionpuntodeencuentro.com\/web\/wp-content\/uploads\/tabla-alimentos.png 1067w, https:\/\/adopcionpuntodeencuentro.com\/web\/wp-content\/uploads\/tabla-alimentos-150x104.png 150w, https:\/\/adopcionpuntodeencuentro.com\/web\/wp-content\/uploads\/tabla-alimentos-450x312.png 450w, https:\/\/adopcionpuntodeencuentro.com\/web\/wp-content\/uploads\/tabla-alimentos-768x532.png 768w, https:\/\/adopcionpuntodeencuentro.com\/web\/wp-content\/uploads\/tabla-alimentos-1024x709.png 1024w\" sizes=\"(max-width: 1067px) 100vw, 1067px\" \/><\/p>\n<p>La principal energ\u00eda que necesita el&nbsp;<strong>cerebro<\/strong>&nbsp;para funcionar es la glucosa que proviene de comer&nbsp;<strong>alimentos<\/strong>&nbsp;ricos en carbohidratos, como cereales, legumbres, frutas y vegetales, as\u00ed como productos l\u00e1cteos. Pero, adem\u00e1s, necesita otros nutrientes esenciales: vitaminas, minerales, \u00e1cidos grasos, prote\u00ednas, etc. Veamos la importancia de aquellos en los que los menores con TEAF son deficitarios, seg\u00fan los estudios citados.<\/p>\n<p><img loading=\"lazy\" decoding=\"async\" class=\"alignleft wp-image-11432 \" src=\"http:\/\/adopcionpuntodeencuentro.com\/web\/wp-content\/uploads\/nueces-1024x684.jpg\" alt=\"\" width=\"653\" height=\"436\" srcset=\"https:\/\/adopcionpuntodeencuentro.com\/web\/wp-content\/uploads\/nueces-1024x684.jpg 1024w, https:\/\/adopcionpuntodeencuentro.com\/web\/wp-content\/uploads\/nueces-150x100.jpg 150w, https:\/\/adopcionpuntodeencuentro.com\/web\/wp-content\/uploads\/nueces-450x301.jpg 450w, https:\/\/adopcionpuntodeencuentro.com\/web\/wp-content\/uploads\/nueces-768x513.jpg 768w, https:\/\/adopcionpuntodeencuentro.com\/web\/wp-content\/uploads\/nueces.jpg 1280w\" sizes=\"(max-width: 653px) 100vw, 653px\" \/><\/p>\n<h2><span style=\"color: #f01648;\">El <strong>calcio<\/strong> <\/span><\/h2>\n<p>Es el mineral m\u00e1s abundante que se encuentra en el cuerpo humano. Los dientes y los huesos son los que contienen la mayor cantidad. Los tejidos corporales, las neuronas, la sangre y otros l\u00edquidos del cuerpo contienen el resto del calcio.<\/p>\n<p>El calcio es <strong>importante para el <\/strong><strong>&nbsp;desarrollo de huesos y dientes, la coagulaci\u00f3n de la sangre, el env\u00edo y recepci\u00f3n de se\u00f1ales nerviosas, <\/strong><strong>l<\/strong><strong>a contracci\u00f3n y relajaci\u00f3n muscular<\/strong><strong>, e<\/strong><strong>l mantenimiento de un ritmo card\u00edaco normal, etc.<\/strong><\/p>\n<h2><strong>&nbsp;<\/strong><span style=\"color: #f01648;\">El&nbsp;<strong>potasio<\/strong>&nbsp;<\/span><\/h2>\n<p>Es un mineral con importantes funciones a nivel muscular y del sistema nervioso.<\/p>\n<p><strong>Niveles bajos de potasio producen: estre\u00f1imiento, sensaci\u00f3n de latidos card\u00edacos o palpitaciones irregulares, fatiga, v\u00f3mitos, malestar, falta de apetito, debilidad muscular, hormigueo y entumecimiento.<\/strong><\/p>\n<p><strong>&nbsp;<\/strong>Aunque la principal fuente de <strong>vitamina D<\/strong> es el sol (90%), y solo una peque\u00f1a parte proviene de la dieta (10%), los expertos coinciden en que<strong>&nbsp;<\/strong>incluir alimentos en la dieta que contengan dicha vitamina&nbsp;es una medida necesaria para prevenir e incrementar los \u00edndices de vitamina D, especialmente en zonas donde hay pocas horas de sol al d\u00eda o cuando los menores realizan pocas actividades al aire libre.<\/p>\n<p><strong>Algunos s\u00edntomas que nos alertan de niveles insuficientes de Vitamina D son: Fatiga y cansancio, pesimismo y un estado de \u00e1nimo m\u00e1s deprimido, ligera excitabilidad, debilidad muscular, nerviosismo e insomnio, antojo de comer dulces, caries y gingivitis.<\/strong><\/p>\n<h2><span style=\"color: #f01863;\"><strong>La Vitamina E<\/strong><\/span><\/h2>\n<p>El cuerpo necesita vitamina E <strong>para ayudar a mantener el sistema inmunitario fuerte frente a virus y bacterias<\/strong>. La vitamina E tambi\u00e9n es importante en la formaci\u00f3n de gl\u00f3bulos rojos. Ayuda al cuerpo a utilizar la&nbsp;<a href=\"https:\/\/medlineplus.gov\/spanish\/ency\/article\/002407.htm\">vitamina K<\/a>. Las c\u00e9lulas usan la vitamina E para interactuar entre ellas para llevar a cabo multitud de funciones.<\/p>\n<p>La <strong>deficiencia<\/strong> de vitamina&nbsp;E <strong>puede causar neuralgia.<\/strong><\/p>\n<p><img loading=\"lazy\" decoding=\"async\" class=\"alignleft wp-image-11416 \" src=\"http:\/\/adopcionpuntodeencuentro.com\/web\/wp-content\/uploads\/alimento002-1024x768.png\" alt=\"\" width=\"653\" height=\"490\" srcset=\"https:\/\/adopcionpuntodeencuentro.com\/web\/wp-content\/uploads\/alimento002-1024x768.png 1024w, https:\/\/adopcionpuntodeencuentro.com\/web\/wp-content\/uploads\/alimento002-150x113.png 150w, https:\/\/adopcionpuntodeencuentro.com\/web\/wp-content\/uploads\/alimento002-450x338.png 450w, https:\/\/adopcionpuntodeencuentro.com\/web\/wp-content\/uploads\/alimento002-768x576.png 768w, https:\/\/adopcionpuntodeencuentro.com\/web\/wp-content\/uploads\/alimento002.png 1280w\" sizes=\"(max-width: 653px) 100vw, 653px\" \/><\/p>\n<h2><span style=\"color: #f01863;\"><strong>La Vitamina K<\/strong><\/span><\/h2>\n<p><strong>La<\/strong><strong>&nbsp;<\/strong><strong>vitamina K<\/strong><strong>&nbsp;<\/strong>ayuda al cuerpo a construir <strong>huesos y tejidos saludables<\/strong> a trav\u00e9s de las prote\u00ednas. Tambi\u00e9n produce prote\u00ednas&nbsp;que&nbsp;ayudan a <strong>coagular la sangre.<\/strong><\/p>\n<p>Algunos s\u00edntomas de la <strong>deficiencia <\/strong>de vitamina K : <strong>a<\/strong><strong>parici\u00f3n de hematomas con facilidad, hemorragias comunes (sangre en heces, orina o por la nariz) y menstruaciones abundantes.<\/strong><\/p>\n<h2><span style=\"color: #f01863;\">La&nbsp;<strong>colina<\/strong>&nbsp;<\/span><\/h2>\n<p>Es la mol\u00e9cula precursora&nbsp;de&nbsp;la acetilcolina, un neurotransmisor que est\u00e1 involucrado en muchas funciones, entre las cuales se incluye la <strong>memoria y el control de los m\u00fasculos.<\/strong><\/p>\n<h2><span style=\"color: #f00e56;\"><strong>Omega-3<\/strong><\/span><\/h2>\n<p>La mayor parte del cerebro se compone de l\u00edpidos, y la mayor parte de estos l\u00edpidos est\u00e1 constituida por omega-3.<\/p>\n<p><strong>Necesitamos consumir omega-3, ya que nuestro cuerpo no produce suficiente por s\u00ed mismo. Su funci\u00f3n es la de mejorar la plasticidad sin\u00e1ptica o, dicho en otras palabras, ayuda a que las neuronas del cerebro se comuniquen mejor entre s\u00ed al transmitir mensajes y hacer conexiones. Gracias a ello podemos recordar cosas importantes, como los nombres de personas o c\u00f3mo atarnos los cordones de los zapatos, y aprender cosas nuevas.<\/strong><\/p>\n<p>Teniendo en cuenta que una nutrici\u00f3n adecuada es fundamental para tener un cerebro saludable y un desarrollo cognitivo adecuado, la insuficiencia nutricional puede contribuir a aumentar los problemas cognitivos o de comportamiento en menores con TEAF. En estos casos, aumentar el consumo de los nutrientes deficitarios o el uso de suplementos nutricionales puede ser una intervenci\u00f3n adecuada para aminorar las dificultades cognitivas y conductuales que presentan.<\/p>\n<p>Por otra parte, los estudios citados anteriormente tambi\u00e9n concluyen que, adem\u00e1s de no alcanzar los est\u00e1ndares establecidos para ciertos nutrientes, los menores afectados de TEAF con frecuencia exceden la ingesta media de otros nutrientes, especialmente el az\u00facar, donde sobrepasan los est\u00e1ndares de forma considerable.<\/p>\n<p>Teniendo en cuenta que numerosos estudios alertan de que los az\u00facares refinados que aparecen en refrescos, pasteles, golosinas, helados, chocolate, boller\u00eda industrial, productos elaborados, etc., afectan de forma negativa al cerebro, en particular al hipocampo, que es el \u00e1rea cerebral responsable de la memoria y el aprendizaje y, adem\u00e1s, aumentan los niveles de ansiedad, se deber\u00eda prestarespecial atenci\u00f3n al consumo excesivo de az\u00facares por parte de los menores afectados de TEAF.<\/p>\n<p><img loading=\"lazy\" decoding=\"async\" class=\"alignleft wp-image-11434\" src=\"http:\/\/adopcionpuntodeencuentro.com\/web\/wp-content\/uploads\/breakfast-1024x682.jpg\" alt=\"\" width=\"654\" height=\"436\" srcset=\"https:\/\/adopcionpuntodeencuentro.com\/web\/wp-content\/uploads\/breakfast-1024x682.jpg 1024w, https:\/\/adopcionpuntodeencuentro.com\/web\/wp-content\/uploads\/breakfast-150x100.jpg 150w, https:\/\/adopcionpuntodeencuentro.com\/web\/wp-content\/uploads\/breakfast-450x300.jpg 450w, https:\/\/adopcionpuntodeencuentro.com\/web\/wp-content\/uploads\/breakfast-768x512.jpg 768w, https:\/\/adopcionpuntodeencuentro.com\/web\/wp-content\/uploads\/breakfast.jpg 1280w\" sizes=\"(max-width: 654px) 100vw, 654px\" \/>La importancia de una nutrici\u00f3n adecuada se observa en numerosos estudios de todo tipo. Uno de ellos evalu\u00f3 en Estados Unidos a 800 ni\u00f1os, entre 9 y 11 a\u00f1os de edad, para ver el impacto que ten\u00eda la falta de desayuno en el funcionamiento cerebral. El test fue realizado a las 11 de la ma\u00f1ana, y se compar\u00f3 a un grupo de ni\u00f1os que no desayun\u00f3 nada ese d\u00eda, con otro grupo, los ni\u00f1os que comieron un desayuno rico y equilibrado. Dos semanas despu\u00e9s, se invirtieron los grupos y los que hab\u00edan desayunado, en esta ocasi\u00f3n, hicieron las pruebas sin desayunar y viceversa.<\/p>\n<p>Se observ\u00f3 que en los ni\u00f1os que no hab\u00edan desayunado, su coeficiente intelectual se manten\u00eda, pero la capacidad de aprendizaje y alerta al realizar cuentas y captar nuevos conocimientos, se vio seriamente afectada por la falta de desayuno. Los ni\u00f1os que no hab\u00edan desayunado se equivocaban m\u00e1s, se distra\u00edan m\u00e1s, captaban menos las im\u00e1genes visuales, ten\u00edan disminuci\u00f3n de la memoria y de la capacidad de razonamiento. La investigaci\u00f3n constat\u00f3 que no desayunar antes de salir a la escuela o hacer un desayuno muy pobre&nbsp; afectaba profundamente el rendimiento escolar.<\/p>\n<p>Los resultados de este estudio tambi\u00e9n deber\u00edan alertar a las familias de menores con TEAF sobre la importancia de tomar un desayuno equilibrado antes de ir a la escuela.<\/p>\n<p><strong>En conclusi\u00f3n<\/strong>, teniendo en cuenta todos estos estudios, si a un menor se le estimula con ejercicios para desarrollar ciertas habilidades cognitivas, acude a terapia para tratar problemas conductuales, recibe apoyo escolar, etc. pero no se <strong>cubren de manera adecuada los requerimientos nutricionales de su cerebro<\/strong><strong>, los resultados no ser\u00e1n siempre los m\u00e1s \u00f3ptimos posibles.<\/strong><\/p>\n<div class='divider' > <\/div>\n<p>Nguyen, T.T., Risbud, R.D., Chambers, C.D., &amp; Thomas, J.D. (2016). Dietary nutrient intake in school\u2010aged children with heavy prenatal alcohol exposure. Alcoholism: Clinical and Experimental Research, 40(5), 1075\u20101082.<\/p>\n<p>Werts, Rachel L et al. \u201cInappropriate feeding behaviors and dietary intakes in children with fetal alcohol spectrum disorder or probable prenatal alcohol exposure.\u201d&nbsp;<em>Alcoholism, clinical and experimental research<\/em>&nbsp;vol. 38,3 (2014): 871-8. doi:10.1111\/acer.12284<\/p>\n<p>Fuglestad, A. J., Fink, B. A., Eckerle, J. K., Boys, C. J., Hoecker, H. L., Kroupina, M., &#8230; Wozniak, J. R.&nbsp;(2013).&nbsp;Inadequate intake of nutrients essential for neurodevelopment in children with fetal alcohol spectrum disorders (FASD).&nbsp;<em>Neurotoxicology and Teratology<\/em>,&nbsp;<em>39<\/em>, 128-132.&nbsp;https:\/\/doi.org\/10.1016\/j.ntt.2013.06.005<\/p>\n<p>Molteni R,&nbsp;Barnard RJ,&nbsp;Ying Z,&nbsp;Roberts CK,&nbsp;G\u00f3mez-Pinilla F. A high-fat, refined sugar diet reduces hippocampal brain-derived neurotrophic factor, neuronal plasticity, and learning.Neuroscience.&nbsp;2002;112(4):803-14.<\/p>\n<div class='divider' > <\/div><a href=\"http:\/\/margamunizaguilar.com\/web\/curriculum-completo\/\"><br \/>\n<\/a><a href=\"http:\/\/margamunizaguilar.com\/web\/curriculum-completo\/\"><img loading=\"lazy\" decoding=\"async\" class=\"alignnone wp-image-10609 size-full\" src=\"http:\/\/adopcionpuntodeencuentro.com\/web\/wp-content\/uploads\/biograf\u00eda-marga-mu\u00f1iz-aguilar-last-1.jpg\" alt=\"\" width=\"1386\" height=\"674\" srcset=\"https:\/\/adopcionpuntodeencuentro.com\/web\/wp-content\/uploads\/biograf\u00eda-marga-mu\u00f1iz-aguilar-last-1.jpg 1386w, https:\/\/adopcionpuntodeencuentro.com\/web\/wp-content\/uploads\/biograf\u00eda-marga-mu\u00f1iz-aguilar-last-1-150x73.jpg 150w, https:\/\/adopcionpuntodeencuentro.com\/web\/wp-content\/uploads\/biograf\u00eda-marga-mu\u00f1iz-aguilar-last-1-450x219.jpg 450w, https:\/\/adopcionpuntodeencuentro.com\/web\/wp-content\/uploads\/biograf\u00eda-marga-mu\u00f1iz-aguilar-last-1-768x373.jpg 768w, https:\/\/adopcionpuntodeencuentro.com\/web\/wp-content\/uploads\/biograf\u00eda-marga-mu\u00f1iz-aguilar-last-1-1024x498.jpg 1024w\" sizes=\"(max-width: 1386px) 100vw, 1386px\" \/><\/a><\/p>\n","protected":false},"excerpt":{"rendered":"<p>La insuficiencia nutricional puede contribuir a aumentar los problemas cognitivos o de comportamiento en menores con TEAF. En estos casos, aumentar el consumo de los nutrientes deficitarios o el uso de suplementos nutricionales puede ser una intervenci\u00f3n adecuada para aminorar las dificultades cognitivas y conductuales que presentan.<\/p>\n","protected":false},"author":1,"featured_media":11437,"comment_status":"open","ping_status":"open","sticky":false,"template":"","format":"standard","meta":{"footnotes":""},"categories":[296,113,75,42,286,287,290],"tags":[230,20,65,28,58,51],"_links":{"self":[{"href":"https:\/\/adopcionpuntodeencuentro.com\/web\/wp-json\/wp\/v2\/posts\/11407"}],"collection":[{"href":"https:\/\/adopcionpuntodeencuentro.com\/web\/wp-json\/wp\/v2\/posts"}],"about":[{"href":"https:\/\/adopcionpuntodeencuentro.com\/web\/wp-json\/wp\/v2\/types\/post"}],"author":[{"embeddable":true,"href":"https:\/\/adopcionpuntodeencuentro.com\/web\/wp-json\/wp\/v2\/users\/1"}],"replies":[{"embeddable":true,"href":"https:\/\/adopcionpuntodeencuentro.com\/web\/wp-json\/wp\/v2\/comments?post=11407"}],"version-history":[{"count":16,"href":"https:\/\/adopcionpuntodeencuentro.com\/web\/wp-json\/wp\/v2\/posts\/11407\/revisions"}],"predecessor-version":[{"id":11458,"href":"https:\/\/adopcionpuntodeencuentro.com\/web\/wp-json\/wp\/v2\/posts\/11407\/revisions\/11458"}],"wp:featuredmedia":[{"embeddable":true,"href":"https:\/\/adopcionpuntodeencuentro.com\/web\/wp-json\/wp\/v2\/media\/11437"}],"wp:attachment":[{"href":"https:\/\/adopcionpuntodeencuentro.com\/web\/wp-json\/wp\/v2\/media?parent=11407"}],"wp:term":[{"taxonomy":"category","embeddable":true,"href":"https:\/\/adopcionpuntodeencuentro.com\/web\/wp-json\/wp\/v2\/categories?post=11407"},{"taxonomy":"post_tag","embeddable":true,"href":"https:\/\/adopcionpuntodeencuentro.com\/web\/wp-json\/wp\/v2\/tags?post=11407"}],"curies":[{"name":"wp","href":"https:\/\/api.w.org\/{rel}","templated":true}]}}