{"id":11445,"date":"2021-05-17T09:40:43","date_gmt":"2021-05-17T07:40:43","guid":{"rendered":"http:\/\/adopcionpuntodeencuentro.com\/web\/?p=11445"},"modified":"2021-05-17T09:49:48","modified_gmt":"2021-05-17T07:49:48","slug":"adopcionario-conducta-disruptiva","status":"publish","type":"post","link":"https:\/\/adopcionpuntodeencuentro.com\/web\/adopcionario-conducta-disruptiva\/","title":{"rendered":"ADOPCIONARIO. CONDUCTA DISRUPTIVA."},"content":{"rendered":"<p><img loading=\"lazy\" decoding=\"async\" class=\"alignleft wp-image-11062 \" src=\"http:\/\/adopcionpuntodeencuentro.com\/web\/wp-content\/uploads\/LOGO-ADOPCIONARIO-1024x374.jpg\" alt=\"\" width=\"459\" height=\"168\" srcset=\"https:\/\/adopcionpuntodeencuentro.com\/web\/wp-content\/uploads\/LOGO-ADOPCIONARIO-1024x374.jpg 1024w, https:\/\/adopcionpuntodeencuentro.com\/web\/wp-content\/uploads\/LOGO-ADOPCIONARIO-150x55.jpg 150w, https:\/\/adopcionpuntodeencuentro.com\/web\/wp-content\/uploads\/LOGO-ADOPCIONARIO-450x164.jpg 450w, https:\/\/adopcionpuntodeencuentro.com\/web\/wp-content\/uploads\/LOGO-ADOPCIONARIO-768x280.jpg 768w, https:\/\/adopcionpuntodeencuentro.com\/web\/wp-content\/uploads\/LOGO-ADOPCIONARIO.jpg 1543w\" sizes=\"(max-width: 459px) 100vw, 459px\" \/><\/p>\n<p>&nbsp;<\/p>\n<p>En esta secci\u00f3n iremos recogiendo palabras que forman el vocabulario adoptivo. La definici\u00f3n de la palabra ir\u00e1 acompa\u00f1ada de art\u00edculos que hablen sobre el concepto que se intenta definir.<\/p>\n<p>Es una secci\u00f3n abierta que pod\u00e9is enriquecer, tanto si eres familia adoptiva o profesional con trabajos y art\u00edculos que consideres relevantes enviando los enlaces a nuestro correo\u00a0<strong>adopcionario@gmail.com para que podamos a\u00f1adirlos a la entrada correspondiente a cada palabra.\u00a0<\/strong><\/p>\n<h1><span style=\"color: #f20752;\"><strong>CONDUCTA DISRUPTIVA\u00a0<\/strong><\/span><\/h1>\n<h4><em><strong>Conductas disruptivas.<\/strong><strong>(En la escuela)\u00a0<\/strong><strong>\u00a0<\/strong>Son aquellas conductas del alumno que alteran la disciplina o convivencia escolar imposibilitando o entorpeciendo el proceso de ense\u00f1anza-aprendizaje. Se caracterizan por una ruptura muy marcada respecto a las pautas de conducta y valores generales o sociales aceptados, que pueden amenazar la armon\u00eda e incluso la supervivencia del grupo a trav\u00e9s de acciones hostiles y provocadoras que incitan a la desorganizaci\u00f3n de las actividades interpersonales y grupales.<\/em><\/h4>\n<p><em>\u00abLas\u00a0 conductas disruptivas se deben a un desajuste en el desarrollo evolutivo del ni\u00f1o. Debemos tener presente que detr\u00e1s de una conducta inapropiada suele haber factores psicol\u00f3gicos que la desencadenan: sentimientos de abandono, frustraci\u00f3n, baja autoestima, falta de establecimiento de normas en el n\u00facleo familiar\u2026 Estas respuestas son t\u00e1cticas adquiridas o aprendidas para provocar al adulto y llamar la atenci\u00f3n.<\/em><\/p>\n<p><em>El comportamiento disruptivo es com\u00fan en la infancia, pero en algunos casos, debido a su\u00a0<strong>frecuencia<\/strong>\u00a0y\u00a0<strong>persistencia<\/strong> en el tiempo se convierte en un problema. Generalmente, estas conductas disruptivas se producen tanto en el hogar, como en la escuela\u00bb<\/em>.<a href=\"https:\/\/www.educaciontrespuntocero.com\/recursos\/educacion-emocional\/claves-manejar-las-conductas-disruptivas-aula\/\" target=\"_blank\" rel=\"noopener noreferrer\"> Cristina Mart\u00ednez. Psicopedagoga.\u00a0<\/a><\/p>\n<div id=\"lx_665987\" class=\"__lxG__multi __lxG__multi_lx_665987\">\n<div data-lxpresource=\"1\"><\/div>\n<\/div>\n<div class=\"wp-block-image\"><\/div>\n<h3><span style=\"color: #f20752;\"><strong>Art\u00edculos sobre conductas disruptivas:<\/strong><\/span><\/h3>\n<p>&nbsp;<\/p>\n<blockquote class=\"wp-embedded-content\" data-secret=\"SN6Nlafb8Y\"><p><a href=\"http:\/\/adopcionpuntodeencuentro.com\/web\/el-impacto-de-la-adversidad-en-la-infancia-temprana-marga-muniz-aguilar\/\">El impacto de la adversidad en la infancia temprana. Marga Mu\u00f1iz Aguilar<\/a><\/p><\/blockquote>\n<p><iframe class=\"wp-embedded-content\" sandbox=\"allow-scripts\" security=\"restricted\" style=\"position: absolute; clip: rect(1px, 1px, 1px, 1px);\" title=\"&#171;El impacto de la adversidad en la infancia temprana. Marga Mu\u00f1iz Aguilar&#187; &#8212; adopci\u00f3n punto de encuentro\" src=\"http:\/\/adopcionpuntodeencuentro.com\/web\/el-impacto-de-la-adversidad-en-la-infancia-temprana-marga-muniz-aguilar\/embed\/#?secret=SN6Nlafb8Y\" data-secret=\"SN6Nlafb8Y\" width=\"600\" height=\"338\" frameborder=\"0\" marginwidth=\"0\" marginheight=\"0\" scrolling=\"no\"><\/iframe><\/p>\n<blockquote class=\"wp-embedded-content\" data-secret=\"YR4lDCfv4s\"><p><a href=\"http:\/\/adopcionpuntodeencuentro.com\/web\/ninos-con-problemas-no-problematicos-por-mercedes-moya-herrero\/\">Ni\u00f1os con problemas, no problem\u00e1ticos. Por Mercedes Moya Herrero<\/a><\/p><\/blockquote>\n<p><iframe class=\"wp-embedded-content\" sandbox=\"allow-scripts\" security=\"restricted\" style=\"position: absolute; clip: rect(1px, 1px, 1px, 1px);\" title=\"&#171;Ni\u00f1os con problemas, no problem\u00e1ticos. Por Mercedes Moya Herrero&#187; &#8212; adopci\u00f3n punto de encuentro\" src=\"http:\/\/adopcionpuntodeencuentro.com\/web\/ninos-con-problemas-no-problematicos-por-mercedes-moya-herrero\/embed\/#?secret=YR4lDCfv4s\" data-secret=\"YR4lDCfv4s\" width=\"600\" height=\"338\" frameborder=\"0\" marginwidth=\"0\" marginheight=\"0\" scrolling=\"no\"><\/iframe><\/p>\n<blockquote class=\"wp-embedded-content\" data-secret=\"aOQnirkqJO\"><p><a href=\"http:\/\/adopcionpuntodeencuentro.com\/web\/miedo-del-miedo-que-da-por-inigo-martinez-de-mandojana\/\">Miedo del Miedo que da. Por I\u00f1igo Mart\u00ednez de Mandojana<\/a><\/p><\/blockquote>\n<p><iframe class=\"wp-embedded-content\" sandbox=\"allow-scripts\" security=\"restricted\" style=\"position: absolute; clip: rect(1px, 1px, 1px, 1px);\" title=\"&#171;Miedo del Miedo que da. Por I\u00f1igo Mart\u00ednez de Mandojana&#187; &#8212; adopci\u00f3n punto de encuentro\" src=\"http:\/\/adopcionpuntodeencuentro.com\/web\/miedo-del-miedo-que-da-por-inigo-martinez-de-mandojana\/embed\/#?secret=aOQnirkqJO\" data-secret=\"aOQnirkqJO\" width=\"600\" height=\"338\" frameborder=\"0\" marginwidth=\"0\" marginheight=\"0\" scrolling=\"no\"><\/iframe><\/p>\n<blockquote class=\"wp-embedded-content\" data-secret=\"oanYtIKqDf\"><p><a href=\"http:\/\/adopcionpuntodeencuentro.com\/web\/ese-entorno-comodo\/\">Ese entorno c\u00f3modo. Por Mercedes Moya<\/a><\/p><\/blockquote>\n<p><iframe class=\"wp-embedded-content\" sandbox=\"allow-scripts\" security=\"restricted\" style=\"position: absolute; clip: rect(1px, 1px, 1px, 1px);\" title=\"&#171;Ese entorno c\u00f3modo. Por Mercedes Moya&#187; &#8212; adopci\u00f3n punto de encuentro\" src=\"http:\/\/adopcionpuntodeencuentro.com\/web\/ese-entorno-comodo\/embed\/#?secret=oanYtIKqDf\" data-secret=\"oanYtIKqDf\" width=\"600\" height=\"338\" frameborder=\"0\" marginwidth=\"0\" marginheight=\"0\" scrolling=\"no\"><\/iframe><\/p>\n<blockquote class=\"wp-embedded-content\" data-secret=\"I9uQLxMmky\"><p><a href=\"http:\/\/adopcionpuntodeencuentro.com\/web\/escuchar-con-los-ojos-inigo-martinez-de-mandojana\/\">Escuchar con los ojos. I\u00f1igo Mart\u00ednez de Mandojana<\/a><\/p><\/blockquote>\n<p><iframe class=\"wp-embedded-content\" sandbox=\"allow-scripts\" security=\"restricted\" style=\"position: absolute; clip: rect(1px, 1px, 1px, 1px);\" title=\"&#171;Escuchar con los ojos. I\u00f1igo Mart\u00ednez de Mandojana&#187; &#8212; adopci\u00f3n punto de encuentro\" src=\"http:\/\/adopcionpuntodeencuentro.com\/web\/escuchar-con-los-ojos-inigo-martinez-de-mandojana\/embed\/#?secret=I9uQLxMmky\" data-secret=\"I9uQLxMmky\" width=\"600\" height=\"338\" frameborder=\"0\" marginwidth=\"0\" marginheight=\"0\" scrolling=\"no\"><\/iframe><\/p>\n<blockquote class=\"wp-embedded-content\" data-secret=\"odOqtbgfjl\"><p><a href=\"http:\/\/adopcionpuntodeencuentro.com\/web\/comprendiendo-a-los-adolescentes-multiproblematicos-o-no-conchi-martinez-vazquez\/\">Comprendiendo a los adolescentes (multiproblem\u00e1ticos o no). Conchi Mart\u00ednez V\u00e1zquez<\/a><\/p><\/blockquote>\n<p><iframe class=\"wp-embedded-content\" sandbox=\"allow-scripts\" security=\"restricted\" style=\"position: absolute; clip: rect(1px, 1px, 1px, 1px);\" title=\"&#171;Comprendiendo a los adolescentes (multiproblem\u00e1ticos o no). Conchi Mart\u00ednez V\u00e1zquez&#187; &#8212; adopci\u00f3n punto de encuentro\" src=\"http:\/\/adopcionpuntodeencuentro.com\/web\/comprendiendo-a-los-adolescentes-multiproblematicos-o-no-conchi-martinez-vazquez\/embed\/#?secret=odOqtbgfjl\" data-secret=\"odOqtbgfjl\" width=\"600\" height=\"338\" frameborder=\"0\" marginwidth=\"0\" marginheight=\"0\" scrolling=\"no\"><\/iframe><\/p>\n<blockquote class=\"wp-embedded-content\" data-secret=\"AeHfmgFaKr\"><p><a href=\"http:\/\/adopcionpuntodeencuentro.com\/web\/humanizar-el-teaf-carta-abierta-a-la-tutora-de-mi-hija-de-1o-de-e-s-o-por-mercedes-del-valle\/\">HUMANIZAR EL TEAF. Carta abierta a la tutora de mi hija de 1\u00ba de E.S.O . Por Mercedes del Valle<\/a><\/p><\/blockquote>\n<p><iframe class=\"wp-embedded-content\" sandbox=\"allow-scripts\" security=\"restricted\" style=\"position: absolute; clip: rect(1px, 1px, 1px, 1px);\" title=\"&#171;HUMANIZAR EL TEAF. Carta abierta a la tutora de mi hija de 1\u00ba de E.S.O . Por Mercedes del Valle&#187; &#8212; adopci\u00f3n punto de encuentro\" src=\"http:\/\/adopcionpuntodeencuentro.com\/web\/humanizar-el-teaf-carta-abierta-a-la-tutora-de-mi-hija-de-1o-de-e-s-o-por-mercedes-del-valle\/embed\/#?secret=AeHfmgFaKr\" data-secret=\"AeHfmgFaKr\" width=\"600\" height=\"338\" frameborder=\"0\" marginwidth=\"0\" marginheight=\"0\" scrolling=\"no\"><\/iframe><\/p>\n<blockquote class=\"wp-embedded-content\" data-secret=\"4z3oImKdZH\"><p><a href=\"http:\/\/adopcionpuntodeencuentro.com\/web\/guia-para-la-deteccion-y-ayuda-en-la-escuela-de-las-dificultades-de-aprendizaje-por-t-a-t\/\">GU\u00cdA para la detecci\u00f3n y ayuda en la escuela de las Dificultades de aprendizaje por T.A.T<\/a><\/p><\/blockquote>\n<p><iframe class=\"wp-embedded-content\" sandbox=\"allow-scripts\" security=\"restricted\" style=\"position: absolute; clip: rect(1px, 1px, 1px, 1px);\" title=\"&#171;GU\u00cdA para la detecci\u00f3n y ayuda en la escuela de las Dificultades de aprendizaje por T.A.T&#187; &#8212; adopci\u00f3n punto de encuentro\" src=\"http:\/\/adopcionpuntodeencuentro.com\/web\/guia-para-la-deteccion-y-ayuda-en-la-escuela-de-las-dificultades-de-aprendizaje-por-t-a-t\/embed\/#?secret=4z3oImKdZH\" data-secret=\"4z3oImKdZH\" width=\"600\" height=\"338\" frameborder=\"0\" marginwidth=\"0\" marginheight=\"0\" scrolling=\"no\"><\/iframe><\/p>\n<blockquote class=\"wp-embedded-content\" data-secret=\"TjP21fxaok\"><p><a href=\"http:\/\/adopcionpuntodeencuentro.com\/web\/las-funciones-ejecutivas-que-son-y-para-que-sirven\/\">Las funciones ejecutivas. \u00bfQu\u00e9 son y para qu\u00e9 sirven?<\/a><\/p><\/blockquote>\n<p><iframe class=\"wp-embedded-content\" sandbox=\"allow-scripts\" security=\"restricted\" style=\"position: absolute; clip: rect(1px, 1px, 1px, 1px);\" title=\"&#171;Las funciones ejecutivas. \u00bfQu\u00e9 son y para qu\u00e9 sirven?&#187; &#8212; adopci\u00f3n punto de encuentro\" src=\"http:\/\/adopcionpuntodeencuentro.com\/web\/las-funciones-ejecutivas-que-son-y-para-que-sirven\/embed\/#?secret=TjP21fxaok\" data-secret=\"TjP21fxaok\" width=\"600\" height=\"338\" frameborder=\"0\" marginwidth=\"0\" marginheight=\"0\" scrolling=\"no\"><\/iframe><\/p>\n<blockquote class=\"wp-embedded-content\" data-secret=\"YIBqUQoflm\"><p><a href=\"http:\/\/adopcionpuntodeencuentro.com\/web\/epigenetica-y-escuela-que-estamos-permitiendo-que-suceda-o-mejor-dicho-que-no-suceda-por-mercedes-moya\/\">Epigen\u00e9tica y Escuela. \u00bfQu\u00e9 estamos permitiendo que suceda, o mejor dicho que no suceda? Por Mercedes Moya<\/a><\/p><\/blockquote>\n<p><iframe class=\"wp-embedded-content\" sandbox=\"allow-scripts\" security=\"restricted\" style=\"position: absolute; clip: rect(1px, 1px, 1px, 1px);\" title=\"&#171;Epigen\u00e9tica y Escuela. \u00bfQu\u00e9 estamos permitiendo que suceda, o mejor dicho que no suceda? Por Mercedes Moya&#187; &#8212; adopci\u00f3n punto de encuentro\" src=\"http:\/\/adopcionpuntodeencuentro.com\/web\/epigenetica-y-escuela-que-estamos-permitiendo-que-suceda-o-mejor-dicho-que-no-suceda-por-mercedes-moya\/embed\/#?secret=YIBqUQoflm\" data-secret=\"YIBqUQoflm\" width=\"600\" height=\"338\" frameborder=\"0\" marginwidth=\"0\" marginheight=\"0\" scrolling=\"no\"><\/iframe><\/p>\n<blockquote class=\"wp-embedded-content\" data-secret=\"0JfXrDwjvx\"><p><a href=\"http:\/\/adopcionpuntodeencuentro.com\/web\/conductas-tipicas-del-teaf-que-suelen-ser-mal-interpretadas-marga-muniz-aguilar\/\">Conductas t\u00edpicas del TEAF que suelen ser mal interpretadas. Marga Mu\u00f1iz Aguilar<\/a><\/p><\/blockquote>\n<p><iframe class=\"wp-embedded-content\" sandbox=\"allow-scripts\" security=\"restricted\" style=\"position: absolute; clip: rect(1px, 1px, 1px, 1px);\" title=\"&#171;Conductas t\u00edpicas del TEAF que suelen ser mal interpretadas. Marga Mu\u00f1iz Aguilar&#187; &#8212; adopci\u00f3n punto de encuentro\" src=\"http:\/\/adopcionpuntodeencuentro.com\/web\/conductas-tipicas-del-teaf-que-suelen-ser-mal-interpretadas-marga-muniz-aguilar\/embed\/#?secret=0JfXrDwjvx\" data-secret=\"0JfXrDwjvx\" width=\"600\" height=\"338\" frameborder=\"0\" marginwidth=\"0\" marginheight=\"0\" scrolling=\"no\"><\/iframe><\/p>\n<blockquote class=\"wp-embedded-content\" data-secret=\"JpaZvxiVyR\"><p><a href=\"http:\/\/adopcionpuntodeencuentro.com\/web\/el-reto-de-la-reparacion-de-las-secuelas-del-abandono-a-lo-largo-del-proceso-de-integracion-escolar-javier-mugica-flores\/\">El reto de la reparaci\u00f3n de las secuelas del abandono a lo largo del proceso de integraci\u00f3n escolar. Javier M\u00fagica Flores<\/a><\/p><\/blockquote>\n<p><iframe class=\"wp-embedded-content\" sandbox=\"allow-scripts\" security=\"restricted\" style=\"position: absolute; clip: rect(1px, 1px, 1px, 1px);\" title=\"&#171;El reto de la reparaci\u00f3n de las secuelas del abandono a lo largo del proceso de integraci\u00f3n escolar. Javier M\u00fagica Flores&#187; &#8212; adopci\u00f3n punto de encuentro\" src=\"http:\/\/adopcionpuntodeencuentro.com\/web\/el-reto-de-la-reparacion-de-las-secuelas-del-abandono-a-lo-largo-del-proceso-de-integracion-escolar-javier-mugica-flores\/embed\/#?secret=JpaZvxiVyR\" data-secret=\"JpaZvxiVyR\" width=\"600\" height=\"338\" frameborder=\"0\" marginwidth=\"0\" marginheight=\"0\" scrolling=\"no\"><\/iframe><\/p>\n<blockquote class=\"wp-embedded-content\" data-secret=\"Qq9pMkYRNM\"><p><a href=\"http:\/\/adopcionpuntodeencuentro.com\/web\/cuando-el-que-necesita-el-tiempo-fuera-es-el-profesional-por-inigo-mtz-de-mandojana\/\">Cuando el que necesita el \u201ctiempo fuera\u201d es el profesional. Por I\u00f1igo Mtz. de Mandojana<\/a><\/p><\/blockquote>\n<p><iframe class=\"wp-embedded-content\" sandbox=\"allow-scripts\" security=\"restricted\" style=\"position: absolute; clip: rect(1px, 1px, 1px, 1px);\" title=\"&#171;Cuando el que necesita el \u201ctiempo fuera\u201d es el profesional. Por I\u00f1igo Mtz. de Mandojana&#187; &#8212; adopci\u00f3n punto de encuentro\" src=\"http:\/\/adopcionpuntodeencuentro.com\/web\/cuando-el-que-necesita-el-tiempo-fuera-es-el-profesional-por-inigo-mtz-de-mandojana\/embed\/#?secret=Qq9pMkYRNM\" data-secret=\"Qq9pMkYRNM\" width=\"600\" height=\"338\" frameborder=\"0\" marginwidth=\"0\" marginheight=\"0\" scrolling=\"no\"><\/iframe><\/p>\n<blockquote class=\"wp-embedded-content\" data-secret=\"NF4ZYZ7H42\"><p><a href=\"http:\/\/adopcionpuntodeencuentro.com\/web\/herencia-y-conducta-lois-ruskaimelina\/\">Herencia  y Conducta. Lois Ruskaimelina.<\/a><\/p><\/blockquote>\n<p><iframe class=\"wp-embedded-content\" sandbox=\"allow-scripts\" security=\"restricted\" style=\"position: absolute; clip: rect(1px, 1px, 1px, 1px);\" title=\"&#171;Herencia  y Conducta. Lois Ruskaimelina.&#187; &#8212; adopci\u00f3n punto de encuentro\" src=\"http:\/\/adopcionpuntodeencuentro.com\/web\/herencia-y-conducta-lois-ruskaimelina\/embed\/#?secret=NF4ZYZ7H42\" data-secret=\"NF4ZYZ7H42\" width=\"600\" height=\"338\" frameborder=\"0\" marginwidth=\"0\" marginheight=\"0\" scrolling=\"no\"><\/iframe><\/p>\n","protected":false},"excerpt":{"rendered":"<p>En esta secci\u00f3n iremos recogiendo palabras que forman el vocabulario adoptivo. La definici\u00f3n de la palabra ir\u00e1 acompa\u00f1ada de art\u00edculos que hablen sobre el concepto que se intenta definir.<br \/>\nEs una secci\u00f3n abierta que pod\u00e9is enriquecer, tanto si eres familia adoptiva o profesional con trabajos y art\u00edculos que consideres relevantes enviando los enlaces a nuestro correo\u00a0adopcionario@gmail.com para que podamos a\u00f1adirlos a la entrada correspondiente a cada palabra.<\/p>\n","protected":false},"author":1,"featured_media":11450,"comment_status":"open","ping_status":"open","sticky":false,"template":"","format":"standard","meta":{"footnotes":""},"categories":[301,296,297,235,1],"tags":[],"_links":{"self":[{"href":"https:\/\/adopcionpuntodeencuentro.com\/web\/wp-json\/wp\/v2\/posts\/11445"}],"collection":[{"href":"https:\/\/adopcionpuntodeencuentro.com\/web\/wp-json\/wp\/v2\/posts"}],"about":[{"href":"https:\/\/adopcionpuntodeencuentro.com\/web\/wp-json\/wp\/v2\/types\/post"}],"author":[{"embeddable":true,"href":"https:\/\/adopcionpuntodeencuentro.com\/web\/wp-json\/wp\/v2\/users\/1"}],"replies":[{"embeddable":true,"href":"https:\/\/adopcionpuntodeencuentro.com\/web\/wp-json\/wp\/v2\/comments?post=11445"}],"version-history":[{"count":9,"href":"https:\/\/adopcionpuntodeencuentro.com\/web\/wp-json\/wp\/v2\/posts\/11445\/revisions"}],"predecessor-version":[{"id":13987,"href":"https:\/\/adopcionpuntodeencuentro.com\/web\/wp-json\/wp\/v2\/posts\/11445\/revisions\/13987"}],"wp:featuredmedia":[{"embeddable":true,"href":"https:\/\/adopcionpuntodeencuentro.com\/web\/wp-json\/wp\/v2\/media\/11450"}],"wp:attachment":[{"href":"https:\/\/adopcionpuntodeencuentro.com\/web\/wp-json\/wp\/v2\/media?parent=11445"}],"wp:term":[{"taxonomy":"category","embeddable":true,"href":"https:\/\/adopcionpuntodeencuentro.com\/web\/wp-json\/wp\/v2\/categories?post=11445"},{"taxonomy":"post_tag","embeddable":true,"href":"https:\/\/adopcionpuntodeencuentro.com\/web\/wp-json\/wp\/v2\/tags?post=11445"}],"curies":[{"name":"wp","href":"https:\/\/api.w.org\/{rel}","templated":true}]}}