{"id":11701,"date":"2020-01-27T08:55:10","date_gmt":"2020-01-27T07:55:10","guid":{"rendered":"http:\/\/adopcionpuntodeencuentro.com\/web\/?p=11701"},"modified":"2020-01-27T08:55:10","modified_gmt":"2020-01-27T07:55:10","slug":"fracaso-afectivo-y-realidad-por-marga-muniz-aguilar","status":"publish","type":"post","link":"https:\/\/adopcionpuntodeencuentro.com\/web\/fracaso-afectivo-y-realidad-por-marga-muniz-aguilar\/","title":{"rendered":"FRACASO AFECTIVO Y REALIDAD. Por Marga Mu\u00f1iz Aguilar."},"content":{"rendered":"<p><img loading=\"lazy\" decoding=\"async\" class=\"alignleft wp-image-11714\" src=\"http:\/\/adopcionpuntodeencuentro.com\/web\/wp-content\/uploads\/Imagen-de-engin-akyurt-en-Pixabay01.jpg\" alt=\"\" width=\"697\" height=\"465\" srcset=\"https:\/\/adopcionpuntodeencuentro.com\/web\/wp-content\/uploads\/Imagen-de-engin-akyurt-en-Pixabay01.jpg 1024w, https:\/\/adopcionpuntodeencuentro.com\/web\/wp-content\/uploads\/Imagen-de-engin-akyurt-en-Pixabay01-450x300.jpg 450w, https:\/\/adopcionpuntodeencuentro.com\/web\/wp-content\/uploads\/Imagen-de-engin-akyurt-en-Pixabay01-150x100.jpg 150w, https:\/\/adopcionpuntodeencuentro.com\/web\/wp-content\/uploads\/Imagen-de-engin-akyurt-en-Pixabay01-768x512.jpg 768w\" sizes=\"(max-width: 697px) 100vw, 697px\" \/><\/p>\n<p>Los ni\u00f1os y ni\u00f1as adoptados lo han llegado a ser debido a las dificultades detectadas en sus familia de origen por los servicios de protecci\u00f3n de menores.<br \/>\nLa negligencia, el maltrato, la violencia, las situaciones pol\u00edticas y sociales de algunos pa\u00edses o el abandono son factores comunes en las historias previas de muchos de estos menores. En estas situaciones es probable que sus figuras de referencia no hayan sabido o podido dar respuesta a las demandas, necesidades y seguridad que son imprescindibles para un adecuado desarrollo del mundo cognitivo y afectivo de cualquier menor.<\/p>\n<p>Esta adversidad inicial va a marcar sus vidas.<br \/>\nAfectar\u00e1 a sus relaciones futuras, su personalidad, sus emociones, sus conductas, desarrollando expectativas negativas sobre otros adultos y sobre s\u00ed mismos, poniendo en riesgo su capacidad para vincularse a otras personas. Tambi\u00e9n podr\u00e1 afectar a su desarrollo cognitivo.<\/p>\n<p>Por otra parte, las familias adoptivas, en ocasiones, llegan a la adopci\u00f3n tras p\u00e9rdidas como la infertilidad, la ausencia de pareja o el duelo por el hijo que no tuvieron o que perdieron. Y en la mayor\u00eda de los casos llegan sin haber hecho el duelo correspondiente por estas p\u00e9rdidas.<br \/>\nAdem\u00e1s, la adopci\u00f3n se produce tras muchos tr\u00e1mites, exhaustivas evaluaciones psicosociales y largas esperas que la mayor\u00eda de las veces fomentan expectativas muy idealizadas de la futura maternidad y\/o paternidad adoptiva.<br \/>\nA esto hay que sumar que probablemente no tendr\u00e1n modelos de referencia en su entorno sobre c\u00f3mo actuar como padres y madres adoptivos.<\/p>\n<p>La nueva familia se construye, por tanto, a partir del cruce de dos historias. La de un menor que, pese a su corta edad,posiblemente haya sufrido bastantes p\u00e9rdidas, entre ellas, y c\u00f3mo m\u00ednimo, la separaci\u00f3n de su familia de nacimiento, por mucho que no fuera funcional y, por tanto, habiendo experimentado un trauma ya en el inicio de su vida. La de unos adultos con expectativas poco realistas y probablemente sin haber elaborado el duelo por sus propias p\u00e9rdidas.<\/p>\n<p>Adem\u00e1s, pueden existir algunos factores de riesgo que pueden agravar la situaci\u00f3n.<\/p>\n<p><strong>En los menores:<\/strong><br \/>\n&#8211; Familia biol\u00f3gica con antecedentes de enfermedad mental o exposici\u00f3n fetal al alcohol y las drogas.<br \/>\n&#8211; Per\u00edodo largo de institucionalizaci\u00f3n, con m\u00faltiples cuidadores.<br \/>\n&#8211; Menores que han sufrido alg\u00fan tipo de abuso sexual.<\/p>\n<p><strong>En la familia adoptiva:<\/strong><br \/>\n&#8211; Motivaci\u00f3n inadecuada<br \/>\n-Diferencias dentro de la pareja.<br \/>\n&#8211; Falta de apoyo por parte de la familia extensa.<\/p>\n<p>Y en estas circunstancias comienzan su historia en com\u00fan como familia. La mezcla puede llegar a ser explosiva.<br \/>\n\u00bfQu\u00e9 hacer cuando las experiencias negativas se amontonan, pese a la buena voluntad de ambas partes?<br \/>\n\u00bfQu\u00e9 hacer cuando las experiencias negativas se amontonan pese a la buena voluntad, aparente, de una sola de las partes?<br \/>\n\u00bfQu\u00e9 hacer con el sentimiento de fracaso que se apodera de todas las partes?<br \/>\n\u00bfDe qui\u00e9n es el fracaso?\u00bfDe los padres y\/o madres?<\/p>\n<p>\u00bfDe los hijos o hijas?<br \/>\n\u00bfDe la ECAI o de la Administraci\u00f3n que no inform\u00f3 adecuadamente?<br \/>\n\u00bfDel sistema educativo que no entiende la realidad de estos menores?<br \/>\n\u00bfDel sistema sanitario que no sabe dar diagn\u00f3sticos adecuados?<br \/>\n\u00bfDel sistema judicial que los condena sin tener presente su posible discapacidad?<br \/>\n\u00bfQu\u00e9 hacer cuando surgen sentimientos de culpa, reproches, incomprensi\u00f3n, impotencia, agresividad, intolerancia?<\/p>\n<h2><strong>Nadie nos hab\u00eda dicho que esto pod\u00eda ocurrir<\/strong><\/h2>\n<p><img loading=\"lazy\" decoding=\"async\" class=\"alignleft wp-image-11706\" src=\"http:\/\/adopcionpuntodeencuentro.com\/web\/wp-content\/uploads\/glass--1024x683.jpg\" alt=\"\" width=\"670\" height=\"447\" srcset=\"https:\/\/adopcionpuntodeencuentro.com\/web\/wp-content\/uploads\/glass--1024x683.jpg 1024w, https:\/\/adopcionpuntodeencuentro.com\/web\/wp-content\/uploads\/glass--450x300.jpg 450w, https:\/\/adopcionpuntodeencuentro.com\/web\/wp-content\/uploads\/glass--150x100.jpg 150w, https:\/\/adopcionpuntodeencuentro.com\/web\/wp-content\/uploads\/glass--768x512.jpg 768w, https:\/\/adopcionpuntodeencuentro.com\/web\/wp-content\/uploads\/glass--1536x1024.jpg 1536w, https:\/\/adopcionpuntodeencuentro.com\/web\/wp-content\/uploads\/glass-.jpg 1920w\" sizes=\"(max-width: 670px) 100vw, 670px\" \/><\/p>\n<p>&nbsp;<\/p>\n<p>O si nos lo hab\u00edan dicho no lo hab\u00edamos querido o\u00edr pensando que esto no nos podr\u00eda ocurrir a nosotros. Quiz\u00e1s a otros, pero a nosotros no.<br \/>\nNosotros nos hemos preparado, somos tolerantes, no tenemos expectativas irreales, lo hemos apostado todo por ellos. Y los queremos. Tal como son. Con sus luces y sus sombras. Con sus blancos y sus negros. Sin grises.<\/p>\n<p>Pero, con todo, sentimos el dolor del fracaso. El nuestro y el suyo. Incluso puede que m\u00e1s el suyo que el nuestro. <strong>Porque, adem\u00e1s, no se dejan ayudar.<\/strong><\/p>\n<p>\u00bfQu\u00e9 nos queda?<br \/>\n\u00bfQu\u00e9 podemos hacer?<br \/>\n\u00bfResignarnos?<br \/>\n\u00bfSufrir el resto de nuestras vidas y verlos sufrir a ellos?<\/p>\n<p>No. No s\u00e9 muy bien, pero s\u00e9 que la respuesta es no.<br \/>\n\u00bfQu\u00e9 tal si nos bajamos de nuestro pedestal de personas eficaces, responsables, disciplinadas, con un buen nivel de estudio y de trabajo o no, pero personas honradas y trabajadoras que lo hemos conseguido todo con nuestro esfuerzo?<br \/>\n\u00bfQu\u00e9 tal si miramos hacia dentro y vemos nuestras debilidades y flaquezas, las cosas que no hemos conseguido superar, aquellas que conocemos y otras muchas que incluso ignoramos?<br \/>\n\u00bfQu\u00e9 tal si en vez de ver el mundo como una competici\u00f3n donde vence el m\u00e1s fuerte lo empezamos a ver como un lugar donde vence la cooperaci\u00f3n de los que parecen m\u00e1s d\u00e9biles?<br \/>\nSeg\u00fan los bi\u00f3logos, las c\u00e9lulas pueden sobrevivir sin ayuda pero buscan activamente entornos que permitan su supervivencia y evitan los que les resultan hostiles o t\u00f3xicos.<br \/>\n\u00bfQu\u00e9 tal si en vez de esperar que imiten el estilo competitivo de esta sociedad les animamos a imitar el comportamiento de las c\u00e9lulas, que se unen y cooperan para formar grupos m\u00e1s fuertes e inteligentes?<br \/>\n\u00bfQu\u00e9 tal si los m\u00e1s fuertes ayudan a los m\u00e1s d\u00e9biles y, de esta forma, todos nos volvemos m\u00e1s fuertes? Ellos y nosotros.<\/p>\n<h2><strong>El fracaso no es nuestro ni de ellos. Es de todos<\/strong><\/h2>\n<p><img loading=\"lazy\" decoding=\"async\" class=\"alignleft wp-image-11707\" src=\"http:\/\/adopcionpuntodeencuentro.com\/web\/wp-content\/uploads\/girl-450x286.jpg\" alt=\"\" width=\"670\" height=\"426\" srcset=\"https:\/\/adopcionpuntodeencuentro.com\/web\/wp-content\/uploads\/girl-450x286.jpg 450w, https:\/\/adopcionpuntodeencuentro.com\/web\/wp-content\/uploads\/girl-1024x651.jpg 1024w, https:\/\/adopcionpuntodeencuentro.com\/web\/wp-content\/uploads\/girl-150x95.jpg 150w, https:\/\/adopcionpuntodeencuentro.com\/web\/wp-content\/uploads\/girl-768x488.jpg 768w, https:\/\/adopcionpuntodeencuentro.com\/web\/wp-content\/uploads\/girl.jpg 1087w\" sizes=\"(max-width: 670px) 100vw, 670px\" \/><\/p>\n<p>De todos por no ser capaces de ver m\u00e1s all\u00e1 de las apariencias.<br \/>\nPor no ver que detr\u00e1s de las apariencias hay otras muchas realidades.<br \/>\nQue no todo es que estudien.<br \/>\nNi que saquen el t\u00edtulo de la ESO.<br \/>\nO como mal menor que saquen el t\u00edtulo de la ESA.<br \/>\nQue tampoco es que encuentren un trabajo y lo mantengan.<br \/>\nQue no s\u00f3lo tenemos cabeza.<br \/>\nQu\u00e9 tambi\u00e9n tenemos coraz\u00f3n.<br \/>\nY cuerpo.<br \/>\nY sufren y sufrimos con el coraz\u00f3n y con el cuerpo.<\/p>\n<p>Y ahora me dir\u00e1n: Ya, pero vivimos en sociedad.<br \/>\n\u00bfY qu\u00e9?<br \/>\nEs como cuando un profesor dice: es que tengo 25 m\u00e1s.<br \/>\n\u00bfY qu\u00e9?<br \/>\nSi le ense\u00f1as a trabajar desde la cooperaci\u00f3n dar\u00e1 igual que no los trates a todos de la misma forma. Porque eso es lo justo.<br \/>\nNo se trata de tener derecho a ser iguales, sino de tener igual derecho a ser diferentes.<br \/>\nPues igual en casa.<br \/>\nY en la calle.<br \/>\nY en todas partes.<\/p>\n<p>\u00bfPor qu\u00e9 tiene que tener amigos de su edad, si no tiene la misma edad que sus amigos?<br \/>\nSi te duele a ti, le va a doler a \u00e9l o ella.<br \/>\nSi no te duele a ti, no le va a doler a \u00e9l o ella.<\/p>\n<h2><strong>El principio del cambio est\u00e1 en nosotros<\/strong><\/h2>\n<p><img loading=\"lazy\" decoding=\"async\" class=\"alignleft wp-image-11708\" src=\"http:\/\/adopcionpuntodeencuentro.com\/web\/wp-content\/uploads\/adult-1846428_1280.jpg\" alt=\"\" width=\"670\" height=\"476\" srcset=\"https:\/\/adopcionpuntodeencuentro.com\/web\/wp-content\/uploads\/adult-1846428_1280.jpg 800w, https:\/\/adopcionpuntodeencuentro.com\/web\/wp-content\/uploads\/adult-1846428_1280-450x320.jpg 450w, https:\/\/adopcionpuntodeencuentro.com\/web\/wp-content\/uploads\/adult-1846428_1280-150x107.jpg 150w, https:\/\/adopcionpuntodeencuentro.com\/web\/wp-content\/uploads\/adult-1846428_1280-768x545.jpg 768w\" sizes=\"(max-width: 670px) 100vw, 670px\" \/><\/p>\n<p>&nbsp;<\/p>\n<p>Si quieres cambiar el mundo, empieza cambiando t\u00fa.<br \/>\nNo es f\u00e1cil.<br \/>\nPero es cuesti\u00f3n de ponerse. Y de ponerse con otros.<br \/>\nComo las c\u00e9lulas.<br \/>\nBuscando entornos que no sean hostiles ni t\u00f3xicos.<br \/>\nDejando la mentalidad de que s\u00f3lo los m\u00e1s aptos sobreviven.<br \/>\nAgrup\u00e1ndonos en una fuerza \u00fanica.<br \/>\nDejando de perseguir el viento\u2026<br \/>\nPorque el cambio s\u00ed es posible.<br \/>\nEntre todos.<br \/>\nPorque a todos nos pasan las mismas cosas.<br \/>\nAunque parezcan diferentes.<br \/>\nS\u00f3lo hay que mirar en su interior y en el nuestro para darnos cuenta de que detr\u00e1s de las apariencias hay otras muchas realidades.<\/p>\n<p>&nbsp;<\/p>\n<p>&nbsp;<\/p>\n<p><img loading=\"lazy\" decoding=\"async\" class=\"alignleft wp-image-10396\" src=\"http:\/\/adopcionpuntodeencuentro.com\/web\/wp-content\/uploads\/VIVIR-CON-TEAF-logo-450x139.jpg\" alt=\"\" width=\"350\" height=\"108\" srcset=\"https:\/\/adopcionpuntodeencuentro.com\/web\/wp-content\/uploads\/VIVIR-CON-TEAF-logo-450x139.jpg 450w, https:\/\/adopcionpuntodeencuentro.com\/web\/wp-content\/uploads\/VIVIR-CON-TEAF-logo-150x46.jpg 150w, https:\/\/adopcionpuntodeencuentro.com\/web\/wp-content\/uploads\/VIVIR-CON-TEAF-logo-768x238.jpg 768w, https:\/\/adopcionpuntodeencuentro.com\/web\/wp-content\/uploads\/VIVIR-CON-TEAF-logo-1024x317.jpg 1024w\" sizes=\"(max-width: 350px) 100vw, 350px\" \/><\/p>\n<p><span style=\"color: #eb2157;\"><em>Secci\u00f3n dirigida por\u00a0\u00a0<span style=\"color: #33cccc;\"><strong><a style=\"color: #33cccc;\" href=\"http:\/\/margamunizaguilar.com\/\" target=\"_blank\" rel=\"noopener noreferrer\">Marga Mu\u00f1iz Aguilar<\/a><span style=\"color: #eb2157;\">,<\/span><\/strong><span style=\"color: #eb2157;\">\u00a0<\/span><\/span>Orientadora Educativa, Terapeuta, especialista en temas educativos y adopci\u00f3n internacional. Fundadora y directora de la asociaci\u00f3n<span style=\"color: #33cccc;\"> <strong><a style=\"color: #33cccc;\" href=\"https:\/\/toleranciacero.org.es\/web\/\" target=\"_blank\" rel=\"noopener noreferrer\">Tolerancia Cero<\/a>\u00a0<\/strong><span style=\"color: #eb2157;\">q<\/span><\/span>ue en este espacio\u00a0pondr\u00e1 en relieve aspectos de inter\u00e9s vital \u00a0que sirvan para comprender, hacer m\u00e1s visible y ayudar a todas las familias, a los ni\u00f1os y ni\u00f1as y adolescentes que de una u otra forma se ven afectados por\u00a0el <span style=\"color: #33cccc;\"><strong><a style=\"color: #33cccc;\" href=\"https:\/\/toleranciacero.org.es\/web\/alcohol\/\" target=\"_blank\" rel=\"noopener noreferrer\">Trastorno del Espectro Alcoh\u00f3lico Fetal (TEAF).<br \/>\n<\/a><\/strong><\/span><\/em><\/span><\/p>\n<div class='divider' > <\/div>\n<p><img loading=\"lazy\" decoding=\"async\" class=\"aligncenter wp-image-10609 size-full\" src=\"http:\/\/adopcionpuntodeencuentro.com\/web\/wp-content\/uploads\/biograf\u00eda-marga-mu\u00f1iz-aguilar-last-1.jpg\" alt=\"\" width=\"1386\" height=\"674\" srcset=\"https:\/\/adopcionpuntodeencuentro.com\/web\/wp-content\/uploads\/biograf\u00eda-marga-mu\u00f1iz-aguilar-last-1.jpg 1386w, https:\/\/adopcionpuntodeencuentro.com\/web\/wp-content\/uploads\/biograf\u00eda-marga-mu\u00f1iz-aguilar-last-1-150x73.jpg 150w, https:\/\/adopcionpuntodeencuentro.com\/web\/wp-content\/uploads\/biograf\u00eda-marga-mu\u00f1iz-aguilar-last-1-450x219.jpg 450w, https:\/\/adopcionpuntodeencuentro.com\/web\/wp-content\/uploads\/biograf\u00eda-marga-mu\u00f1iz-aguilar-last-1-768x373.jpg 768w, https:\/\/adopcionpuntodeencuentro.com\/web\/wp-content\/uploads\/biograf\u00eda-marga-mu\u00f1iz-aguilar-last-1-1024x498.jpg 1024w\" sizes=\"(max-width: 1386px) 100vw, 1386px\" \/><\/p>\n","protected":false},"excerpt":{"rendered":"<p>\u00bfQu\u00e9 hacer con el sentimiento de fracaso que se apodera de todas las partes? Cuando sentimos el dolor del fracaso. El nuestro y el suyo. Incluso puede que m\u00e1s el suyo que el nuestro. Nadie nos hab\u00eda dicho que esto pod\u00eda ocurrir. O si nos lo hab\u00edan dicho no lo hab\u00edamos querido o\u00edr pensando que esto no nos podr\u00eda ocurrir a nosotros. Quiz\u00e1s a otros, pero a nosotros no.<\/p>\n","protected":false},"author":1,"featured_media":11705,"comment_status":"open","ping_status":"open","sticky":false,"template":"","format":"standard","meta":{"footnotes":""},"categories":[267,113,75,286,287,295,290],"tags":[64,27,45,14,230,55,16,28,58,126,51,70],"_links":{"self":[{"href":"https:\/\/adopcionpuntodeencuentro.com\/web\/wp-json\/wp\/v2\/posts\/11701"}],"collection":[{"href":"https:\/\/adopcionpuntodeencuentro.com\/web\/wp-json\/wp\/v2\/posts"}],"about":[{"href":"https:\/\/adopcionpuntodeencuentro.com\/web\/wp-json\/wp\/v2\/types\/post"}],"author":[{"embeddable":true,"href":"https:\/\/adopcionpuntodeencuentro.com\/web\/wp-json\/wp\/v2\/users\/1"}],"replies":[{"embeddable":true,"href":"https:\/\/adopcionpuntodeencuentro.com\/web\/wp-json\/wp\/v2\/comments?post=11701"}],"version-history":[{"count":11,"href":"https:\/\/adopcionpuntodeencuentro.com\/web\/wp-json\/wp\/v2\/posts\/11701\/revisions"}],"predecessor-version":[{"id":11733,"href":"https:\/\/adopcionpuntodeencuentro.com\/web\/wp-json\/wp\/v2\/posts\/11701\/revisions\/11733"}],"wp:featuredmedia":[{"embeddable":true,"href":"https:\/\/adopcionpuntodeencuentro.com\/web\/wp-json\/wp\/v2\/media\/11705"}],"wp:attachment":[{"href":"https:\/\/adopcionpuntodeencuentro.com\/web\/wp-json\/wp\/v2\/media?parent=11701"}],"wp:term":[{"taxonomy":"category","embeddable":true,"href":"https:\/\/adopcionpuntodeencuentro.com\/web\/wp-json\/wp\/v2\/categories?post=11701"},{"taxonomy":"post_tag","embeddable":true,"href":"https:\/\/adopcionpuntodeencuentro.com\/web\/wp-json\/wp\/v2\/tags?post=11701"}],"curies":[{"name":"wp","href":"https:\/\/api.w.org\/{rel}","templated":true}]}}