{"id":11863,"date":"2020-03-02T09:12:43","date_gmt":"2020-03-02T08:12:43","guid":{"rendered":"http:\/\/adopcionpuntodeencuentro.com\/web\/?p=11863"},"modified":"2020-03-02T09:12:43","modified_gmt":"2020-03-02T08:12:43","slug":"la-busqueda-de-origenes-entre-la-gratitud-y-el-reconocimiento-por-juan-alonso-casalilla-galan","status":"publish","type":"post","link":"https:\/\/adopcionpuntodeencuentro.com\/web\/la-busqueda-de-origenes-entre-la-gratitud-y-el-reconocimiento-por-juan-alonso-casalilla-galan\/","title":{"rendered":"La b\u00fasqueda de or\u00edgenes. Entre la gratitud y el reconocimiento. Por Juan Alonso Casalilla Gal\u00e1n"},"content":{"rendered":"<p><img loading=\"lazy\" decoding=\"async\" class=\"alignleft wp-image-11875\" src=\"http:\/\/adopcionpuntodeencuentro.com\/web\/wp-content\/uploads\/origenes001-1024x682.jpg\" alt=\"\" width=\"714\" height=\"476\" srcset=\"https:\/\/adopcionpuntodeencuentro.com\/web\/wp-content\/uploads\/origenes001-1024x682.jpg 1024w, https:\/\/adopcionpuntodeencuentro.com\/web\/wp-content\/uploads\/origenes001-450x300.jpg 450w, https:\/\/adopcionpuntodeencuentro.com\/web\/wp-content\/uploads\/origenes001-150x100.jpg 150w, https:\/\/adopcionpuntodeencuentro.com\/web\/wp-content\/uploads\/origenes001-768x512.jpg 768w, https:\/\/adopcionpuntodeencuentro.com\/web\/wp-content\/uploads\/origenes001.jpg 1280w\" sizes=\"(max-width: 714px) 100vw, 714px\" \/>Hace poco tiempo aparec\u00eda la rese\u00f1a de un libro, donde la autora, como persona adoptada afirmaba que el proceso de b\u00fasqueda activa de sus or\u00edgenes, que inici\u00f3 como joven adulta, fue una aut\u00e9ntica odisea. Afirmaba desde su experiencia como <strong>\u201cmuchos adoptados son cuestionados por familiares cuando buscan respuestas y se les tacha de <em>ingratos<\/em>\u201d <\/strong>y c\u00f3mo son vistos como desagradecidos, demostrando desprecio por lo recibido.<\/p>\n<p>Todos los implicados de alguna manera en los servicios de protecci\u00f3n infantil, sabemos que es muy frecuente enfrentarse con la idea, la sensaci\u00f3n o el sentimiento de traici\u00f3n, cuando el ni\u00f1o, el adolescente o el adulto joven, dirige su mirada a sus or\u00edgenes, su pasado y su familia biol\u00f3gica. Este sentimiento profundo no s\u00f3lo aflora cuando hay una b\u00fasqueda activa de los or\u00edgenes, aparece y se manifiesta de diversas formas cuando los chicos tienen alg\u00fan recuerdo positivo de su pasado, aparece la familia biol\u00f3gica idealizada o se refieren a \u00e9sta de forma positiva. No pocos padres se quejan de ingratitud, apelando a un supuesto <em>d\u00e9ficit<\/em> en el necesario retorno del afecto que se les debe. Este es un sentimiento universal, no s\u00f3lo restringido a los padres adoptivos.<\/p>\n<p>Por parte de los padres, son muchos los desvelos, preocupaciones y renuncias que no tienen ni tendr\u00e1n el eco que esperaban. \u00bfC\u00f3mo puede ser que despu\u00e9s del amor incondicional entregado, los esfuerzos realizados\u2026 nuestro hijo mire a otro lado, \u00a0e invierta gran parte de su inter\u00e9s en un pasado marcado muchas veces por el desamparado, la desatenci\u00f3n y el abandono?<\/p>\n<p>Esta es una reacci\u00f3n l\u00f3gica, las leyes del psiquismo nos impulsan a hacernos esta pregunta dolorosa, cuando la persona, sobre la que hemos depositado nuestro m\u00e1s profundo inter\u00e9s y afecto mira a otro lado. Esta reacci\u00f3n natural nos habla de que quiz\u00e1 debemos cuestionarnos cu\u00e1l es nuestro lugar como padres en la relaci\u00f3n con los hijos y puede ilustrar el lugar que puede ocupar la deuda y la gratitud en la base y fundamento de las relaciones entre padres e hijos.<\/p>\n<p>Concebir la necesidad de un cierto retorno <em>equitativo <\/em>del afecto invertido o la necesidad de un resultado positivo del desarrollo, acorde a nuestros generosos esfuerzos, supone una concepci\u00f3n de la parentalidad donde predomina una <em>ganancia<\/em> del lado del adulto. Esta \u201c<em>ganancia\u201d<\/em> en el sentido de retorno de lo invertido, adopta m\u00faltiples formas, una de ellas es la que describimos al principio: cierto malestar cuando el hijo adoptivo mira hac\u00eda su origen con profundo inter\u00e9s. Este malestar adopta la forma extrema de aparecer en forma de imputar al chico ingratitud.<\/p>\n<p>En el caso del adoptado, como en el caso del ni\u00f1o que tenemos en acogida y como no, \u00a0en el hijo biol\u00f3gico, la parentalidad supone para que se d\u00e9 progreso y desarrollo que el padre respete los\u00a0 interese del hijo, que permita mirar a otro lado. El hecho de que el chico oriente su inter\u00e9s a sus or\u00edgenes o a su historia y que esto, en determinados momentos, tome la forma de b\u00fasqueda de personas significativas de su pasado, es l\u00f3gico y puede incomodarnos, salvo que nos situemos en el lugar de igual. Si nos situamos en el lugar de igual surge la competencia y el miedo a la p\u00e9rdida de amor. Pero el amor parental supone tambi\u00e9n amar y sostener el amor y el inter\u00e9s de nuestro hijo por otros.<\/p>\n<p>Aqu\u00ed <a href=\"https:\/\/es.wikipedia.org\/wiki\/Teor%C3%ADa_del_apego\" target=\"_blank\" rel=\"noopener noreferrer\">la teor\u00eda del apego<\/a> de <a href=\"https:\/\/es.wikipedia.org\/wiki\/John_Bowlby\" target=\"_blank\" rel=\"noopener noreferrer\">John Bowlby<\/a> viene a echar luz sobre este tema tan recurrente y pueda ayudarnos a pensar. Recordemos como un apego seguro supone una figura estable, disponible y sensible a las necesidades (intereses) del hijo, que es capaz de erigirse en base segura a partir de la cual explorar el mundo que rodea.<\/p>\n<p><a href=\"https:\/\/es.wikipedia.org\/wiki\/John_Bowlby\" target=\"_blank\" rel=\"noopener noreferrer\">John Bowlby<\/a> y la investigaci\u00f3n posterior nos recuerda que las condiciones en que se proporciona este sost\u00e9n a la exploraci\u00f3n son determinantes para que el v\u00ednculo cumpla su funci\u00f3n de manera adecuada:<strong> ser protegido y ser ayudado a interpretar el mundo<\/strong>. Esta estructura relacional no es s\u00f3lo v\u00e1lida para la primera infancia, lo es en cualquier momento evolutivo. Ser una figura estable y segura que permite explorar el mundo, con la seguridad de que se puede retornar.<\/p>\n<p><img loading=\"lazy\" decoding=\"async\" class=\"alignleft wp-image-11873 \" src=\"http:\/\/adopcionpuntodeencuentro.com\/web\/wp-content\/uploads\/deseoy-adop3-1024x682.jpg\" alt=\"\" width=\"699\" height=\"466\" srcset=\"https:\/\/adopcionpuntodeencuentro.com\/web\/wp-content\/uploads\/deseoy-adop3-1024x682.jpg 1024w, https:\/\/adopcionpuntodeencuentro.com\/web\/wp-content\/uploads\/deseoy-adop3-450x300.jpg 450w, https:\/\/adopcionpuntodeencuentro.com\/web\/wp-content\/uploads\/deseoy-adop3-150x100.jpg 150w, https:\/\/adopcionpuntodeencuentro.com\/web\/wp-content\/uploads\/deseoy-adop3-768x512.jpg 768w, https:\/\/adopcionpuntodeencuentro.com\/web\/wp-content\/uploads\/deseoy-adop3.jpg 1280w\" sizes=\"(max-width: 699px) 100vw, 699px\" \/>La funci\u00f3n parental, retraducida para otros momentos evolutivos puede ser le\u00edda como ese referente estable y seguro que gracias a su presencia ayuda al ni\u00f1o al adolescente o al adulto joven a descifrar el mundo que le rodea.\u00a0 Y aqu\u00ed es donde entra la particularidad de los chicos y chicas que han pasado por el sistema de protecci\u00f3n<strong>, para ellos el hecho de haber sido separados de sus padres y vivir con otra familia, supone el acontecimiento m\u00e1s trascendente de su historia y vida<\/strong>.\u00a0 Recordemos que nuestros hijos nos \u201ccolocar\u00e1n\u201d en el lugar de padres si somos capaces de ayudarles a descifrar el mundo complejo que les rodea. Este aforismo puede iluminar nuestra tarea como padres en relaci\u00f3n con el hecho adoptivo en cuanto a or\u00edgenes y desarrollo de la propia historia.<\/p>\n<p>Por lo tanto, el hecho de que nuestro hijo o menor guardado muestre inter\u00e9s por sus padres biol\u00f3gicos, por su historia, por las circunstancias que rodearon la separaci\u00f3n de su familia o incluso inicie una b\u00fasqueda activa de personas significativas de su pasado <strong>y nos busque como apoyo<\/strong> es un indicador de que somos una base segura, no es ni m\u00e1s ni menos que un precioso reconocimiento de que somos la figura que deseamos ser\u2026su referencia en la nueva vida que le proporcionamos en su d\u00eda.<\/p>\n<p>&nbsp;<\/p>\n<div class='divider' > <\/div>\n<p><img loading=\"lazy\" decoding=\"async\" class=\"size-medium wp-image-11769 alignleft\" src=\"http:\/\/adopcionpuntodeencuentro.com\/web\/wp-content\/uploads\/LOGO-DESEO-con-subt\u00edtulo-l-450x171.jpg\" alt=\"\" width=\"450\" height=\"171\" srcset=\"https:\/\/adopcionpuntodeencuentro.com\/web\/wp-content\/uploads\/LOGO-DESEO-con-subt\u00edtulo-l-450x171.jpg 450w, https:\/\/adopcionpuntodeencuentro.com\/web\/wp-content\/uploads\/LOGO-DESEO-con-subt\u00edtulo-l-1024x390.jpg 1024w, https:\/\/adopcionpuntodeencuentro.com\/web\/wp-content\/uploads\/LOGO-DESEO-con-subt\u00edtulo-l-150x57.jpg 150w, https:\/\/adopcionpuntodeencuentro.com\/web\/wp-content\/uploads\/LOGO-DESEO-con-subt\u00edtulo-l-768x292.jpg 768w, https:\/\/adopcionpuntodeencuentro.com\/web\/wp-content\/uploads\/LOGO-DESEO-con-subt\u00edtulo-l.jpg 1509w\" sizes=\"(max-width: 450px) 100vw, 450px\" \/><\/p>\n<p>&nbsp;<\/p>\n<p>&nbsp;<\/p>\n<h4>Esta es una secci\u00f3n dirigida por Juan Alonso Casalilla Gal\u00e1n y que tiene como objetivo dar algunas claves para pensar de otra manera, interrogarnos y reflexionar sobre aspectos generales que est\u00e1n en la base y que son la raz\u00f3n de ser de las relaciones en adopci\u00f3n y acogimiento.<\/h4>\n<p>&nbsp;<\/p>\n<div class='divider' > <\/div>\n<p><a href=\"http:\/\/deseoyrazon.blogspot.com\/\"><img loading=\"lazy\" decoding=\"async\" class=\"aligncenter wp-image-8164 size-full\" src=\"http:\/\/adopcionpuntodeencuentro.com\/web\/wp-content\/uploads\/Juan-alonso-CASALILLA-BIOGRAF\u00cdA-XL.jpg\" alt=\"\" width=\"1057\" height=\"484\" srcset=\"https:\/\/adopcionpuntodeencuentro.com\/web\/wp-content\/uploads\/Juan-alonso-CASALILLA-BIOGRAF\u00cdA-XL.jpg 1057w, https:\/\/adopcionpuntodeencuentro.com\/web\/wp-content\/uploads\/Juan-alonso-CASALILLA-BIOGRAF\u00cdA-XL-150x69.jpg 150w, https:\/\/adopcionpuntodeencuentro.com\/web\/wp-content\/uploads\/Juan-alonso-CASALILLA-BIOGRAF\u00cdA-XL-450x206.jpg 450w, https:\/\/adopcionpuntodeencuentro.com\/web\/wp-content\/uploads\/Juan-alonso-CASALILLA-BIOGRAF\u00cdA-XL-768x352.jpg 768w, https:\/\/adopcionpuntodeencuentro.com\/web\/wp-content\/uploads\/Juan-alonso-CASALILLA-BIOGRAF\u00cdA-XL-1024x469.jpg 1024w\" sizes=\"(max-width: 1057px) 100vw, 1057px\" \/><\/a><\/p>\n<p>&nbsp;<\/p>\n","protected":false},"excerpt":{"rendered":"<p>Es muy frecuente enfrentarse con la idea, la sensaci\u00f3n o el sentimiento de traici\u00f3n, cuando el ni\u00f1o, el adolescente o el adulto joven, dirige su mirada a sus or\u00edgenes, su pasado y su familia biol\u00f3gica.<br \/>\nNo pocos padres se quejan de ingratitud, apelando a un supuesto d\u00e9ficit en el necesario retorno del afecto que se les debe. Este es un sentimiento universal, no s\u00f3lo restringido a los padres adoptivos.<\/p>\n","protected":false},"author":1,"featured_media":11877,"comment_status":"open","ping_status":"open","sticky":false,"template":"","format":"standard","meta":{"footnotes":""},"categories":[188,305,267,75,307],"tags":[],"_links":{"self":[{"href":"https:\/\/adopcionpuntodeencuentro.com\/web\/wp-json\/wp\/v2\/posts\/11863"}],"collection":[{"href":"https:\/\/adopcionpuntodeencuentro.com\/web\/wp-json\/wp\/v2\/posts"}],"about":[{"href":"https:\/\/adopcionpuntodeencuentro.com\/web\/wp-json\/wp\/v2\/types\/post"}],"author":[{"embeddable":true,"href":"https:\/\/adopcionpuntodeencuentro.com\/web\/wp-json\/wp\/v2\/users\/1"}],"replies":[{"embeddable":true,"href":"https:\/\/adopcionpuntodeencuentro.com\/web\/wp-json\/wp\/v2\/comments?post=11863"}],"version-history":[{"count":11,"href":"https:\/\/adopcionpuntodeencuentro.com\/web\/wp-json\/wp\/v2\/posts\/11863\/revisions"}],"predecessor-version":[{"id":11878,"href":"https:\/\/adopcionpuntodeencuentro.com\/web\/wp-json\/wp\/v2\/posts\/11863\/revisions\/11878"}],"wp:featuredmedia":[{"embeddable":true,"href":"https:\/\/adopcionpuntodeencuentro.com\/web\/wp-json\/wp\/v2\/media\/11877"}],"wp:attachment":[{"href":"https:\/\/adopcionpuntodeencuentro.com\/web\/wp-json\/wp\/v2\/media?parent=11863"}],"wp:term":[{"taxonomy":"category","embeddable":true,"href":"https:\/\/adopcionpuntodeencuentro.com\/web\/wp-json\/wp\/v2\/categories?post=11863"},{"taxonomy":"post_tag","embeddable":true,"href":"https:\/\/adopcionpuntodeencuentro.com\/web\/wp-json\/wp\/v2\/tags?post=11863"}],"curies":[{"name":"wp","href":"https:\/\/api.w.org\/{rel}","templated":true}]}}