{"id":12019,"date":"2020-03-30T09:29:32","date_gmt":"2020-03-30T07:29:32","guid":{"rendered":"http:\/\/adopcionpuntodeencuentro.com\/web\/?p=12019"},"modified":"2020-12-05T13:53:55","modified_gmt":"2020-12-05T12:53:55","slug":"abookcion-la-regulacion-emocional-de-rafael-benito-moraga","status":"publish","type":"post","link":"https:\/\/adopcionpuntodeencuentro.com\/web\/abookcion-la-regulacion-emocional-de-rafael-benito-moraga\/","title":{"rendered":"ABOOKCI\u00d3N. La regulaci\u00f3n emocional. De Rafael Benito Moraga"},"content":{"rendered":"<p><img loading=\"lazy\" decoding=\"async\" class=\"alignleft wp-image-12025\" src=\"http:\/\/adopcionpuntodeencuentro.com\/web\/wp-content\/uploads\/la-regulaci\u00f3n-emocional-524x768.jpg\" alt=\"\" width=\"407\" height=\"597\" srcset=\"https:\/\/adopcionpuntodeencuentro.com\/web\/wp-content\/uploads\/la-regulaci\u00f3n-emocional-524x768.jpg 524w, https:\/\/adopcionpuntodeencuentro.com\/web\/wp-content\/uploads\/la-regulaci\u00f3n-emocional-307x450.jpg 307w, https:\/\/adopcionpuntodeencuentro.com\/web\/wp-content\/uploads\/la-regulaci\u00f3n-emocional-102x150.jpg 102w, https:\/\/adopcionpuntodeencuentro.com\/web\/wp-content\/uploads\/la-regulaci\u00f3n-emocional.jpg 588w\" sizes=\"(max-width: 407px) 100vw, 407px\" \/>Este libro de la colecci\u00f3n Puntadas de la editorial <a href=\"https:\/\/www.elhiloediciones.com\/book\/la-regulacion-emocional-bases-neurobiologicas-desarrollo-la-infancia-adolescencia\/\" target=\"_blank\" rel=\"noopener noreferrer\">El Hilo Ediciones<\/a> est\u00e1 basado en la conferencia impartida por Rafael Benito Moraga en la <a href=\"http:\/\/adopcionpuntodeencuentro.com\/web\/event\/jornada-de-neuroeducacion-10-de-marzo-2018\/\" target=\"_blank\" rel=\"noopener noreferrer\"><em>I Jornada de Neuroeducaci\u00f3n en Navarra<\/em>\u00a0<\/a>organizada en el 2018 por<em><a href=\"https:\/\/padresformados.es\/\" target=\"_blank\" rel=\"noopener noreferrer\"> Padres Formados.<\/a> Evento\u00a0del que dimos informaci\u00f3n y difusi\u00f3n en su d\u00eda.<\/em><\/p>\n<p>La colecci\u00f3n Puntadas son libros en un formato breve (este micro libro tiene 64 p\u00e1ginas) en el que\u00a0 <a href=\"https:\/\/www.elhiloediciones.com\/book\/la-regulacion-emocional-bases-neurobiologicas-desarrollo-la-infancia-adolescencia\/\" target=\"_blank\" rel=\"noopener noreferrer\">El Hilo Ediciones<\/a> pretende \u00ab<em>acercar al gran p\u00fablico temas interesantes para personas que, por diversos motivos, no pueden acceder a la lectura de un libro, pero s\u00ed a la de un relato m\u00e1s breve que recoge una conferencia impartida por un profesional sobre un determinado tema.\u00bb (Jos\u00e9 Luis gonzalo Marrod\u00e1n. <strong><a href=\"http:\/\/www.buenostratos.com\/2020\/01\/que-desafios-nos-plantea-hoy-la.html\" target=\"_blank\" rel=\"noopener noreferrer\">Buenos tratos<\/a><\/strong> )<\/em><\/p>\n<p>En esta ocasi\u00f3n podemos acercarnos, gracias a Rafael Benito Moraga a las emociones,\u00a0 sentimientos y afectos desde un punto de vista neurobiol\u00f3gico. Nos gu\u00eda en el reconocimiento de las emociones principales para averiguar como las maneja nuestro sistema nervioso y de qu\u00e9 manera se encarga de regularlas. Adem\u00e1s describe el desarrollo infantil de aquellas estructuras del sistema nervioso que permiten el logro de una regulaci\u00f3n emocional adaptada en la vida adulta; se\u00f1alando adem\u00e1s factores que pueden perturbar la consecuci\u00f3n de este objetivo. Y es que como subraya el autor, la regulaci\u00f3n emocional se relaciona con la felicidad personal, la satisfacci\u00f3n en las relaciones sociales y una respuesta resiliente ante las adversidades. <strong>(Nota de la editorial)<\/strong><\/p>\n<p>De una manera accesible, este gran profesional nos acerca a la neurobiolog\u00eda, nos ayuda a entender c\u00f3mo funciona el cerebro de nuestros ni\u00f1os, c\u00f3mo se desarrolla su sistema nervioso, para entender por ejemplo qu\u00e9 implicaciones tiene \u00e9ste en los procesos de aprendizaje (neurociencia). Nos explica el neurodesarrollo en la tapa crucial de la infancia pero tambi\u00e9n en la adolescencia trasmitiendo optimismo y esperanza al hablar de esta etapa crucial como una magn\u00edfica oportunidad de reparaci\u00f3n del posible da\u00f1o sufrido en los ni\u00f1os cuyas experiencias tempranas de vida fueron traum\u00e1ticas. <em>\u00bb Aunque es fundamental lo que ocurre\u00a0 durante esos dos o tres a\u00f1os de vida, tengamos en cuenta que conservamos neuroplasticidad el resto de nuestra vida y, sobre todo, durante la adolescencia, cuando se reactiva enormemente el neurodesarrollo, lo que convierte a este periodo en un momento especialmente importante para intervenir con intensidad y conseguir avances muy destacables.\u00bb<\/em><\/p>\n<p>Finaliza este microlibro con un fant\u00e1stico dec\u00e1logo de la regulaci\u00f3n emocional que es adem\u00e1s de positivo, clarificador y de gran ayuda.<\/p>\n<p>Nos quedamos con esta magnifica recomendaci\u00f3n del autor: <strong>\u00ab<em>Durante la adolescencia se debe reactivar la relaci\u00f3n de apego, aunque no del mismo modo vigilante y protector de la infancia, sino m\u00e1s bien como un puerto seguro al que el joven o la joven puedan regresar tras explorar el mundo.\u00bb<\/em><\/strong><\/p>\n<ul>\n<li><strong>T\u00edtulo:<\/strong> La regulaci\u00f3n emocional. Bases neurobiol\u00f3gicas y desarrollo en la infancia y adolescencia<\/li>\n<li><strong>Autor:<\/strong> Rafael Benito Moraga<\/li>\n<li><strong>Colecci\u00f3n:<\/strong> Puntadas<\/li>\n<li><strong>Editores: <\/strong><a href=\"https:\/\/www.elhiloediciones.com\/book\/la-regulacion-emocional-bases-neurobiologicas-desarrollo-la-infancia-adolescencia\/\" target=\"_blank\" rel=\"noopener noreferrer\">El Hilo Ediciones\u00a0<\/a><\/li>\n<li><strong>ISBN:<\/strong> 978-84-121597-0-7<\/li>\n<li><strong>Publicaci\u00f3n:<\/strong> Febrero, 2020<\/li>\n<li><strong>Idioma:<\/strong> Espa\u00f1ol<\/li>\n<\/ul>\n<p>Os invitamos a conocer m\u00e1s en profundidad\u00a0 al doctor<strong> Rafael Benito<\/strong> en una entrevista complet\u00edsima y muy interesante que le hizo<strong><a title=\"I\u00f1igo Mtz\" href=\"https:\/\/plus.google.com\/110577999122464243735\/posts\" target=\"_blank\" rel=\"noopener noreferrer\">I\u00f1igo Mtz. de Mandojana<\/a><\/strong>en su imprescindible blog:<strong><a title=\"dando vueltas\" href=\"http:\/\/www.dandovueltas.es\/\" target=\"_blank\" rel=\"noopener noreferrer\">Dando Vueltas sobre Vueltas <\/a><\/strong> titulado <strong><a title=\"dando vueltas\" href=\"https:\/\/dandovueltassobrevueltas.blogspot.com\/2014\/11\/ejes-para-dar-vueltas-rafael-benito.html\" target=\"_blank\" rel=\"noopener noreferrer\">Ejes para dar vueltas: Rafael Benito<\/a> .<\/strong><\/p>\n<div class='divider' > <\/div>\n<img loading=\"lazy\" decoding=\"async\" class=\"aligncenter size-full wp-image-12020\" src=\"http:\/\/adopcionpuntodeencuentro.com\/web\/wp-content\/uploads\/biograf\u00eda-Rafa-BENITO.png\" alt=\"\" width=\"1662\" height=\"496\" srcset=\"https:\/\/adopcionpuntodeencuentro.com\/web\/wp-content\/uploads\/biograf\u00eda-Rafa-BENITO.png 1662w, https:\/\/adopcionpuntodeencuentro.com\/web\/wp-content\/uploads\/biograf\u00eda-Rafa-BENITO-450x134.png 450w, https:\/\/adopcionpuntodeencuentro.com\/web\/wp-content\/uploads\/biograf\u00eda-Rafa-BENITO-1024x306.png 1024w, https:\/\/adopcionpuntodeencuentro.com\/web\/wp-content\/uploads\/biograf\u00eda-Rafa-BENITO-150x45.png 150w, https:\/\/adopcionpuntodeencuentro.com\/web\/wp-content\/uploads\/biograf\u00eda-Rafa-BENITO-768x229.png 768w, https:\/\/adopcionpuntodeencuentro.com\/web\/wp-content\/uploads\/biograf\u00eda-Rafa-BENITO-1536x458.png 1536w\" sizes=\"(max-width: 1662px) 100vw, 1662px\" \/><\/p>\n<div class='divider' > <\/div>\n<p><iframe style=\"width: 120px; height: 240px;\" src=\"https:\/\/rcm-eu.amazon-adsystem.com\/e\/cm?ref=qf_sp_asin_til&amp;t=adopcionpunto-21&amp;m=amazon&amp;o=30&amp;p=8&amp;l=as1&amp;IS2=1&amp;asins=8412159705&amp;linkId=ea5ea02faac40b56d40e17801f65489f&amp;bc1=000000&amp;lt1=_blank&amp;fc1=333333&amp;lc1=0066C0&amp;bg1=FFFFFF&amp;f=ifr\" frameborder=\"0\" marginwidth=\"0\" marginheight=\"0\" scrolling=\"no\"><br \/>\n<\/iframe><\/p>\n","protected":false},"excerpt":{"rendered":"<p>En este libro de formato breve y de una manera accesible, Rafael Benito Moraga nos ayuda a entender c\u00f3mo funciona el cerebro de nuestros ni\u00f1os, c\u00f3mo se desarrolla su sistema nervioso, para entender por ejemplo, qu\u00e9 implicaciones tiene \u00e9ste en los procesos de aprendizaje (neurociencia). En \u00e9l nos explica de manera entendible el neurodesarrollo en la tapa crucial de la infancia pero tambi\u00e9n en la adolescencia trasmitiendo optimismo y esperanza.<\/p>\n","protected":false},"author":1,"featured_media":12025,"comment_status":"open","ping_status":"open","sticky":false,"template":"","format":"standard","meta":{"footnotes":""},"categories":[145,113,31,269,1,42],"tags":[],"_links":{"self":[{"href":"https:\/\/adopcionpuntodeencuentro.com\/web\/wp-json\/wp\/v2\/posts\/12019"}],"collection":[{"href":"https:\/\/adopcionpuntodeencuentro.com\/web\/wp-json\/wp\/v2\/posts"}],"about":[{"href":"https:\/\/adopcionpuntodeencuentro.com\/web\/wp-json\/wp\/v2\/types\/post"}],"author":[{"embeddable":true,"href":"https:\/\/adopcionpuntodeencuentro.com\/web\/wp-json\/wp\/v2\/users\/1"}],"replies":[{"embeddable":true,"href":"https:\/\/adopcionpuntodeencuentro.com\/web\/wp-json\/wp\/v2\/comments?post=12019"}],"version-history":[{"count":10,"href":"https:\/\/adopcionpuntodeencuentro.com\/web\/wp-json\/wp\/v2\/posts\/12019\/revisions"}],"predecessor-version":[{"id":13154,"href":"https:\/\/adopcionpuntodeencuentro.com\/web\/wp-json\/wp\/v2\/posts\/12019\/revisions\/13154"}],"wp:featuredmedia":[{"embeddable":true,"href":"https:\/\/adopcionpuntodeencuentro.com\/web\/wp-json\/wp\/v2\/media\/12025"}],"wp:attachment":[{"href":"https:\/\/adopcionpuntodeencuentro.com\/web\/wp-json\/wp\/v2\/media?parent=12019"}],"wp:term":[{"taxonomy":"category","embeddable":true,"href":"https:\/\/adopcionpuntodeencuentro.com\/web\/wp-json\/wp\/v2\/categories?post=12019"},{"taxonomy":"post_tag","embeddable":true,"href":"https:\/\/adopcionpuntodeencuentro.com\/web\/wp-json\/wp\/v2\/tags?post=12019"}],"curies":[{"name":"wp","href":"https:\/\/api.w.org\/{rel}","templated":true}]}}