{"id":12039,"date":"2020-03-20T09:21:46","date_gmt":"2020-03-20T08:21:46","guid":{"rendered":"http:\/\/adopcionpuntodeencuentro.com\/web\/?p=12039"},"modified":"2020-03-20T09:21:46","modified_gmt":"2020-03-20T08:21:46","slug":"adopcine-con-jose-ignacio-diaz-carvajal-the-good-doctor-serie-de-tv","status":"publish","type":"post","link":"https:\/\/adopcionpuntodeencuentro.com\/web\/adopcine-con-jose-ignacio-diaz-carvajal-the-good-doctor-serie-de-tv\/","title":{"rendered":"ADOPCINE con Jos\u00e9 Ignacio D\u00edaz Carvajal. The Good Doctor. Serie de TV"},"content":{"rendered":"<p>Hoy traigo la serie The Good Doctor, que empez\u00f3 en 2017. Tenemos muchos temas tratados en los cap\u00edtulos de esta serie. Empezando porque es un chico adoptado. Pero m\u00e1s interesante a\u00fan es su capacidad de resiliencia, ayudado por diferentes mentores, a pesar de tener un autismo, que le incapacita en parte para las relaciones sociales.<\/p>\n<p>Vemos como a pesar de la diferencia, y de las limitaciones que le impone su circunstancia mental, puede llegar a tener \u00e9xito tanto en su vida profesional, como en la afectiva.<\/p>\n<p>Muy interesante como met\u00e1fora para nuestros ni\u00f1os y ni\u00f1as que tengan secuelas de su abandono y de la adversidad temprana y tengan que luchar contra el bullying, la incomprensi\u00f3n de los otros, el rechazo social, etc.<\/p>\n<p>La recomiendo mucho desde la preadolescencia.<\/p>\n<p><strong><a href=\"http:\/\/adopcionpuntodeencuentro.com\/web\/wp-content\/uploads\/ADOPCINE.png\"><img loading=\"lazy\" decoding=\"async\" class=\"alignleft wp-image-2396\" src=\"http:\/\/adopcionpuntodeencuentro.com\/web\/wp-content\/uploads\/ADOPCINE.png\" alt=\"ADOPCINE\" width=\"270\" height=\"99\" srcset=\"https:\/\/adopcionpuntodeencuentro.com\/web\/wp-content\/uploads\/ADOPCINE.png 1136w, https:\/\/adopcionpuntodeencuentro.com\/web\/wp-content\/uploads\/ADOPCINE-150x55.png 150w, https:\/\/adopcionpuntodeencuentro.com\/web\/wp-content\/uploads\/ADOPCINE-300x110.png 300w, https:\/\/adopcionpuntodeencuentro.com\/web\/wp-content\/uploads\/ADOPCINE-600x219.png 600w\" sizes=\"(max-width: 270px) 100vw, 270px\" \/><\/a><\/strong><\/p>\n<p>&nbsp;<\/p>\n<p><strong>Es el cine desde la mirada adoptiva.<\/strong><strong>\u00a0<\/strong><strong>\u00a0Secci\u00f3n dirigida por\u00a0<\/strong><b>\u00a0<\/b><a style=\"font-weight: bold;\" title=\"JIgnacio biograf\u00eda\" href=\"http:\/\/wp.me\/p56Gk1-p9\" target=\"_blank\" rel=\"noopener noreferrer\">J.Ignacio D\u00edaz Carvajal,<\/a><b>\u00a0que\u00a0 cada semana nos propone una pel\u00edcula con tem\u00e1tica adoptiva adem\u00e1s nos brinda una sinopsis y toda la informaci\u00f3n sobre la pel\u00edcula que nos sugiere.<\/b><\/p>\n<p>&nbsp;<\/p>\n<h1 class=\"post-title entry-title\"><span style=\"color: #f5334d;\">The Good Doctor (Serie de TV) (2017 &#8211; )<\/span><\/h1>\n<p><img loading=\"lazy\" decoding=\"async\" class=\"alignleft wp-image-12040 size-large\" src=\"http:\/\/adopcionpuntodeencuentro.com\/web\/wp-content\/uploads\/the_good_doctor_tv-518x768.jpg\" alt=\"\" width=\"518\" height=\"768\" srcset=\"https:\/\/adopcionpuntodeencuentro.com\/web\/wp-content\/uploads\/the_good_doctor_tv-518x768.jpg 518w, https:\/\/adopcionpuntodeencuentro.com\/web\/wp-content\/uploads\/the_good_doctor_tv-304x450.jpg 304w, https:\/\/adopcionpuntodeencuentro.com\/web\/wp-content\/uploads\/the_good_doctor_tv-101x150.jpg 101w, https:\/\/adopcionpuntodeencuentro.com\/web\/wp-content\/uploads\/the_good_doctor_tv-768x1138.jpg 768w, https:\/\/adopcionpuntodeencuentro.com\/web\/wp-content\/uploads\/the_good_doctor_tv.jpg 810w\" sizes=\"(max-width: 518px) 100vw, 518px\" \/>Director: Varios<br \/>\nEEUU<br \/>\n2017 en adelante.<br \/>\nVa por la 3\u00aa temporada<br \/>\n45 min<\/p>\n<p>Sinopsis: Esta serie es la versi\u00f3n americana de otra anterior coreana, que habla de un joven cirujano, con autismo y s\u00edndrome del Sabio.<br \/>\nVa a trabajar a un Hospital\u00a0 como residente, pero encuentra que le es dif\u00edcil comprender las emociones de los dem\u00e1s e interactuar de manera socialmente aceptable, con los pacientes. Siendo por otro lado muy valorado por su capacidad diagn\u00f3stica extraordinaria. Y salva muchas vidas gracias a eso.<\/p>\n<p>Valoraci\u00f3n cin\u00e9fila 7\/10<br \/>\nValoraci\u00f3n adopci\u00f3n 8\/10<\/p>\n<p>Esta serie es magn\u00edfica para poder mostrar la capacidad de adaptaci\u00f3n y resiliencia que puede tener alguien con una dificultad important\u00edsima para relacionarse, pero que gracias a sus otras capacidades (en este caso su memoria, su inteligencia diagn\u00f3stica y su tes\u00f3n para cambiar, para ayudar, para ser \u00fatil) consigue vivir una vida bastante plena e influir en los que le rodean como un\u00a0 ejemplo inspirador de buen ser humano.<\/p>\n<p>Este chico pasa por varias p\u00e9rdidas importantes: su hermano del alma, que le quiere y le proteje cuando son peque\u00f1os, muere por accidente. Y esa muerte le afecta mucho para su decisi\u00f3n posterior de ser m\u00e9dico y salvar vidas.\u00a0 Pierde a sus padres, porque no se siente querido por ellos y m\u00e1s bien rechazado y les abandona. Siendo acogido por un neurocirujano amigo, que le hace de padre y mentor. Aunque por otro lado vive con familias de acogida (a una madre de acogida tambi\u00e9n la pierde, por enfermedad).<\/p>\n<p>Y a pesar del bullying sufrido, de la incomprensi\u00f3n, vemos ya a Shaun, como el Doctor Murphy, ya crecido y muy capaz, aunque en lo afectivo y en otras habilidades sociales es muy carente e inmaduro. Lo que le trae dificultades y nos plantea dudas de c\u00f3mo alguien as\u00ed puede ser un buen m\u00e9dico, sin\u00a0 ayuda permanente de otras personas que le contrabalanceen en alg\u00fan momento de descompensaci\u00f3n o de no saber c\u00f3mo reaccionar con las personas. Y si puede vivir solo.<br \/>\nPero la serie nos muestra que la soluci\u00f3n est\u00e1 precisamente en el equipo. En que viva con alguien amigo. En que la gente del equipo colabore con \u00e9l, para que pueda sacar lo mejor de s\u00ed. Y as\u00ed ocurre.<br \/>\nY cuando no, es cuando surgen los problemas.<\/p>\n<p>Pero ese es el gran mensaje de la serie. \u00bfPor qu\u00e9 hay que ser tan extremadamente individualista y aut\u00f3nomo, cuando la realidad es que ning\u00fan adulto lo somos? \u00bfPor qu\u00e9 a los diferentes se les exige a veces m\u00e1s cualificaciones que a los que no lo son?<\/p>\n<p>Y la inclusi\u00f3n es tratada de manera muy l\u00f3gica y respetuosa, excepto por los que realmente no son inclusivistas y solo quieren \u00abexcelencia\u00bb (palabra que habr\u00eda que desterrar de los sistemas educativos, y sustituirla m\u00e1s por cooperaci\u00f3n, tolerancia, creatividades, y todo lo que haga que las personas no sean marginadas por sus diferencias y que todos tengamos derecho a poder manifestarnos tal como somos y sacar lo mejor de nosotros, sin tanta exigencia idiota)<\/p>\n<p>Por otro lado se tratan mucho temas relacionados con la familia , el cuidado de unos por otros, las decisiones \u00e9ticas, valores como solidaridad, respeto, privacidad, ser urgentes y diligentes cuando es necesario, la bondad, la escucha, la empat\u00eda, etc Es una serie repleta de ejemplos pr\u00e1cticos donde se expresan dilemas \u00e9ticos, valores confrontados, c\u00f3mo manejar mentiras, secretos, dificultades de relaci\u00f3n.<\/p>\n<p>Muy recomendable, para verla por nuestros chicos desde la preadolescencia. Y que les permita identificarse con alguien que a pesar de su diferencia, el rechazo social, o sus dificultades de relaci\u00f3n, encuentra un lugar extraordinario en el mundo.<\/p>\n<p>S\u00f3lo he visto las dos primeras temporadas. Y s\u00e9 que en la tercera Shaun se reencontrar\u00e1 con sus padres biol\u00f3gicos.\u00a0 Pero no s\u00e9 c\u00f3mo le afecta.<\/p>\n<p>Actualmente est\u00e1 en Prime v\u00eddeo y se emiten los cap\u00edtulos actuales en abierto.<\/p>\n<div class='divider' > <\/div>\n<a href=\"http:\/\/peliculasyadopcion.blogspot.com.es\/\" target=\"_blank\" rel=\"noopener noreferrer\"><img loading=\"lazy\" decoding=\"async\" class=\"aligncenter wp-image-6538 size-full\" src=\"http:\/\/adopcionpuntodeencuentro.com\/web\/wp-content\/uploads\/JOSEIGNACIOBIOGRAF\u00cda-con-possit.jpg\" alt=\"\" width=\"889\" height=\"438\" srcset=\"https:\/\/adopcionpuntodeencuentro.com\/web\/wp-content\/uploads\/JOSEIGNACIOBIOGRAF\u00cda-con-possit.jpg 889w, https:\/\/adopcionpuntodeencuentro.com\/web\/wp-content\/uploads\/JOSEIGNACIOBIOGRAF\u00cda-con-possit-150x74.jpg 150w, https:\/\/adopcionpuntodeencuentro.com\/web\/wp-content\/uploads\/JOSEIGNACIOBIOGRAF\u00cda-con-possit-400x197.jpg 400w, https:\/\/adopcionpuntodeencuentro.com\/web\/wp-content\/uploads\/JOSEIGNACIOBIOGRAF\u00cda-con-possit-768x378.jpg 768w, https:\/\/adopcionpuntodeencuentro.com\/web\/wp-content\/uploads\/JOSEIGNACIOBIOGRAF\u00cda-con-possit-600x296.jpg 600w\" sizes=\"(max-width: 889px) 100vw, 889px\" \/><\/a><\/p>\n<h3><strong>Para saber m\u00e1s sobre Jos\u00e9 Ignacio D\u00edaz Carvajal pincha en la imagen.<br \/>\n<\/strong><\/h3>\n<p>&nbsp;<\/p>\n","protected":false},"excerpt":{"rendered":"<p>The Good Doctor, un chico adoptado con una gran capacidad de resiliencia, ayudado por diferentes mentores, y que a pesar de tener un autismo, que le incapacita en parte para las relaciones sociales, vemos como a pesar de la diferencia, y de las limitaciones que le impone su circunstancia mental, puede llegar a tener \u00e9xito tanto en su vida profesional , como en la afectiva.<\/p>\n","protected":false},"author":1,"featured_media":12040,"comment_status":"open","ping_status":"open","sticky":false,"template":"","format":"standard","meta":{"footnotes":""},"categories":[86,113],"tags":[],"_links":{"self":[{"href":"https:\/\/adopcionpuntodeencuentro.com\/web\/wp-json\/wp\/v2\/posts\/12039"}],"collection":[{"href":"https:\/\/adopcionpuntodeencuentro.com\/web\/wp-json\/wp\/v2\/posts"}],"about":[{"href":"https:\/\/adopcionpuntodeencuentro.com\/web\/wp-json\/wp\/v2\/types\/post"}],"author":[{"embeddable":true,"href":"https:\/\/adopcionpuntodeencuentro.com\/web\/wp-json\/wp\/v2\/users\/1"}],"replies":[{"embeddable":true,"href":"https:\/\/adopcionpuntodeencuentro.com\/web\/wp-json\/wp\/v2\/comments?post=12039"}],"version-history":[{"count":3,"href":"https:\/\/adopcionpuntodeencuentro.com\/web\/wp-json\/wp\/v2\/posts\/12039\/revisions"}],"predecessor-version":[{"id":12045,"href":"https:\/\/adopcionpuntodeencuentro.com\/web\/wp-json\/wp\/v2\/posts\/12039\/revisions\/12045"}],"wp:featuredmedia":[{"embeddable":true,"href":"https:\/\/adopcionpuntodeencuentro.com\/web\/wp-json\/wp\/v2\/media\/12040"}],"wp:attachment":[{"href":"https:\/\/adopcionpuntodeencuentro.com\/web\/wp-json\/wp\/v2\/media?parent=12039"}],"wp:term":[{"taxonomy":"category","embeddable":true,"href":"https:\/\/adopcionpuntodeencuentro.com\/web\/wp-json\/wp\/v2\/categories?post=12039"},{"taxonomy":"post_tag","embeddable":true,"href":"https:\/\/adopcionpuntodeencuentro.com\/web\/wp-json\/wp\/v2\/tags?post=12039"}],"curies":[{"name":"wp","href":"https:\/\/api.w.org\/{rel}","templated":true}]}}