{"id":12085,"date":"2020-04-13T09:33:45","date_gmt":"2020-04-13T07:33:45","guid":{"rendered":"http:\/\/adopcionpuntodeencuentro.com\/web\/?p=12085"},"modified":"2020-04-13T11:08:07","modified_gmt":"2020-04-13T09:08:07","slug":"el-cuento-yo-tengo-dos-mamas-en-video-por-mercedes-moya-herrero","status":"publish","type":"post","link":"https:\/\/adopcionpuntodeencuentro.com\/web\/el-cuento-yo-tengo-dos-mamas-en-video-por-mercedes-moya-herrero\/","title":{"rendered":"El cuento \u00bfYo tengo dos mam\u00e1s? en v\u00eddeo. Por Mercedes Moya Herrero"},"content":{"rendered":"<p><b><a href=\"https:\/\/youtu.be\/d2RSnCBi3Yk\"><img loading=\"lazy\" decoding=\"async\" class=\"alignleft wp-image-12140\" src=\"http:\/\/adopcionpuntodeencuentro.com\/web\/wp-content\/uploads\/video-libro-FILM0001-678x768.jpg\" alt=\"\" width=\"576\" height=\"652\" srcset=\"https:\/\/adopcionpuntodeencuentro.com\/web\/wp-content\/uploads\/video-libro-FILM0001-678x768.jpg 678w, https:\/\/adopcionpuntodeencuentro.com\/web\/wp-content\/uploads\/video-libro-FILM0001-397x450.jpg 397w, https:\/\/adopcionpuntodeencuentro.com\/web\/wp-content\/uploads\/video-libro-FILM0001-132x150.jpg 132w, https:\/\/adopcionpuntodeencuentro.com\/web\/wp-content\/uploads\/video-libro-FILM0001-768x870.jpg 768w, https:\/\/adopcionpuntodeencuentro.com\/web\/wp-content\/uploads\/video-libro-FILM0001-1356x1536.jpg 1356w, https:\/\/adopcionpuntodeencuentro.com\/web\/wp-content\/uploads\/video-libro-FILM0001-1808x2048.jpg 1808w\" sizes=\"(max-width: 576px) 100vw, 576px\" \/><\/a><\/b><\/p>\n<p><b>Son estos unos momentos dif\u00edciles y pensamos en c\u00f3mo contribuir a hacerlos m\u00e1s llevaderos. Aunque seguimos trabajando por y para las familias, en Adopci\u00f3n Punto de Encuentro \u00a0quer\u00edamos hacer un regalo especial a los ni\u00f1os y ni\u00f1as, nuestros peque\u00f1os grandes h\u00e9roes hoy si cabe, todav\u00eda m\u00e1s. Por eso y junto con M\u00aa Jos\u00e9 S\u00e1nchez Meg\u00eda ilustradora e impulsora de la publicaci\u00f3n del cuento que escrib\u00ed para mi hijo Nacho <\/b><a style=\"font-weight: bold;\" href=\"https:\/\/yotengodosmamas.com\/\" target=\"_blank\" rel=\"noopener noreferrer\">\u00bfYo tengo dos mam\u00e1s?\u201d<\/a><b> y que tanto ha ayudado a muchas familias, hemos querido regalaros el cuento en v\u00eddeo. La voz es la de Nacho, cuando escrib\u00ed el cuento ten\u00eda seis a\u00f1os. Es mi hijo peque\u00f1o, el protagonista del cuento. Esperamos que os guste.\u00a0<\/b><\/p>\n<p><em>Mi hijo en una conversaci\u00f3n infantil, se enter\u00f3 de que \u201cyo era su segunda madre\u201d y aunque \u00e9l sab\u00eda que no hab\u00eda nacido de mi barriga, y que fuimos a buscarlo a un orfanato muy muy lejos,\u00a0 la noticia le produjo un gran impacto, fue c\u00f3mo un cataclismo, removi\u00f3 sus cimientos, se carg\u00f3 sus seguridades y hasta su manera de relacionarse con todo y con todos, ten\u00eda seis a\u00f1os y su mundo cambi\u00f3 de repente\u2026otra vez.<\/em><\/p>\n<p><em>Para ayudarle en ese proceso, para ayudarle a dar perspectiva a lo que estaba experimentando y que pudiera ver desde fuera lo que estaba viviendo de manera tan dolorosa, escrib\u00ed el cuento <a href=\"https:\/\/yotengodosmamas.com\/tag\/el-cuento\/\" target=\"_blank\" rel=\"noopener noreferrer\">\u201cYo tengo dos mam\u00e1s\u201d.<\/a><\/em><\/p>\n<p><em>No me invent\u00e9 nada, desde sus zapatos argument\u00e9 el proceso por el que estaba atravesando, su turbaci\u00f3n, sus reparos y sus dudas.<\/em><\/p>\n<p><em>Cuando se lo le\u00ed\u2026 bueno, esa misma noche y en los d\u00edas siguientes, pude observar c\u00f3mo mi ni\u00f1o, el de siempre, hab\u00eda vuelto de los infiernos a los que le hab\u00eda llevado el enterarse de que antes que yo tuvo otra madre: su madre de nacimiento.<\/em><\/p>\n<p><em>Tiempo despu\u00e9s se lo pas\u00e9 a <a href=\"https:\/\/yotengodosmamas.com\/maria-jose-sanchez-megia\/\" target=\"_blank\" rel=\"noopener noreferrer\">M\u00aa Jos\u00e9<\/a>, tambi\u00e9n madre adoptiva y vecina, por si le serv\u00eda de ayuda con sus ni\u00f1os, y le gust\u00f3 tanto que me propuso ilustrarlo y publicarlo. Antes quise cerciorarme que su contenido pod\u00eda ser de ayuda y se lo envi\u00e9 a un buen n\u00famero de los mejores especialistas en adopci\u00f3n, como <a href=\"http:\/\/adopcionpuntodeencuentro.com\/web\/la-llamada-que-gesto-yo-tengo-dos-mamas-marga-muniz-aguilar\/\" target=\"_blank\" rel=\"noopener noreferrer\">Marga Mu\u00f1iz<\/a>, <a href=\"http:\/\/adopcionpuntodeencuentro.com\/web\/yo-tengo-dos-mamas-por-montse-lapastora\/\" target=\"_blank\" rel=\"noopener noreferrer\">Montse Lapastora<\/a>, <a href=\"https:\/\/youtu.be\/dKU4eBmpMAM\" target=\"_blank\" rel=\"noopener noreferrer\">Jos\u00e9 Luis Gonzalo Marrod\u00e1n, Alberto Rodr\u00edguez Gonz\u00e1lez, Juan Alonso Casalilla Gal\u00e1n, Jos\u00e9 Ignacio D\u00edaz Carvajal, Iratxe Serrano, \u00a0Conchi Mart\u00ednez V\u00e1zquez, Charo Blanco y Mar\u00eda Mart\u00edn Titos, entre otros,<\/a>que en aquellos momentos, ( la primera edici\u00f3n se hizo en el 2015), los\u00a0 conoc\u00eda por sus trabajos y publicaciones y con los que a\u00f1os despu\u00e9s me une amistad y cari\u00f1o forjado por mediaci\u00f3n de esta web y por la afinidad de trabajar y luchar para ayudar a los ni\u00f1os y ni\u00f1as y a sus familias intentando crear una sociedad que entienda la adopci\u00f3n sin prejuicios.<\/em><\/p>\n<p><em>Espero que este cuento ayude a muchos ni\u00f1os y ni\u00f1as y a sus familias a conciliar y dar su espacio a esa madre en la que nuestros hijos piensan s\u00ed o s\u00ed a diario, seg\u00fan la experiencia cl\u00ednica de los especialistas en adopci\u00f3n.. <\/em><em>Es un regalo tanto de su ilustradora M\u00aa Jos\u00e9 S\u00e1nchez Meg\u00eda, como de mi hija Diana que me ha ayudado en la producci\u00f3n, como de mi hijo Nacho, porque es su historia y os la regala, como de mi parte. Esperamos lo recib\u00e1is con el mismo cari\u00f1o con el que lo hemos hecho.<\/em><\/p>\n<p><a href=\"https:\/\/mercedesmoya.com\/\" target=\"_blank\" rel=\"noopener noreferrer\">Mercedes Moya<\/a><\/p>\n<h1><span style=\"color: #f21335;\">El cuento en formato v\u00eddeo <\/span><\/h1>\n<h3><span style=\"color: #f21335;\"><span style=\"color: #000000;\">(Si tienes problemas para visualizarlo directamente copia y pega este link<\/span>: <\/span><a href=\"https:\/\/youtu.be\/d2RSnCBi3Yk\">https:\/\/youtu.be\/d2RSnCBi3Yk<\/a> )<\/h3>\n<p><iframe loading=\"lazy\" src=\"https:\/\/www.youtube.com\/embed\/d2RSnCBi3Yk\" width=\"560\" height=\"315\" frameborder=\"0\" allowfullscreen=\"allowfullscreen\"><\/iframe><\/p>\n<h2><strong>V\u00eddeo con las opiniones de los especialistas:<\/strong><\/h2>\n<p><strong>Este cuento, escrito por Mercedes Moya e ilustrado por M\u00aa Jos\u00e9 S\u00e1nchez Meg\u00eda,\u00a0 est\u00e1 avalado por especialistas en adopci\u00f3n que lo consideran una herramienta eficaz para ayudar a integrar\u00a0 a la madre biol\u00f3gica en la vida de los ni\u00f1os adoptados y de sus familias.<\/strong><\/p>\n<p>&nbsp;<\/p>\n<p><iframe loading=\"lazy\" src=\"https:\/\/www.youtube.com\/embed\/dKU4eBmpMAM\" width=\"560\" height=\"315\" frameborder=\"0\" allowfullscreen=\"allowfullscreen\"><\/iframe><br \/>\n<div class='divider' > <\/div>\n<p><img loading=\"lazy\" decoding=\"async\" class=\"aligncenter wp-image-11248 size-full\" src=\"http:\/\/adopcionpuntodeencuentro.com\/web\/wp-content\/uploads\/biografia-Mercedes-Moya-2019.png\" alt=\"\" width=\"1342\" height=\"562\" srcset=\"https:\/\/adopcionpuntodeencuentro.com\/web\/wp-content\/uploads\/biografia-Mercedes-Moya-2019.png 1342w, https:\/\/adopcionpuntodeencuentro.com\/web\/wp-content\/uploads\/biografia-Mercedes-Moya-2019-150x63.png 150w, https:\/\/adopcionpuntodeencuentro.com\/web\/wp-content\/uploads\/biografia-Mercedes-Moya-2019-450x188.png 450w, https:\/\/adopcionpuntodeencuentro.com\/web\/wp-content\/uploads\/biografia-Mercedes-Moya-2019-768x322.png 768w, https:\/\/adopcionpuntodeencuentro.com\/web\/wp-content\/uploads\/biografia-Mercedes-Moya-2019-1024x429.png 1024w\" sizes=\"(max-width: 1342px) 100vw, 1342px\" \/><\/p>\n<p><img loading=\"lazy\" decoding=\"async\" class=\"aligncenter size-full wp-image-12086\" src=\"http:\/\/adopcionpuntodeencuentro.com\/web\/wp-content\/uploads\/biografia-Ma-Jos\u00e9-S\u00e1nchez-Meg\u00eda.png\" alt=\"\" width=\"1308\" height=\"446\" srcset=\"https:\/\/adopcionpuntodeencuentro.com\/web\/wp-content\/uploads\/biografia-Ma-Jos\u00e9-S\u00e1nchez-Meg\u00eda.png 1308w, https:\/\/adopcionpuntodeencuentro.com\/web\/wp-content\/uploads\/biografia-Ma-Jos\u00e9-S\u00e1nchez-Meg\u00eda-450x153.png 450w, https:\/\/adopcionpuntodeencuentro.com\/web\/wp-content\/uploads\/biografia-Ma-Jos\u00e9-S\u00e1nchez-Meg\u00eda-1024x349.png 1024w, https:\/\/adopcionpuntodeencuentro.com\/web\/wp-content\/uploads\/biografia-Ma-Jos\u00e9-S\u00e1nchez-Meg\u00eda-150x51.png 150w, https:\/\/adopcionpuntodeencuentro.com\/web\/wp-content\/uploads\/biografia-Ma-Jos\u00e9-S\u00e1nchez-Meg\u00eda-768x262.png 768w\" sizes=\"(max-width: 1308px) 100vw, 1308px\" \/><\/p>\n<p>&nbsp;<\/p>\n<p>&nbsp;<\/p>\n<p>&nbsp;<\/p>\n","protected":false},"excerpt":{"rendered":"<p>Este cuento, escrito por Mercedes Moya e ilustrado por M\u00aa Jos\u00e9 S\u00e1nchez Meg\u00eda,\u00a0 est\u00e1 avalado por especialistas en adopci\u00f3n que lo consideran una herramienta eficaz para ayudar a integrar\u00a0 a la madre biol\u00f3gica en la vida de los ni\u00f1os adoptados y de sus familias<br \/>\nEsperamos que este cuento ayude a muchos ni\u00f1os y ni\u00f1as y a sus familias a conciliar y dar su espacio a esa madre en la que nuestros hijos piensan s\u00ed o s\u00ed a diario, seg\u00fan la experiencia cl\u00ednica de estos especialistas. <\/p>\n","protected":false},"author":1,"featured_media":12146,"comment_status":"open","ping_status":"open","sticky":false,"template":"","format":"standard","meta":{"footnotes":""},"categories":[197,145,267,31,269,255,1],"tags":[27,45,49,230,72,55,32,125,39,28,15],"_links":{"self":[{"href":"https:\/\/adopcionpuntodeencuentro.com\/web\/wp-json\/wp\/v2\/posts\/12085"}],"collection":[{"href":"https:\/\/adopcionpuntodeencuentro.com\/web\/wp-json\/wp\/v2\/posts"}],"about":[{"href":"https:\/\/adopcionpuntodeencuentro.com\/web\/wp-json\/wp\/v2\/types\/post"}],"author":[{"embeddable":true,"href":"https:\/\/adopcionpuntodeencuentro.com\/web\/wp-json\/wp\/v2\/users\/1"}],"replies":[{"embeddable":true,"href":"https:\/\/adopcionpuntodeencuentro.com\/web\/wp-json\/wp\/v2\/comments?post=12085"}],"version-history":[{"count":18,"href":"https:\/\/adopcionpuntodeencuentro.com\/web\/wp-json\/wp\/v2\/posts\/12085\/revisions"}],"predecessor-version":[{"id":12163,"href":"https:\/\/adopcionpuntodeencuentro.com\/web\/wp-json\/wp\/v2\/posts\/12085\/revisions\/12163"}],"wp:featuredmedia":[{"embeddable":true,"href":"https:\/\/adopcionpuntodeencuentro.com\/web\/wp-json\/wp\/v2\/media\/12146"}],"wp:attachment":[{"href":"https:\/\/adopcionpuntodeencuentro.com\/web\/wp-json\/wp\/v2\/media?parent=12085"}],"wp:term":[{"taxonomy":"category","embeddable":true,"href":"https:\/\/adopcionpuntodeencuentro.com\/web\/wp-json\/wp\/v2\/categories?post=12085"},{"taxonomy":"post_tag","embeddable":true,"href":"https:\/\/adopcionpuntodeencuentro.com\/web\/wp-json\/wp\/v2\/tags?post=12085"}],"curies":[{"name":"wp","href":"https:\/\/api.w.org\/{rel}","templated":true}]}}