{"id":12245,"date":"2020-05-04T09:14:49","date_gmt":"2020-05-04T07:14:49","guid":{"rendered":"http:\/\/adopcionpuntodeencuentro.com\/web\/?p=12245"},"modified":"2020-05-04T09:14:49","modified_gmt":"2020-05-04T07:14:49","slug":"deseo-y-adopcion-con-juan-alonso-casalilla-galan-la-historia-de-nuestro-hijo-es-tambien-la-historia-de-nuestro-deseo-de-adoptar","status":"publish","type":"post","link":"https:\/\/adopcionpuntodeencuentro.com\/web\/deseo-y-adopcion-con-juan-alonso-casalilla-galan-la-historia-de-nuestro-hijo-es-tambien-la-historia-de-nuestro-deseo-de-adoptar\/","title":{"rendered":"DESEO Y ADOPCI\u00d3N. Con Juan Alonso Casalilla Gal\u00e1n. La historia de nuestro hijo es tambi\u00e9n la historia de nuestro deseo de adoptar."},"content":{"rendered":"<h2><strong>DESEO E HISTORIA DE VIDA O DE C\u00d3MO LA HISTORIA DE NUESTRO HIJO ES TAMBI\u00c9N LA HISTORIA DE NUESTRO DESEO DE ADOPTAR<\/strong><\/h2>\n<p><img loading=\"lazy\" decoding=\"async\" class=\"wp-image-12258 alignleft\" src=\"http:\/\/adopcionpuntodeencuentro.com\/web\/wp-content\/uploads\/Imagen-de-Pixabay001-450x300.jpg\" alt=\"\" width=\"707\" height=\"472\" srcset=\"https:\/\/adopcionpuntodeencuentro.com\/web\/wp-content\/uploads\/Imagen-de-Pixabay001-450x300.jpg 450w, https:\/\/adopcionpuntodeencuentro.com\/web\/wp-content\/uploads\/Imagen-de-Pixabay001-1024x682.jpg 1024w, https:\/\/adopcionpuntodeencuentro.com\/web\/wp-content\/uploads\/Imagen-de-Pixabay001-150x100.jpg 150w, https:\/\/adopcionpuntodeencuentro.com\/web\/wp-content\/uploads\/Imagen-de-Pixabay001-768x512.jpg 768w, https:\/\/adopcionpuntodeencuentro.com\/web\/wp-content\/uploads\/Imagen-de-Pixabay001.jpg 1280w\" sizes=\"(max-width: 707px) 100vw, 707px\" \/>El abordaje, la escucha y en general el manejo de la historia de vida de nuestros hijos, actualizan muchos de los desasosiegos y angustias que estaban detr\u00e1s de nuestro deseo de adoptar.\u00a0 En no pocos momentos nuestro hijo corre el riesgo de convertirse en el representante de esa circunstancia que quer\u00edamos olvidar gracias a la adopci\u00f3n.<\/p>\n<p>Nuestro hijo adoptivo no nos convierte de la noche a la ma\u00f1ana en personas f\u00e9rtiles, sino que nos obliga a transmitir esa verdad a los otros, pues est\u00e1 en la base de su origen. Adem\u00e1s, nos sit\u00faa frente a los dem\u00e1s se\u00f1alando esa condici\u00f3n, quiz\u00e1 no suficientemente elaborada.<\/p>\n<p>Tampoco contribuir\u00e1 a\u00a0\u00a0 la felicidad de la pareja, ser\u00e1 un proyecto, en tanto que com\u00fan pondr\u00e1 a prueba el ajuste de la relaci\u00f3n.<\/p>\n<p>No ocupar\u00e1 el lugar del hijo perdido, si el duelo por \u00e9l no est\u00e1 resuelto, reavivar\u00e1 nuestras heridas.<\/p>\n<p>No contribuir\u00e1 a que nos sintamos m\u00e1s acompa\u00f1ados, en muchas ocasiones pondr\u00e1 de manifiesto nuestra soledad.<\/p>\n<p><em>La presencia de nuestro hijo traer\u00e1 a la actualidad, har\u00e1 presentes, aspectos quiz\u00e1 olvidados o no suficientemente asumidos, tanto de nuestro proyecto de adopci\u00f3n como de nuestra historia personal.<\/em><\/p>\n<p>Su historia previa, sobre la que tanto insistimos, no debe hacernos olvidar que el origen de nuestro hijo est\u00e1 tambi\u00e9n en nuestra decisi\u00f3n de adoptar, en qu\u00e9 fue lo que nos llev\u00f3 a hacer nuestro al hijo de otros.<\/p>\n<p>Nuestros malestares pueden actualizarse, reavivarse, cuando a lo largo del ciclo vital, los chicos nos sit\u00faan frente a interrogantes relacionados con su historia: \u00bfQu\u00e9 es lo que os hizo desearme? \u00bfQu\u00e9 es lo que os hizo convertiros en padres adoptivos?<\/p>\n<p>La inadecuada elaboraci\u00f3n de ciertos aspectos dolorosos que estuvieron a la base de nuestra motivaci\u00f3n para adoptar, puede ser una dificultad permanente en la relaci\u00f3n y por consiguiente en la <em>elaboraci\u00f3n de la historia de vida<\/em>. Estas dificultades se ponen frecuentemente de manifiesto cuando abordamos aspectos relacionados con la historia y origen de nuestros hijos.<\/p>\n<p>Fernando e Isabel realizan junto con sus hijos de cuatro y dos a\u00f1os el seguimiento que prescriben las autoridades de su pa\u00eds de origen, a la pregunta del profesional en torno a c\u00f3mo han abordado la tem\u00e1tica de su adopci\u00f3n, o si lo han hecho Fernando manifiesta:<\/p>\n<p><em><strong>\u201cMe es muy doloroso hablarles de que son adoptados, pues tocar el tema me recuerda de nuevo mi esterilidad, cuando conocimos mi mujer y yo el motivo por el cual no pod\u00edamos tener hijos me sent\u00ed muy mal, tuve miedo de que mi mujer me abandonara, me sent\u00ed \u201cmedio hombre\u201d mis hijos me han hecho olvidar esta etapa, me siento como si no hubiera pasado por eso nunca.\u201d<\/strong><\/em><\/p>\n<p><img loading=\"lazy\" decoding=\"async\" class=\"alignleft wp-image-12259\" src=\"http:\/\/adopcionpuntodeencuentro.com\/web\/wp-content\/uploads\/Imagen-de-dozemode01-450x296.jpg\" alt=\"\" width=\"650\" height=\"428\" srcset=\"https:\/\/adopcionpuntodeencuentro.com\/web\/wp-content\/uploads\/Imagen-de-dozemode01-450x296.jpg 450w, https:\/\/adopcionpuntodeencuentro.com\/web\/wp-content\/uploads\/Imagen-de-dozemode01-1024x674.jpg 1024w, https:\/\/adopcionpuntodeencuentro.com\/web\/wp-content\/uploads\/Imagen-de-dozemode01-150x99.jpg 150w, https:\/\/adopcionpuntodeencuentro.com\/web\/wp-content\/uploads\/Imagen-de-dozemode01-768x505.jpg 768w, https:\/\/adopcionpuntodeencuentro.com\/web\/wp-content\/uploads\/Imagen-de-dozemode01.jpg 1280w\" sizes=\"(max-width: 650px) 100vw, 650px\" \/><\/p>\n<p>Fernando act\u00faa <em>como si<\/em> sus hijos fueran biol\u00f3gicos, \u00e9l sabe perfectamente que no lo son, pero ese <em>como s\u00ed<\/em> tapa esa herida, pero dificulta el abordaje de temas trascendentes.<\/p>\n<p>Hablando con Fernando, descubre que la relaci\u00f3n con sus hijos, m\u00e1s all\u00e1 de lo que pudieron representar en su espera, es ahora maravillosa, y que gracias al que fue su problema ahora es padre, lo que le permite hablar del origen con sus hijos desde otro lugar.<\/p>\n<p>En este punto es importante detenerse, pues no es tan importante la motivaci\u00f3n que nos llev\u00f3 a hacernos padres sino lo que sostiene actualmente nuestra relaci\u00f3n. Muchos padres cuando relatan la historia de c\u00f3mo se constituy\u00f3 su familia, expresan con cari\u00f1o y <em>benevolencia \u201chacia ellos mismos\u201d <\/em>los motivos que los llevaron a adoptar, y como el sufrimiento que estaba en su origen se diluye en el contexto de una relaci\u00f3n basada en la verdad.<\/p>\n<p><em><strong>\u201cCuando empec\u00e9 a desear ser madre y no nos qued\u00e1bamos embarazados nos dio p\u00e1nico pensar que alguno de nosotros fu\u00e9ramos est\u00e9riles, los tratamientos de fertilidad, las experiencias relatadas por otros nos pon\u00edan los pelos de punta\u2026<\/strong><\/em><\/p>\n<p><em><strong>[\u2026]Abrimos el expediente de adopci\u00f3n, \u201cera otra forma de ser padres\u201d y lleg\u00f3 nuestra hija Julia.\u00a0 Cuando Julia en torno a los 5 a\u00f1os me dijo de sopet\u00f3n que si yo no era de su tripa porque esta no me funcionaba, \u00a0sent\u00ed un dolor tremendo por ella, por ella y por m\u00ed, hasta ese momento no comprend\u00ed lo del \u201cduelo por la esterilidad\u201d,\u00a0 a ella le hubiera gustado nacer de m\u00ed tripa pues de la tripa de la madres nacen los hijos aut\u00e9nticos, hasta la fecha me di cuenta que hab\u00eda actuado con mi hija como si fuera biol\u00f3gica, sin embargo y a pesar del dolor tremendo me permiti\u00f3 decirle lo mucho que la quer\u00eda, que yo era su madre ahora y deseaba serlo para siempre\u2026\u201d<\/strong><\/em><\/p>\n<p>En este caso gracias a su hija, y a la actitud de escucha de la madre la relaci\u00f3n empez\u00f3 a fundarse en la verdad, la madre de Julia se gan\u00f3 su lugar siendo capaz de transmitirle la verdad sobre su origen, su propio dolor inicial y la gratitud que sent\u00eda por esa otra madre que la engendr\u00f3, la permiti\u00f3 nacer y la permiti\u00f3 a ella convertirse en madre.<\/p>\n<p><img loading=\"lazy\" decoding=\"async\" class=\"alignleft wp-image-12260\" src=\"http:\/\/adopcionpuntodeencuentro.com\/web\/wp-content\/uploads\/Imagen-de-marcisim-en-Pixabay01-511x768.jpg\" alt=\"\" width=\"493\" height=\"741\" srcset=\"https:\/\/adopcionpuntodeencuentro.com\/web\/wp-content\/uploads\/Imagen-de-marcisim-en-Pixabay01-511x768.jpg 511w, https:\/\/adopcionpuntodeencuentro.com\/web\/wp-content\/uploads\/Imagen-de-marcisim-en-Pixabay01-300x450.jpg 300w, https:\/\/adopcionpuntodeencuentro.com\/web\/wp-content\/uploads\/Imagen-de-marcisim-en-Pixabay01-100x150.jpg 100w, https:\/\/adopcionpuntodeencuentro.com\/web\/wp-content\/uploads\/Imagen-de-marcisim-en-Pixabay01-768x1154.jpg 768w, https:\/\/adopcionpuntodeencuentro.com\/web\/wp-content\/uploads\/Imagen-de-marcisim-en-Pixabay01-1022x1536.jpg 1022w, https:\/\/adopcionpuntodeencuentro.com\/web\/wp-content\/uploads\/Imagen-de-marcisim-en-Pixabay01.jpg 1278w\" sizes=\"(max-width: 493px) 100vw, 493px\" \/><\/p>\n<p>Pero, aunque la infertilidad suele ser el tema relevante a este respecto en los textos sobre adopci\u00f3n, otras problem\u00e1ticas que est\u00e1n en el origen tienen sus efectos.<\/p>\n<p>Por lo tanto, debemos reflexionar sobre lo que nos es \u201cdif\u00edcil\u201d transmitir; las circunstancias que rodearon que nuestro hijo fuera declarado adoptable o las circunstancias que nos llevaron a adoptar.<\/p>\n<p>M\u00aa \u00c1ngeles es una madre que enviud\u00f3 antes de adoptar, tiene dificultades para transmitir a su hijo adoptivo de cuatro a\u00f1os esa condici\u00f3n.<\/p>\n<p><em><strong>\u201cTengo una soluci\u00f3n que es buena para mi hijo, le dir\u00e9 que mi marido fallecido fue su padre, as\u00ed \u00e9l no se sentir\u00e1 mal por haber sido abandonado y tendr\u00e1 un padre al que identificar\u201d<\/strong><\/em><\/p>\n<p>M\u00aa \u00c1ngeles sufre, pues cuando su hijo le pregunta por su padre, al que ella en su relato asimila con su marido, para \u201crestaurar\u201d precariamente la situaci\u00f3n, da una \u201csoluci\u00f3n\u201d que no la permite construir una relaci\u00f3n maravillosa sustentada por la verdad, verdad de una persona que sufre por una p\u00e9rdida significativa y transmite el deseo de haber tenido un hijo de su marido, pero que ese deseo, pervive en ella y en la relaci\u00f3n actual con su hijo.<\/p>\n<p>Cuando hablamos de verdad en la transmisi\u00f3n, hablamos de saber transmitir tambi\u00e9n cu\u00e1les fueron nuestros motivos, s\u00f3lo as\u00ed podremos progresar. Esta verdad, transmitida con el afecto que conlleva, permitir\u00e1 al hijo, en un futuro hablar sobre sus p\u00e9rdidas y sus duelos.<\/p>\n<p>En resumen, la historia y origen de nuestro hijo est\u00e1 tambi\u00e9n constituido por la historia y origen de nuestro deseo de adoptar, dar cuenta de ello es un aspecto muchas veces olvidado. Debemos tener muy asimilados los males que estaban en nuestro origen para poder construir conjuntamente una historia \u201cveraz\u201d de porqu\u00e9 deseamos que formara parte de nuestras vidas.<\/p>\n<h3><em>Nuestro hijo es hijo de nuestro deseo de ser padres, este deseo tiene una historia que le concierne a \u00e9l tanto como a nosotros.<\/em><\/h3>\n<div class='divider' > <\/div>\n<p><img loading=\"lazy\" decoding=\"async\" class=\"size-medium wp-image-11769 alignleft\" src=\"http:\/\/adopcionpuntodeencuentro.com\/web\/wp-content\/uploads\/LOGO-DESEO-con-subt\u00edtulo-l-450x171.jpg\" alt=\"\" width=\"450\" height=\"171\" srcset=\"https:\/\/adopcionpuntodeencuentro.com\/web\/wp-content\/uploads\/LOGO-DESEO-con-subt\u00edtulo-l-450x171.jpg 450w, https:\/\/adopcionpuntodeencuentro.com\/web\/wp-content\/uploads\/LOGO-DESEO-con-subt\u00edtulo-l-1024x390.jpg 1024w, https:\/\/adopcionpuntodeencuentro.com\/web\/wp-content\/uploads\/LOGO-DESEO-con-subt\u00edtulo-l-150x57.jpg 150w, https:\/\/adopcionpuntodeencuentro.com\/web\/wp-content\/uploads\/LOGO-DESEO-con-subt\u00edtulo-l-768x292.jpg 768w, https:\/\/adopcionpuntodeencuentro.com\/web\/wp-content\/uploads\/LOGO-DESEO-con-subt\u00edtulo-l.jpg 1509w\" sizes=\"(max-width: 450px) 100vw, 450px\" \/><\/p>\n<p>&nbsp;<\/p>\n<p>&nbsp;<\/p>\n<h4>Esta es una secci\u00f3n dirigida por Juan Alonso Casalilla Gal\u00e1n y que tiene como objetivo dar algunas claves para pensar de otra manera, interrogarnos y reflexionar sobre aspectos generales que est\u00e1n en la base y que son la raz\u00f3n de ser de las relaciones en adopci\u00f3n y acogimiento.<\/h4>\n<div class='divider' > <\/div>\n<h3><span style=\"color: #33cccc;\"><strong>Os invitamos a leer los art\u00edculos que atesoramos en esta web escritos por <a style=\"color: #33cccc;\" href=\"http:\/\/adopcionpuntodeencuentro.com\/web\/?s=Juan+Alonso+Casalilla\" target=\"_blank\" rel=\"noopener noreferrer\">Juan Alonso Casalilla<\/a> adem\u00e1s de los anteriores a este art\u00edculo de la secci\u00f3n<a style=\"color: #33cccc;\" href=\"http:\/\/adopcionpuntodeencuentro.com\/web\/category\/deseo-y-adopcion\/\" target=\"_blank\" rel=\"noopener noreferrer\"> \u00abDESEO Y ADOPCI\u00d3N\u00bb<\/a><\/strong><\/span><\/h3>\n<div class='divider' > <\/div>\n<p><a href=\"http:\/\/deseoyrazon.blogspot.com\/\"><img loading=\"lazy\" decoding=\"async\" class=\"aligncenter wp-image-8164 size-full\" src=\"http:\/\/adopcionpuntodeencuentro.com\/web\/wp-content\/uploads\/Juan-alonso-CASALILLA-BIOGRAF\u00cdA-XL.jpg\" alt=\"\" width=\"1057\" height=\"484\" srcset=\"https:\/\/adopcionpuntodeencuentro.com\/web\/wp-content\/uploads\/Juan-alonso-CASALILLA-BIOGRAF\u00cdA-XL.jpg 1057w, https:\/\/adopcionpuntodeencuentro.com\/web\/wp-content\/uploads\/Juan-alonso-CASALILLA-BIOGRAF\u00cdA-XL-150x69.jpg 150w, https:\/\/adopcionpuntodeencuentro.com\/web\/wp-content\/uploads\/Juan-alonso-CASALILLA-BIOGRAF\u00cdA-XL-450x206.jpg 450w, https:\/\/adopcionpuntodeencuentro.com\/web\/wp-content\/uploads\/Juan-alonso-CASALILLA-BIOGRAF\u00cdA-XL-768x352.jpg 768w, https:\/\/adopcionpuntodeencuentro.com\/web\/wp-content\/uploads\/Juan-alonso-CASALILLA-BIOGRAF\u00cdA-XL-1024x469.jpg 1024w\" sizes=\"(max-width: 1057px) 100vw, 1057px\" \/><\/a><\/p>\n<p>&nbsp;<\/p>\n","protected":false},"excerpt":{"rendered":"<p>La inadecuada elaboraci\u00f3n de ciertos aspectos dolorosos que estuvieron a la base de nuestra motivaci\u00f3n para adoptar, puede ser una dificultad permanente en la relaci\u00f3n con nuestros hijos adoptados y por consiguiente en la elaboraci\u00f3n de la historia de vida. No ocupar\u00e1 el lugar del hijo perdido, o no tenido y si el duelo por \u00e9l no est\u00e1 resuelto, reavivar\u00e1 nuestras heridas.<\/p>\n","protected":false},"author":1,"featured_media":12251,"comment_status":"open","ping_status":"open","sticky":false,"template":"","format":"standard","meta":{"footnotes":""},"categories":[267,307,4,1],"tags":[27,45,69,49,230,37,55,79],"_links":{"self":[{"href":"https:\/\/adopcionpuntodeencuentro.com\/web\/wp-json\/wp\/v2\/posts\/12245"}],"collection":[{"href":"https:\/\/adopcionpuntodeencuentro.com\/web\/wp-json\/wp\/v2\/posts"}],"about":[{"href":"https:\/\/adopcionpuntodeencuentro.com\/web\/wp-json\/wp\/v2\/types\/post"}],"author":[{"embeddable":true,"href":"https:\/\/adopcionpuntodeencuentro.com\/web\/wp-json\/wp\/v2\/users\/1"}],"replies":[{"embeddable":true,"href":"https:\/\/adopcionpuntodeencuentro.com\/web\/wp-json\/wp\/v2\/comments?post=12245"}],"version-history":[{"count":21,"href":"https:\/\/adopcionpuntodeencuentro.com\/web\/wp-json\/wp\/v2\/posts\/12245\/revisions"}],"predecessor-version":[{"id":14137,"href":"https:\/\/adopcionpuntodeencuentro.com\/web\/wp-json\/wp\/v2\/posts\/12245\/revisions\/14137"}],"wp:featuredmedia":[{"embeddable":true,"href":"https:\/\/adopcionpuntodeencuentro.com\/web\/wp-json\/wp\/v2\/media\/12251"}],"wp:attachment":[{"href":"https:\/\/adopcionpuntodeencuentro.com\/web\/wp-json\/wp\/v2\/media?parent=12245"}],"wp:term":[{"taxonomy":"category","embeddable":true,"href":"https:\/\/adopcionpuntodeencuentro.com\/web\/wp-json\/wp\/v2\/categories?post=12245"},{"taxonomy":"post_tag","embeddable":true,"href":"https:\/\/adopcionpuntodeencuentro.com\/web\/wp-json\/wp\/v2\/tags?post=12245"}],"curies":[{"name":"wp","href":"https:\/\/api.w.org\/{rel}","templated":true}]}}