{"id":12280,"date":"2020-05-01T09:31:43","date_gmt":"2020-05-01T07:31:43","guid":{"rendered":"http:\/\/adopcionpuntodeencuentro.com\/web\/?p=12280"},"modified":"2020-05-01T09:35:27","modified_gmt":"2020-05-01T07:35:27","slug":"adopcine-con-jose-ignacio-diaz-carvajal-zibila-y-el-poder-de-las-rayas","status":"publish","type":"post","link":"https:\/\/adopcionpuntodeencuentro.com\/web\/adopcine-con-jose-ignacio-diaz-carvajal-zibila-y-el-poder-de-las-rayas\/","title":{"rendered":"ADOPCINE con Jos\u00e9 Ignacio D\u00edaz Carvajal. Zibila y el poder de las rayas."},"content":{"rendered":"<p>Zibila y el poder de las rayas, de 2019, es un corto (26min) de animaci\u00f3n, ideal para ni\u00f1os peque\u00f1os. Es un cuento en el que se refleja la adopci\u00f3n de una zabra por parte de unos caballos. Y c\u00f3mo al vivir rodeado de caballos , se encuentra con rechazos de otras familias y tiene que buscar la manera de superar esto. Y c\u00f3mo encuentra sus tutores de resiliencia. Y sobre todo se apoya en la amistad de un potro que le acepta totalmente.<\/p>\n<p>Una pel\u00edcula estupenda para poder hablar de la adopci\u00f3n interracial y de la xenofobia o el racismo. Y lo importante que es poder tener amigos y apoyos, adem\u00e1s de la familia, que nos acepten y nos acompa\u00f1en en el devenir de nuestra historia.<\/p>\n<p>Muy recomendable.<\/p>\n<p>Actualmente puede alquilarse en Filmin<\/p>\n<p><strong><a href=\"http:\/\/adopcionpuntodeencuentro.com\/web\/wp-content\/uploads\/ADOPCINE.png\"><img loading=\"lazy\" decoding=\"async\" class=\"alignleft wp-image-2396\" src=\"http:\/\/adopcionpuntodeencuentro.com\/web\/wp-content\/uploads\/ADOPCINE.png\" alt=\"ADOPCINE\" width=\"270\" height=\"99\" srcset=\"https:\/\/adopcionpuntodeencuentro.com\/web\/wp-content\/uploads\/ADOPCINE.png 1136w, https:\/\/adopcionpuntodeencuentro.com\/web\/wp-content\/uploads\/ADOPCINE-150x55.png 150w, https:\/\/adopcionpuntodeencuentro.com\/web\/wp-content\/uploads\/ADOPCINE-300x110.png 300w, https:\/\/adopcionpuntodeencuentro.com\/web\/wp-content\/uploads\/ADOPCINE-600x219.png 600w\" sizes=\"(max-width: 270px) 100vw, 270px\" \/><\/a><\/strong><\/p>\n<p>&nbsp;<\/p>\n<p><strong>Es el cine desde la mirada adoptiva.<\/strong><strong>\u00a0<\/strong><strong>\u00a0Secci\u00f3n dirigida por\u00a0<\/strong><b>\u00a0<\/b><a style=\"font-weight: bold;\" title=\"JIgnacio biograf\u00eda\" href=\"http:\/\/wp.me\/p56Gk1-p9\" target=\"_blank\" rel=\"noopener noreferrer\">J.Ignacio D\u00edaz Carvajal,<\/a><b>\u00a0que\u00a0 cada semana nos propone una pel\u00edcula con tem\u00e1tica adoptiva adem\u00e1s nos brinda una sinopsis y toda la informaci\u00f3n sobre la pel\u00edcula que nos sugiere.<\/b><\/p>\n<p>&nbsp;<\/p>\n<h1><span style=\"color: #f21155;\">Zibila y el poder de las rayas ( Zibilla ou la vie z\u00e9br\u00e9e ) (2019)<\/span><\/h1>\n<p><img loading=\"lazy\" decoding=\"async\" class=\"size-medium wp-image-12281 alignleft\" src=\"http:\/\/adopcionpuntodeencuentro.com\/web\/wp-content\/uploads\/ZIBILLA-315x450.jpg\" alt=\"\" width=\"315\" height=\"450\" srcset=\"https:\/\/adopcionpuntodeencuentro.com\/web\/wp-content\/uploads\/ZIBILLA-315x450.jpg 315w, https:\/\/adopcionpuntodeencuentro.com\/web\/wp-content\/uploads\/ZIBILLA-538x768.jpg 538w, https:\/\/adopcionpuntodeencuentro.com\/web\/wp-content\/uploads\/ZIBILLA-105x150.jpg 105w, https:\/\/adopcionpuntodeencuentro.com\/web\/wp-content\/uploads\/ZIBILLA-768x1097.jpg 768w, https:\/\/adopcionpuntodeencuentro.com\/web\/wp-content\/uploads\/ZIBILLA.jpg 960w\" sizes=\"(max-width: 315px) 100vw, 315px\" \/>Director: Isabelle Favez<br \/>\nFrancia<br \/>\n2019<br \/>\n55 min<\/p>\n<p>Animaci\u00f3n para ni\u00f1os<\/p>\n<p>Sinopsis: Zibila es una cebra adoptada por una familia de caballos. En su primer d\u00eda de escuela, sus compa\u00f1eros la tratan diferente y se r\u00eden de ella por tener rayas, pero gracias a una gran aventura con su amigo Carino recuperar\u00e1 su confianza.<\/p>\n<p>Valoraci\u00f3n cin\u00e9fila 7\/10<br \/>\nValoraci\u00f3n adopci\u00f3n 8\/10<\/p>\n<p>Encantadora pel\u00edcula corta (dura unos 26 min), que est\u00e1 acompa\u00f1ada por otros tres cortos relacionados con la diversidad, de otros directores y paises.<\/p>\n<p>Zibila es adoptada tras llegar a la costa, de la mano de un le\u00f3n que la ha protegido , tras haber sufrido un naufragio, en el que ha perdido a sus padres.<\/p>\n<p>La adoptan unos caballos y eso le lleva a vivir en un entorno equino , que rechaza sus rayas y la marginan. Pero a pesar de eso tiene un amigo potro: Carino. Y aunque sus padres se oponen a que se relacionen, empiezan a vivir unas aventuras juntos.<\/p>\n<p>Es una pel\u00edcula muy adecuada para ni\u00f1os y ni\u00f1as menores. Aunque tambi\u00e9n puede verse por ni\u00f1os m\u00e1s grandes por su dibujo y su gui\u00f3n.<br \/>\nPuede trabajarse con ellos el tema de la adopci\u00f3n interracial, del rechazo social por xenofobia o racismo, de como uno encuentra su sitio y sus verdaderos amigos, a pesar de todo y que hay que confiar en uno mismo y en las personas que nos importan.<br \/>\nLa recomiendo much\u00edsimo.<br \/>\nSe puede ver en Filmin en estos momentos.<\/p>\n<p><iframe loading=\"lazy\" src=\"https:\/\/www.youtube.com\/embed\/AZ9ZfOMJSTE\" width=\"560\" height=\"315\" frameborder=\"0\" allowfullscreen=\"allowfullscreen\"><\/iframe><\/p>\n<div class='divider' > <\/div>\n<a href=\"http:\/\/peliculasyadopcion.blogspot.com.es\/\" target=\"_blank\" rel=\"noopener noreferrer\"><img loading=\"lazy\" decoding=\"async\" class=\"aligncenter wp-image-6538 size-full\" src=\"http:\/\/adopcionpuntodeencuentro.com\/web\/wp-content\/uploads\/JOSEIGNACIOBIOGRAF\u00cda-con-possit.jpg\" alt=\"\" width=\"889\" height=\"438\" srcset=\"https:\/\/adopcionpuntodeencuentro.com\/web\/wp-content\/uploads\/JOSEIGNACIOBIOGRAF\u00cda-con-possit.jpg 889w, https:\/\/adopcionpuntodeencuentro.com\/web\/wp-content\/uploads\/JOSEIGNACIOBIOGRAF\u00cda-con-possit-150x74.jpg 150w, https:\/\/adopcionpuntodeencuentro.com\/web\/wp-content\/uploads\/JOSEIGNACIOBIOGRAF\u00cda-con-possit-400x197.jpg 400w, https:\/\/adopcionpuntodeencuentro.com\/web\/wp-content\/uploads\/JOSEIGNACIOBIOGRAF\u00cda-con-possit-768x378.jpg 768w, https:\/\/adopcionpuntodeencuentro.com\/web\/wp-content\/uploads\/JOSEIGNACIOBIOGRAF\u00cda-con-possit-600x296.jpg 600w\" sizes=\"(max-width: 889px) 100vw, 889px\" \/><\/a><\/p>\n<h3><strong>Para saber m\u00e1s sobre Jos\u00e9 Ignacio D\u00edaz Carvajal pincha en la imagen.<br \/>\n<\/strong><\/h3>\n<p>&nbsp;<\/p>\n","protected":false},"excerpt":{"rendered":"<p>un corto de animaci\u00f3n, ideal para ni\u00f1os peque\u00f1os. Es un cuento en el que se refleja la adopci\u00f3n de una zabra por parte de unos caballos. Una pel\u00edcula estupenda para poder hablar de la adopci\u00f3n interracial y de la xenofobia o el racismo. Y lo importante que es poder tener amigos y apoyos, adem\u00e1s de la familia, que nos acepten y nos acompa\u00f1en en el devenir de nuestra historia.<\/p>\n","protected":false},"author":1,"featured_media":12288,"comment_status":"open","ping_status":"open","sticky":false,"template":"","format":"standard","meta":{"footnotes":""},"categories":[86,113,1],"tags":[],"_links":{"self":[{"href":"https:\/\/adopcionpuntodeencuentro.com\/web\/wp-json\/wp\/v2\/posts\/12280"}],"collection":[{"href":"https:\/\/adopcionpuntodeencuentro.com\/web\/wp-json\/wp\/v2\/posts"}],"about":[{"href":"https:\/\/adopcionpuntodeencuentro.com\/web\/wp-json\/wp\/v2\/types\/post"}],"author":[{"embeddable":true,"href":"https:\/\/adopcionpuntodeencuentro.com\/web\/wp-json\/wp\/v2\/users\/1"}],"replies":[{"embeddable":true,"href":"https:\/\/adopcionpuntodeencuentro.com\/web\/wp-json\/wp\/v2\/comments?post=12280"}],"version-history":[{"count":4,"href":"https:\/\/adopcionpuntodeencuentro.com\/web\/wp-json\/wp\/v2\/posts\/12280\/revisions"}],"predecessor-version":[{"id":12287,"href":"https:\/\/adopcionpuntodeencuentro.com\/web\/wp-json\/wp\/v2\/posts\/12280\/revisions\/12287"}],"wp:featuredmedia":[{"embeddable":true,"href":"https:\/\/adopcionpuntodeencuentro.com\/web\/wp-json\/wp\/v2\/media\/12288"}],"wp:attachment":[{"href":"https:\/\/adopcionpuntodeencuentro.com\/web\/wp-json\/wp\/v2\/media?parent=12280"}],"wp:term":[{"taxonomy":"category","embeddable":true,"href":"https:\/\/adopcionpuntodeencuentro.com\/web\/wp-json\/wp\/v2\/categories?post=12280"},{"taxonomy":"post_tag","embeddable":true,"href":"https:\/\/adopcionpuntodeencuentro.com\/web\/wp-json\/wp\/v2\/tags?post=12280"}],"curies":[{"name":"wp","href":"https:\/\/api.w.org\/{rel}","templated":true}]}}