{"id":12331,"date":"2020-06-22T09:26:59","date_gmt":"2020-06-22T07:26:59","guid":{"rendered":"http:\/\/adopcionpuntodeencuentro.com\/web\/?p=12331"},"modified":"2020-06-22T09:38:40","modified_gmt":"2020-06-22T07:38:40","slug":"adopcionario-respuesta-sensible","status":"publish","type":"post","link":"https:\/\/adopcionpuntodeencuentro.com\/web\/adopcionario-respuesta-sensible\/","title":{"rendered":"ADOPCIONARIO. RESPUESTA SENSIBLE"},"content":{"rendered":"<p><img loading=\"lazy\" decoding=\"async\" class=\"alignleft wp-image-11062 \" src=\"http:\/\/adopcionpuntodeencuentro.com\/web\/wp-content\/uploads\/LOGO-ADOPCIONARIO-1024x374.jpg\" alt=\"\" width=\"516\" height=\"189\" srcset=\"https:\/\/adopcionpuntodeencuentro.com\/web\/wp-content\/uploads\/LOGO-ADOPCIONARIO-1024x374.jpg 1024w, https:\/\/adopcionpuntodeencuentro.com\/web\/wp-content\/uploads\/LOGO-ADOPCIONARIO-150x55.jpg 150w, https:\/\/adopcionpuntodeencuentro.com\/web\/wp-content\/uploads\/LOGO-ADOPCIONARIO-450x164.jpg 450w, https:\/\/adopcionpuntodeencuentro.com\/web\/wp-content\/uploads\/LOGO-ADOPCIONARIO-768x280.jpg 768w, https:\/\/adopcionpuntodeencuentro.com\/web\/wp-content\/uploads\/LOGO-ADOPCIONARIO.jpg 1543w\" sizes=\"(max-width: 516px) 100vw, 516px\" \/><\/p>\n<p>En esta secci\u00f3n iremos recogiendo palabras que forman el vocabulario adoptivo. La definici\u00f3n de la palabra ir\u00e1 acompa\u00f1ada de art\u00edculos que hablen sobre el concepto que se intenta definir.<\/p>\n<p>Es una secci\u00f3n abierta que pod\u00e9is enriquecer, tanto si eres familia adoptiva o profesional con trabajos y art\u00edculos que consideres relevantes enviando los enlaces a nuestro correo\u00a0<strong>adopcionario@gmail.com para que podamos a\u00f1adirlos a la entrada correspondiente a cada palabra.\u00a0<\/strong><\/p>\n<p>&nbsp;<\/p>\n<p>&nbsp;<\/p>\n<h1><span style=\"color: #f50a3d;\"><strong>RESPUESTA SENSIBLE:<\/strong><\/span><\/h1>\n<p><strong><a href=\"https:\/\/psicologiaymente.com\/biografias\/mary-ainsworth\" target=\"_blank\" rel=\"noopener noreferrer\">Mary Ainsworth<\/a><a href=\"http:\/\/adopcionpuntodeencuentro.com\/web\/?s=Mary+Ainsworth%2C\" target=\"_blank\" rel=\"noopener noreferrer\">,<\/a><\/strong> investigadora del apego a partir de la teor\u00eda incubada por <a href=\"https:\/\/psicologiaymente.com\/biografias\/john-bowlby\" target=\"_blank\" rel=\"noopener noreferrer\">John Bowlby<\/a>, dio con la clave: la respuesta sensible. Consiste en la capacidad de los padres o cuidadores para comprender e interpretar adecuadamente las se\u00f1ales de demanda del ni\u00f1o. Esa sensibilidad no es poca cosa, se convierte en un organizador ps\u00edquico en el desarrollo de la criatura, es decir, su arquitectura emocional (creencias y expectativas acerca de s\u00ed misma y de los dem\u00e1s). La respuesta sensible obedece a los modelos operativos de los padres, que dependen a su vez de la calidad de su propia historia afectiva. Muchos acaban haciendo a sus hijos lo mismo que les hicieron, anclando as\u00ed valores morales que ya se expresan en los tres primeros a\u00f1os de vida.<\/p>\n<blockquote class=\"wp-embedded-content\" data-secret=\"3OTLiAKPJY\"><p><a href=\"http:\/\/adopcionpuntodeencuentro.com\/web\/la-edad-la-sensitividad-materna%e2%80%85y-el%e2%80%85vinculo\/\">La edad, la sensitividad materna\u2005y el\u2005v\u00ednculo<\/a><\/p><\/blockquote>\n<p><iframe class=\"wp-embedded-content\" sandbox=\"allow-scripts\" security=\"restricted\" style=\"position: absolute; clip: rect(1px, 1px, 1px, 1px);\" title=\"&#171;La edad, la sensitividad materna\u2005y el\u2005v\u00ednculo&#187; &#8212; adopci\u00f3n punto de encuentro\" src=\"http:\/\/adopcionpuntodeencuentro.com\/web\/la-edad-la-sensitividad-materna%e2%80%85y-el%e2%80%85vinculo\/embed\/#?secret=3OTLiAKPJY\" data-secret=\"3OTLiAKPJY\" width=\"600\" height=\"338\" frameborder=\"0\" marginwidth=\"0\" marginheight=\"0\" scrolling=\"no\"><\/iframe><\/p>\n<blockquote class=\"wp-embedded-content\" data-secret=\"9o9fOo12YX\"><p><a href=\"http:\/\/adopcionpuntodeencuentro.com\/web\/herencia-y-conducta-lois-ruskaimelina\/\">Herencia  y Conducta. Lois Ruskaimelina.<\/a><\/p><\/blockquote>\n<p><iframe class=\"wp-embedded-content\" sandbox=\"allow-scripts\" security=\"restricted\" style=\"position: absolute; clip: rect(1px, 1px, 1px, 1px);\" title=\"&#171;Herencia  y Conducta. Lois Ruskaimelina.&#187; &#8212; adopci\u00f3n punto de encuentro\" src=\"http:\/\/adopcionpuntodeencuentro.com\/web\/herencia-y-conducta-lois-ruskaimelina\/embed\/#?secret=9o9fOo12YX\" data-secret=\"9o9fOo12YX\" width=\"600\" height=\"338\" frameborder=\"0\" marginwidth=\"0\" marginheight=\"0\" scrolling=\"no\"><\/iframe><\/p>\n<blockquote class=\"wp-embedded-content\" data-secret=\"xV7vYwtNtW\"><p><a href=\"http:\/\/adopcionpuntodeencuentro.com\/web\/que-necesita-un-ser-humano-para-desarrollarse-de-manera-adecuada-sandra-baita\/\">Qu\u00e9 necesita un ser humano para desarrollarse de manera adecuada. Sandra Baita<\/a><\/p><\/blockquote>\n<p><iframe class=\"wp-embedded-content\" sandbox=\"allow-scripts\" security=\"restricted\" style=\"position: absolute; clip: rect(1px, 1px, 1px, 1px);\" title=\"&#171;Qu\u00e9 necesita un ser humano para desarrollarse de manera adecuada. Sandra Baita&#187; &#8212; adopci\u00f3n punto de encuentro\" src=\"http:\/\/adopcionpuntodeencuentro.com\/web\/que-necesita-un-ser-humano-para-desarrollarse-de-manera-adecuada-sandra-baita\/embed\/#?secret=xV7vYwtNtW\" data-secret=\"xV7vYwtNtW\" width=\"600\" height=\"338\" frameborder=\"0\" marginwidth=\"0\" marginheight=\"0\" scrolling=\"no\"><\/iframe><\/p>\n<blockquote class=\"wp-embedded-content\" data-secret=\"Jc64Okf28X\"><p><a href=\"http:\/\/adopcionpuntodeencuentro.com\/web\/el-nino-resistente-david-brozinsky-marshall-schechter-robin-marantz-hening\/\">El ni\u00f1o resistente. David Brozinsky, Marshall Schechter, Robin Marantz Hening<\/a><\/p><\/blockquote>\n<p><iframe class=\"wp-embedded-content\" sandbox=\"allow-scripts\" security=\"restricted\" style=\"position: absolute; clip: rect(1px, 1px, 1px, 1px);\" title=\"&#171;El ni\u00f1o resistente. David Brozinsky, Marshall Schechter, Robin Marantz Hening&#187; &#8212; adopci\u00f3n punto de encuentro\" src=\"http:\/\/adopcionpuntodeencuentro.com\/web\/el-nino-resistente-david-brozinsky-marshall-schechter-robin-marantz-hening\/embed\/#?secret=Jc64Okf28X\" data-secret=\"Jc64Okf28X\" width=\"600\" height=\"338\" frameborder=\"0\" marginwidth=\"0\" marginheight=\"0\" scrolling=\"no\"><\/iframe><\/p>\n<p>&nbsp;<\/p>\n<blockquote class=\"wp-embedded-content\" data-secret=\"zN6NFGDl4I\"><p><a href=\"http:\/\/adopcionpuntodeencuentro.com\/web\/cuando-el-marco-del-recien-nacido-es-un-triangulo-parental-boris-cyrulnik\/\">Cuando el marco del reci\u00e9n nacido es un tri\u00e1ngulo parental. Boris Cyrulnik<\/a><\/p><\/blockquote>\n<p><iframe class=\"wp-embedded-content\" sandbox=\"allow-scripts\" security=\"restricted\" style=\"position: absolute; clip: rect(1px, 1px, 1px, 1px);\" title=\"&#171;Cuando el marco del reci\u00e9n nacido es un tri\u00e1ngulo parental. Boris Cyrulnik&#187; &#8212; adopci\u00f3n punto de encuentro\" src=\"http:\/\/adopcionpuntodeencuentro.com\/web\/cuando-el-marco-del-recien-nacido-es-un-triangulo-parental-boris-cyrulnik\/embed\/#?secret=zN6NFGDl4I\" data-secret=\"zN6NFGDl4I\" width=\"600\" height=\"338\" frameborder=\"0\" marginwidth=\"0\" marginheight=\"0\" scrolling=\"no\"><\/iframe><\/p>\n<p>&nbsp;<\/p>\n<blockquote class=\"wp-embedded-content\" data-secret=\"hRcJVA1A0D\"><p><a href=\"http:\/\/adopcionpuntodeencuentro.com\/web\/caminares-como-nos-quisieron-nos-queremos-resena-de-mercedes-moya\/\">CAMINARES. Como nos quisieron, nos queremos. Rese\u00f1a de Mercedes Moya.<\/a><\/p><\/blockquote>\n<p><iframe class=\"wp-embedded-content\" sandbox=\"allow-scripts\" security=\"restricted\" style=\"position: absolute; clip: rect(1px, 1px, 1px, 1px);\" title=\"&#171;CAMINARES. Como nos quisieron, nos queremos. Rese\u00f1a de Mercedes Moya.&#187; &#8212; adopci\u00f3n punto de encuentro\" src=\"http:\/\/adopcionpuntodeencuentro.com\/web\/caminares-como-nos-quisieron-nos-queremos-resena-de-mercedes-moya\/embed\/#?secret=hRcJVA1A0D\" data-secret=\"hRcJVA1A0D\" width=\"600\" height=\"338\" frameborder=\"0\" marginwidth=\"0\" marginheight=\"0\" scrolling=\"no\"><\/iframe><\/p>\n<blockquote class=\"wp-embedded-content\" data-secret=\"N2e8028qGC\"><p><a href=\"http:\/\/adopcionpuntodeencuentro.com\/web\/la-indefension-aprendida-en-ninos-as-adoptados-as-por-jose-luis-gonzalo-marrodan\/\">La Indefensi\u00f3n Aprendida en ni\u00f1os\/as adoptados\/as. Por Jos\u00e9 Luis Gonzalo Marrod\u00e1n<\/a><\/p><\/blockquote>\n<p><iframe class=\"wp-embedded-content\" sandbox=\"allow-scripts\" security=\"restricted\" style=\"position: absolute; clip: rect(1px, 1px, 1px, 1px);\" title=\"&#171;La Indefensi\u00f3n Aprendida en ni\u00f1os\/as adoptados\/as. Por Jos\u00e9 Luis Gonzalo Marrod\u00e1n&#187; &#8212; adopci\u00f3n punto de encuentro\" src=\"http:\/\/adopcionpuntodeencuentro.com\/web\/la-indefension-aprendida-en-ninos-as-adoptados-as-por-jose-luis-gonzalo-marrodan\/embed\/#?secret=N2e8028qGC\" data-secret=\"N2e8028qGC\" width=\"600\" height=\"338\" frameborder=\"0\" marginwidth=\"0\" marginheight=\"0\" scrolling=\"no\"><\/iframe><\/p>\n<blockquote class=\"wp-embedded-content\" data-secret=\"fD4LFvrqtN\"><p><a href=\"http:\/\/adopcionpuntodeencuentro.com\/web\/funciones-emocionales-de-los-padres\/\">Funciones emocionales de los padres<\/a><\/p><\/blockquote>\n<p><iframe class=\"wp-embedded-content\" sandbox=\"allow-scripts\" security=\"restricted\" style=\"position: absolute; clip: rect(1px, 1px, 1px, 1px);\" title=\"&#171;Funciones emocionales de los padres&#187; &#8212; adopci\u00f3n punto de encuentro\" src=\"http:\/\/adopcionpuntodeencuentro.com\/web\/funciones-emocionales-de-los-padres\/embed\/#?secret=fD4LFvrqtN\" data-secret=\"fD4LFvrqtN\" width=\"600\" height=\"338\" frameborder=\"0\" marginwidth=\"0\" marginheight=\"0\" scrolling=\"no\"><\/iframe><\/p>\n<blockquote class=\"wp-embedded-content\" data-secret=\"fhEHmC2oOb\"><p><a href=\"http:\/\/adopcionpuntodeencuentro.com\/web\/sintigo-por-inigo-martinez-de-mandojana\/\">SINTIGO. Por I\u00f1igo Mart\u00ednez de Mandojana<\/a><\/p><\/blockquote>\n<p><iframe class=\"wp-embedded-content\" sandbox=\"allow-scripts\" security=\"restricted\" style=\"position: absolute; clip: rect(1px, 1px, 1px, 1px);\" title=\"&#171;SINTIGO. Por I\u00f1igo Mart\u00ednez de Mandojana&#187; &#8212; adopci\u00f3n punto de encuentro\" src=\"http:\/\/adopcionpuntodeencuentro.com\/web\/sintigo-por-inigo-martinez-de-mandojana\/embed\/#?secret=fhEHmC2oOb\" data-secret=\"fhEHmC2oOb\" width=\"600\" height=\"338\" frameborder=\"0\" marginwidth=\"0\" marginheight=\"0\" scrolling=\"no\"><\/iframe><\/p>\n<blockquote class=\"wp-embedded-content\" data-secret=\"p5OOXgGBKT\"><p><a href=\"http:\/\/adopcionpuntodeencuentro.com\/web\/labilidad-emocional-en-ninos-adoptados\/\">Labilidad emocional en ni\u00f1os adoptados<\/a><\/p><\/blockquote>\n<p><iframe class=\"wp-embedded-content\" sandbox=\"allow-scripts\" security=\"restricted\" style=\"position: absolute; clip: rect(1px, 1px, 1px, 1px);\" title=\"&#171;Labilidad emocional en ni\u00f1os adoptados&#187; &#8212; adopci\u00f3n punto de encuentro\" src=\"http:\/\/adopcionpuntodeencuentro.com\/web\/labilidad-emocional-en-ninos-adoptados\/embed\/#?secret=p5OOXgGBKT\" data-secret=\"p5OOXgGBKT\" width=\"600\" height=\"338\" frameborder=\"0\" marginwidth=\"0\" marginheight=\"0\" scrolling=\"no\"><\/iframe><\/p>\n<blockquote class=\"wp-embedded-content\" data-secret=\"6Ud8e65uFO\"><p><a href=\"http:\/\/adopcionpuntodeencuentro.com\/web\/los-padres-como-filtro-estabilizador-de-los-ninos-ansioso-ambivalentes-por-jose-luis-gonzalo-marrodan\/\">Los padres como filtro estabilizador de los ni\u00f1os ansioso-ambivalentes. Por Jos\u00e9 Luis Gonzalo Marrod\u00e1n.<\/a><\/p><\/blockquote>\n<p><iframe class=\"wp-embedded-content\" sandbox=\"allow-scripts\" security=\"restricted\" style=\"position: absolute; clip: rect(1px, 1px, 1px, 1px);\" title=\"&#171;Los padres como filtro estabilizador de los ni\u00f1os ansioso-ambivalentes. Por Jos\u00e9 Luis Gonzalo Marrod\u00e1n.&#187; &#8212; adopci\u00f3n punto de encuentro\" src=\"http:\/\/adopcionpuntodeencuentro.com\/web\/los-padres-como-filtro-estabilizador-de-los-ninos-ansioso-ambivalentes-por-jose-luis-gonzalo-marrodan\/embed\/#?secret=6Ud8e65uFO\" data-secret=\"6Ud8e65uFO\" width=\"600\" height=\"338\" frameborder=\"0\" marginwidth=\"0\" marginheight=\"0\" scrolling=\"no\"><\/iframe><\/p>\n<blockquote class=\"wp-embedded-content\" data-secret=\"3uZ7fI9Ufm\"><p><a href=\"http:\/\/adopcionpuntodeencuentro.com\/web\/los-alfareros-de-las-emociones-en-ninos-danados-adultos-artesanos-charo-blanco\/\">Los alfareros de las emociones en ni\u00f1os  da\u00f1ados: adultos artesanos. Charo Blanco<\/a><\/p><\/blockquote>\n<p><iframe class=\"wp-embedded-content\" sandbox=\"allow-scripts\" security=\"restricted\" style=\"position: absolute; clip: rect(1px, 1px, 1px, 1px);\" title=\"&#171;Los alfareros de las emociones en ni\u00f1os  da\u00f1ados: adultos artesanos. Charo Blanco&#187; &#8212; adopci\u00f3n punto de encuentro\" src=\"http:\/\/adopcionpuntodeencuentro.com\/web\/los-alfareros-de-las-emociones-en-ninos-danados-adultos-artesanos-charo-blanco\/embed\/#?secret=3uZ7fI9Ufm\" data-secret=\"3uZ7fI9Ufm\" width=\"600\" height=\"338\" frameborder=\"0\" marginwidth=\"0\" marginheight=\"0\" scrolling=\"no\"><\/iframe><\/p>\n<blockquote class=\"wp-embedded-content\" data-secret=\"JN80YmxLsj\"><p><a href=\"http:\/\/adopcionpuntodeencuentro.com\/web\/la-mochila-de-los-padres-el-apego-adulto\/\">La mochila de los padres. El apego adulto.<\/a><\/p><\/blockquote>\n<p><iframe class=\"wp-embedded-content\" sandbox=\"allow-scripts\" security=\"restricted\" style=\"position: absolute; clip: rect(1px, 1px, 1px, 1px);\" title=\"&#171;La mochila de los padres. El apego adulto.&#187; &#8212; adopci\u00f3n punto de encuentro\" src=\"http:\/\/adopcionpuntodeencuentro.com\/web\/la-mochila-de-los-padres-el-apego-adulto\/embed\/#?secret=JN80YmxLsj\" data-secret=\"JN80YmxLsj\" width=\"600\" height=\"338\" frameborder=\"0\" marginwidth=\"0\" marginheight=\"0\" scrolling=\"no\"><\/iframe><\/p>\n<blockquote class=\"wp-embedded-content\" data-secret=\"7JFohiHTZ4\"><p><a href=\"http:\/\/adopcionpuntodeencuentro.com\/web\/quien-te-quiere-a-ti-guia-para-padres-y-madres-como-educar-en-positivo\/\">\u00bfQUI\u00c9N TE QUIERE A TI? Gu\u00eda para padres y madres: c\u00f3mo educar en positivo<\/a><\/p><\/blockquote>\n<p><iframe class=\"wp-embedded-content\" sandbox=\"allow-scripts\" security=\"restricted\" style=\"position: absolute; clip: rect(1px, 1px, 1px, 1px);\" title=\"&#171;\u00bfQUI\u00c9N TE QUIERE A TI? Gu\u00eda para padres y madres: c\u00f3mo educar en positivo&#187; &#8212; adopci\u00f3n punto de encuentro\" src=\"http:\/\/adopcionpuntodeencuentro.com\/web\/quien-te-quiere-a-ti-guia-para-padres-y-madres-como-educar-en-positivo\/embed\/#?secret=7JFohiHTZ4\" data-secret=\"7JFohiHTZ4\" width=\"600\" height=\"338\" frameborder=\"0\" marginwidth=\"0\" marginheight=\"0\" scrolling=\"no\"><\/iframe><\/p>\n<blockquote class=\"wp-embedded-content\" data-secret=\"NfTPRErduO\"><p><a href=\"http:\/\/adopcionpuntodeencuentro.com\/web\/el-trauma-tiene-nombre-de-cultura-y-es-social-por-felix-loizaga\/\">El trauma tiene nombre de \u00abcultura\u00bb y es \u201csocial\u201d. Por F\u00e9lix Loizaga<\/a><\/p><\/blockquote>\n<p><iframe class=\"wp-embedded-content\" sandbox=\"allow-scripts\" security=\"restricted\" style=\"position: absolute; clip: rect(1px, 1px, 1px, 1px);\" title=\"&#171;El trauma tiene nombre de \u00abcultura\u00bb y es \u201csocial\u201d. Por F\u00e9lix Loizaga&#187; &#8212; adopci\u00f3n punto de encuentro\" src=\"http:\/\/adopcionpuntodeencuentro.com\/web\/el-trauma-tiene-nombre-de-cultura-y-es-social-por-felix-loizaga\/embed\/#?secret=NfTPRErduO\" data-secret=\"NfTPRErduO\" width=\"600\" height=\"338\" frameborder=\"0\" marginwidth=\"0\" marginheight=\"0\" scrolling=\"no\"><\/iframe><\/p>\n","protected":false},"excerpt":{"rendered":"<p>Obedece a los modelos operativos de los padres, que dependen a su vez de la calidad de su propia historia afectiva. Muchos acaban haciendo a sus hijos lo mismo que les hicieron, anclando as\u00ed valores morales que ya se expresan en los tres primeros a\u00f1os de vida.<\/p>\n","protected":false},"author":1,"featured_media":12338,"comment_status":"open","ping_status":"open","sticky":false,"template":"","format":"standard","meta":{"footnotes":""},"categories":[301,1,12],"tags":[27,69,230,72,55,16],"_links":{"self":[{"href":"https:\/\/adopcionpuntodeencuentro.com\/web\/wp-json\/wp\/v2\/posts\/12331"}],"collection":[{"href":"https:\/\/adopcionpuntodeencuentro.com\/web\/wp-json\/wp\/v2\/posts"}],"about":[{"href":"https:\/\/adopcionpuntodeencuentro.com\/web\/wp-json\/wp\/v2\/types\/post"}],"author":[{"embeddable":true,"href":"https:\/\/adopcionpuntodeencuentro.com\/web\/wp-json\/wp\/v2\/users\/1"}],"replies":[{"embeddable":true,"href":"https:\/\/adopcionpuntodeencuentro.com\/web\/wp-json\/wp\/v2\/comments?post=12331"}],"version-history":[{"count":7,"href":"https:\/\/adopcionpuntodeencuentro.com\/web\/wp-json\/wp\/v2\/posts\/12331\/revisions"}],"predecessor-version":[{"id":12483,"href":"https:\/\/adopcionpuntodeencuentro.com\/web\/wp-json\/wp\/v2\/posts\/12331\/revisions\/12483"}],"wp:featuredmedia":[{"embeddable":true,"href":"https:\/\/adopcionpuntodeencuentro.com\/web\/wp-json\/wp\/v2\/media\/12338"}],"wp:attachment":[{"href":"https:\/\/adopcionpuntodeencuentro.com\/web\/wp-json\/wp\/v2\/media?parent=12331"}],"wp:term":[{"taxonomy":"category","embeddable":true,"href":"https:\/\/adopcionpuntodeencuentro.com\/web\/wp-json\/wp\/v2\/categories?post=12331"},{"taxonomy":"post_tag","embeddable":true,"href":"https:\/\/adopcionpuntodeencuentro.com\/web\/wp-json\/wp\/v2\/tags?post=12331"}],"curies":[{"name":"wp","href":"https:\/\/api.w.org\/{rel}","templated":true}]}}