{"id":1279,"date":"2014-12-01T11:54:47","date_gmt":"2014-12-01T10:54:47","guid":{"rendered":"http:\/\/adopcionpuntodeencuentro.com\/web\/?p=1279"},"modified":"2014-12-01T12:00:07","modified_gmt":"2014-12-01T11:00:07","slug":"la-madre-y-el-padre-biologicoen-cafe-tertulia-con-marga-muniz","status":"publish","type":"post","link":"https:\/\/adopcionpuntodeencuentro.com\/web\/la-madre-y-el-padre-biologicoen-cafe-tertulia-con-marga-muniz\/","title":{"rendered":"La madre y el padre biol\u00f3gico,en caf\u00e9 tertulia con Marga Mu\u00f1iz."},"content":{"rendered":"<h4><img loading=\"lazy\" decoding=\"async\" class=\"alignleft size-full wp-image-348\" src=\"http:\/\/adopcionpuntodeencuentro.com\/web\/wp-content\/uploads\/2014\/10\/afam-LOGO.png\" alt=\"afam LOGO\" width=\"226\" height=\"219\" srcset=\"https:\/\/adopcionpuntodeencuentro.com\/web\/wp-content\/uploads\/2014\/10\/afam-LOGO.png 226w, https:\/\/adopcionpuntodeencuentro.com\/web\/wp-content\/uploads\/2014\/10\/afam-LOGO-52x50.png 52w\" sizes=\"(max-width: 226px) 100vw, 226px\" \/>En adopci\u00f3n punto de encuentro queremos reconocer y agradecer a la Asociaci\u00f3n de Familias Adoptivas Multi\u00e9tnicas\u00a0 de Granada el esfuerzo hecho para poder organizar una actividad como esta: la de\u00a0 un caf\u00e9 tertulia con <a title=\"Marga Mu\u00f1iz\" href=\"https:\/\/www.clippings.me\/margamunizaguilar\" target=\"_blank\">Marga Mu\u00f1iz Aguilar<\/a> una especialista en adopci\u00f3n conocida por sus trabajos, por su labor y estudios -siempre avanzados- sobre los distintos aspectos de la adopci\u00f3n.<\/h4>\n<p>Las asociaciones adoptivas con iniciativas como esta hacen, llegar recursos e informaci\u00f3n a las familias\u00a0 ayud\u00e1ndoles, ofreci\u00e9ndoles informaci\u00f3n y recursos y poni\u00e9ndoles en contacto con profesionales de reconocido prestigio que colaboran con este tipo de entidades sin \u00e1nimo de lucro para poder formar y orientar a las familias . Si quieres saber si cerca de ti hay alguna, hecha un vistazo a nuestro<a title=\"mapa de asociaciones\" href=\"http:\/\/adopcionpuntodeencuentro.com\/web\/mapas\/mapa-de-asociaciones\/\" target=\"_blank\"><strong> mapa de asociaciones,<\/strong><\/a>\u00a0porque suelen ser una ayuda inestimable para las familias pre y post adoptivas.<\/p>\n<p>En el caso de<a title=\"AFAM\" href=\"https:\/\/afamasociacion.wordpress.com\/\" target=\"_blank\"><strong> AFAM<\/strong><\/a>\u00a0(Granada) es una asociaci\u00f3n con un equipo entusiasta y entregado que consigue con la modesta aportaci\u00f3n de sus socios (35 \u20ac al a\u00f1o) organizar eventos de much\u00edsimo inter\u00e9s que, como el de este fin de semana, refuerzan la idea de la necesidad de este tipo de asociaciones para conseguir aumentar el conocimiento sobre adopci\u00f3n, tanto entre las propias familias adoptivas como en la sociedad en general como medio para hacer de esta un espacio mejor en el que nuestros hijos se sientan m\u00e1s c\u00f3modos en un futuro, ayudando a base de informaci\u00f3n, a desterrar \u00a0mitos y arquetipos.<\/p>\n<p><img loading=\"lazy\" decoding=\"async\" class=\"alignleft wp-image-1282\" src=\"http:\/\/adopcionpuntodeencuentro.com\/web\/wp-content\/uploads\/tertulia-Aajpgpq-300x225.jpg\" alt=\"tertulia Aajpgpq\" width=\"360\" height=\"270\" srcset=\"https:\/\/adopcionpuntodeencuentro.com\/web\/wp-content\/uploads\/tertulia-Aajpgpq-300x225.jpg 300w, https:\/\/adopcionpuntodeencuentro.com\/web\/wp-content\/uploads\/tertulia-Aajpgpq-150x112.jpg 150w, https:\/\/adopcionpuntodeencuentro.com\/web\/wp-content\/uploads\/tertulia-Aajpgpq-600x450.jpg 600w, https:\/\/adopcionpuntodeencuentro.com\/web\/wp-content\/uploads\/tertulia-Aajpgpq.jpg 640w\" sizes=\"(max-width: 360px) 100vw, 360px\" \/>Gracias a la mediaci\u00f3n de una de las activas integrantes de la asociaci\u00f3n <a title=\"AFAM\" href=\"https:\/\/afamasociacion.wordpress.com\/\" target=\"_blank\">AFAM<\/a>\u00a0\u00a0 y al director del\u00a0Instituto Generalife de Granada, el encuentro caf\u00e9 tertulia\u00a0 con Marga Mu\u00f1iz Aguilar se pudo organizar en una de las c\u00f3modas clases de ese centro.\u00a0La clase estaba dotada de ordenador y conexi\u00f3n a internet por lo que el evento pudo ser resumido y retrasmitido online\u00a0 v\u00eda twitter mediante el hashtag <a title=\"hashtag tertulia\" href=\"https:\/\/twitter.com\/search?q=%23tertuliadetrasdetumirada&amp;src=typd\" target=\"_blank\">#tertuliadetrasdetumirada<\/a> que contiene un resumen de frases y de preguntas que los asistentes pudieron hacerle a la escritora especialista en temas de familia y adoptivos, una tertulia que result\u00f3 entretenida, amena y esclarecedora para quien pudo asistir y que no dud\u00f3 en participar.<\/p>\n<p>Comenz\u00f3 Marga Mu\u00f1iz a hablar de c\u00f3mo hab\u00eda sido su trayectoria profesional tanto como terapeuta como escritora de muchos trabajos, art\u00edculos\u00a0 y \u00a0tres libros anteriores cuya motivaci\u00f3n fue en los tres casos por propia inquietud y curiosidad y a base de investigaci\u00f3n y como en cambio su \u00faltimo libro <a title=\"novela detr\u00e1s de tu mirada\" href=\"http:\/\/detrasdetumirada.com\/\" target=\"_blank\">Detr\u00e1s de tu mirada<\/a>, que es una novela, hab\u00eda sido escrito desde el coraz\u00f3n y no es fruto de la investigaci\u00f3n sino de la intuici\u00f3n.<\/p>\n<p>Tambi\u00e9n dio una buena noticia: la muy <strong>pr\u00f3xima edici\u00f3n<\/strong> -saldr\u00e1 en esta misma semana-<strong>de material de ayuda para reforzar el aprendizaje en los ni\u00f1os, editado en forma de fichas<\/strong>\u00a0 <strong>por la editorial <a title=\"editorial\" href=\"http:\/\/www.hilorojoediciones.com\/\" target=\"_blank\">Hilo Rojo ediciones<\/a>.<\/strong><\/p>\n<p>Las familias enseguida le preguntaron a Marga Mu\u00f1iz por una serie de terapias que aparecen en la novela, ella explic\u00f3 t\u00e9cnicas como el <a title=\"tapping\" href=\"http:\/\/detrasdetumirada.com\/2014\/11\/30\/de-verdad-funciona-el-tapping\/\" target=\"_blank\">Tapping<\/a> o digitopuntura o el Ho oponopono, t\u00e9cnica hawaiana que se basa en que todos somos responsables al cien por cien de nuestra vida y de lo que nos pasa, porque generalmente le trasladamos nuestros problemas a otros o a algo externo a nosotros,todas ellas muy interesantes, pero de todas las t\u00e9cnicas que aparecen en la novela la que m\u00e1s expectaci\u00f3n y curiosidad hab\u00eda despertado en general en todos los asistentes eran \u00ablas constelaciones familiares\u00bb. As\u00ed le pidieron que aclarara lo que son, \u00a0afirmando \u00a0la autora y terapeuta que<strong>\u00a0\u00abla regla para que una familia mantenga el equilibrio es que cada uno tenga su sitio de respeto y dignidad\u00a0incluyendo a los que no est\u00e1n o no conocemos\u00bb <\/strong>.<\/p>\n<p>Todos al vivir en sociedad pertenecemos\u00a0 a un sistema, el sistema laboral, el familiar etc, en el caso de las familias, cada miembro de la familia pertenece a ese sistema y debe \u00a0tener su sitio y su reconocimiento para que todo ese sistema pueda estar en equilibrio, algo que no siempre es as\u00ed porque en ocasiones se excluyen a uno o m\u00e1s miembros dej\u00e1ndolos fuera de ese sistema (por distintos y variados motivos: por ideas, por actitudes,\u00a0 etc,). En el caso de los ni\u00f1os adoptados es m\u00e1s complicado porque pertenecen a dos sistemas familiares: el actual y el biol\u00f3gico y a veces hasta a tres (si ha vivido en una familia de acogida que es significativa en su vida) y en el sitema biol\u00f3gico, no s\u00f3lo se encuentra su madre biol\u00f3gica sino tambi\u00e9n su padre, figura que raramente se reconoce o comenta.<\/p>\n<p>Explic\u00f3 que hay que ser muy conscientes de que la familia biol\u00f3gica, por dura que haya sido la historia previa del ni\u00f1o, es importante en la vida de ese ni\u00f1o y hay que darle su sitio, y si no somos capaces de integrar en el sistema actual a estas figuras tan trascendentales en el sistema de nuestros hijos e incorporarlos nosotros de una manera arm\u00f3nica, \u00bfc\u00f3mo vamos a ayudar a nuestros hijos a que las incorporen en su vida \u00a0de una forma natural y necesaria?.\u00a0 La forma de hacerlo- explic\u00f3-, es por ejemplo, se\u00f1alar un rasgo positivo del ni\u00f1o (buen o\u00eddo, sentido de lo art\u00edstico, etc) como originario de uno de sus padres biol\u00f3gicos en\u00a0\u00a0una forma de integrarlos con naturalidad en la vida del ni\u00f1o.<\/p>\n<p><img loading=\"lazy\" decoding=\"async\" class=\"alignleft wp-image-1283\" src=\"http:\/\/adopcionpuntodeencuentro.com\/web\/wp-content\/uploads\/IMG_3466pq-300x225.jpg\" alt=\"IMG_3466pq\" width=\"360\" height=\"270\" srcset=\"https:\/\/adopcionpuntodeencuentro.com\/web\/wp-content\/uploads\/IMG_3466pq-300x225.jpg 300w, https:\/\/adopcionpuntodeencuentro.com\/web\/wp-content\/uploads\/IMG_3466pq-150x112.jpg 150w, https:\/\/adopcionpuntodeencuentro.com\/web\/wp-content\/uploads\/IMG_3466pq-600x450.jpg 600w, https:\/\/adopcionpuntodeencuentro.com\/web\/wp-content\/uploads\/IMG_3466pq.jpg 640w\" sizes=\"(max-width: 360px) 100vw, 360px\" \/>Todo lo que cont\u00f3 y explic\u00f3 en esa interesante reuni\u00f3n arroj\u00f3 luz sobre muchos de los temas que m\u00e1s preocupan a las familias, asegurando adem\u00e1s <strong>que no todos los ni\u00f1os adoptados tienen problemas<\/strong> y que no s\u00f3lo ellos han sufrido el trauma de la separaci\u00f3n o abandono nada m\u00e1s nacer como por ejemplo, tambi\u00e9n lo han sufrido aquellos beb\u00e9s que por alguna causa de salud han sido llevados a la incubadora tambi\u00e9n hab\u00edan experimentado de alguna manera esa separaci\u00f3n traum\u00e1tica y \u00a0suelen ser ni\u00f1os que presentan problemas de miedo al abandono manifestado de distintas formas.<\/p>\n<p>Es importante saber que todas nuestras vivencias no resueltas vamos a volcarlas en nuestros hijos muchas veces de manera inconsciente, \u00a0y esto puede, lejos de ayudarles, agravar un problema o crear unos conflictos que son reflejo y resultado de nuestros propios conflictos no resueltos.<\/p>\n<p>La intervenci\u00f3n de una madre resumi\u00f3 de manera acertada la filosof\u00eda de la novela y dio las claves para poder ofrecerles a nuestros hijos una ayuda efectiva:<\/p>\n<p><em>-Entiendo,- <\/em>dijo<em>-, que lo que viene a decir tu novela es que aunque los padres asistimos a charlas y buscamos ayuda para nuestros hijos, lo primero que tenemos que hacer es identificar nuestros propios problemas, nuestros propios \u201ctraumas\u201d para poder integrar nuestra propia historia y ayudar a nuestros hijos a integrar la suya<\/em>.<\/p>\n<p><em>-Efectivamente,-<\/em>contest\u00f3 la terapeuta<em>&#8211; no podemos aligerar la mochila de nuestros hijos si no somos capaces de aligerar la nuestra. Al contrario, a veces cargamos esa mochila ,que puede estar m\u00e1s o menos cargada, con nuestros propios conflictos no resueltos.<\/em><\/p>\n<p>El tiempo se hizo corto, y pese a que se alarg\u00f3 todo lo que se pudo no result\u00f3 ser suficiente para una reuni\u00f3n tan interesante, por lo que qued\u00f3 el compromiso de AFAM \u00a0de organizar con Marga Mu\u00f1iz un taller de constelaciones en fechas a\u00fan por determinar.<\/p>\n<p>Estaremos muy pendientes.<\/p>\n<p><img loading=\"lazy\" decoding=\"async\" class=\"wp-image-1281 size-large aligncenter\" src=\"http:\/\/adopcionpuntodeencuentro.com\/web\/wp-content\/uploads\/IMG_3469pq-600x450.jpg\" alt=\"IMG_3469pq\" width=\"600\" height=\"450\" srcset=\"https:\/\/adopcionpuntodeencuentro.com\/web\/wp-content\/uploads\/IMG_3469pq-600x450.jpg 600w, https:\/\/adopcionpuntodeencuentro.com\/web\/wp-content\/uploads\/IMG_3469pq-150x112.jpg 150w, https:\/\/adopcionpuntodeencuentro.com\/web\/wp-content\/uploads\/IMG_3469pq-300x225.jpg 300w, https:\/\/adopcionpuntodeencuentro.com\/web\/wp-content\/uploads\/IMG_3469pq.jpg 640w\" sizes=\"(max-width: 600px) 100vw, 600px\" \/><\/p>\n","protected":false},"excerpt":{"rendered":"<p>En adopci\u00f3n punto de encuentro queremos reconocer y agradecer a la Asociaci\u00f3n de Familias Adoptivas Multi\u00e9tnicas\u00a0 de Granada el esfuerzo hecho para poder organizar una actividad como esta: la de\u00a0 un caf\u00e9 tertulia con Marga Mu\u00f1iz Aguilar una especialista en adopci\u00f3n conocida por sus trabajos, por su labor y estudios -siempre avanzados- sobre los distintos &#8230;<\/p>\n","protected":false},"author":1,"featured_media":1284,"comment_status":"open","ping_status":"open","sticky":false,"template":"","format":"standard","meta":{"footnotes":""},"categories":[30,40,31,1],"tags":[64,27,45,41,36,55,32,16,39,15],"_links":{"self":[{"href":"https:\/\/adopcionpuntodeencuentro.com\/web\/wp-json\/wp\/v2\/posts\/1279"}],"collection":[{"href":"https:\/\/adopcionpuntodeencuentro.com\/web\/wp-json\/wp\/v2\/posts"}],"about":[{"href":"https:\/\/adopcionpuntodeencuentro.com\/web\/wp-json\/wp\/v2\/types\/post"}],"author":[{"embeddable":true,"href":"https:\/\/adopcionpuntodeencuentro.com\/web\/wp-json\/wp\/v2\/users\/1"}],"replies":[{"embeddable":true,"href":"https:\/\/adopcionpuntodeencuentro.com\/web\/wp-json\/wp\/v2\/comments?post=1279"}],"version-history":[{"count":11,"href":"https:\/\/adopcionpuntodeencuentro.com\/web\/wp-json\/wp\/v2\/posts\/1279\/revisions"}],"predecessor-version":[{"id":1295,"href":"https:\/\/adopcionpuntodeencuentro.com\/web\/wp-json\/wp\/v2\/posts\/1279\/revisions\/1295"}],"wp:featuredmedia":[{"embeddable":true,"href":"https:\/\/adopcionpuntodeencuentro.com\/web\/wp-json\/wp\/v2\/media\/1284"}],"wp:attachment":[{"href":"https:\/\/adopcionpuntodeencuentro.com\/web\/wp-json\/wp\/v2\/media?parent=1279"}],"wp:term":[{"taxonomy":"category","embeddable":true,"href":"https:\/\/adopcionpuntodeencuentro.com\/web\/wp-json\/wp\/v2\/categories?post=1279"},{"taxonomy":"post_tag","embeddable":true,"href":"https:\/\/adopcionpuntodeencuentro.com\/web\/wp-json\/wp\/v2\/tags?post=1279"}],"curies":[{"name":"wp","href":"https:\/\/api.w.org\/{rel}","templated":true}]}}