{"id":12901,"date":"2020-10-19T09:40:24","date_gmt":"2020-10-19T07:40:24","guid":{"rendered":"http:\/\/adopcionpuntodeencuentro.com\/web\/?p=12901"},"modified":"2020-10-19T09:40:24","modified_gmt":"2020-10-19T07:40:24","slug":"fado-porque-me-faltan-tus-ojos-por-inigo-martinez-de-mandojana","status":"publish","type":"post","link":"https:\/\/adopcionpuntodeencuentro.com\/web\/fado-porque-me-faltan-tus-ojos-por-inigo-martinez-de-mandojana\/","title":{"rendered":"Fado porque me faltan tus ojos. Por I\u00f1igo Mart\u00ednez de Mandojana"},"content":{"rendered":"<p><img loading=\"lazy\" decoding=\"async\" class=\"alignleft size-full wp-image-12905\" src=\"http:\/\/adopcionpuntodeencuentro.com\/web\/wp-content\/uploads\/lua-cerouno.jpg\" alt=\"\" width=\"501\" height=\"668\" srcset=\"https:\/\/adopcionpuntodeencuentro.com\/web\/wp-content\/uploads\/lua-cerouno.jpg 501w, https:\/\/adopcionpuntodeencuentro.com\/web\/wp-content\/uploads\/lua-cerouno-338x450.jpg 338w, https:\/\/adopcionpuntodeencuentro.com\/web\/wp-content\/uploads\/lua-cerouno-113x150.jpg 113w\" sizes=\"(max-width: 501px) 100vw, 501px\" \/>El equilibrio es una de las cosas m\u00e1s importantes que un hombre o una mujer pueden encontrar a lo largo de su vida. No lo digo yo, es una frase del profesor Miyagi, el maestro de Karate Kid, que m\u00e1s all\u00e1 de golpes, piruetas o estrategias defensivas le cautiv\u00f3 en el arte de mantener y recuperar el control y la homeostasis. L\u00faa nunca se lo ha planteado as\u00ed. Es m\u00e1s, ni ha visto la pel\u00edcula, pero hay una grave descompensaci\u00f3n entre su vida digital y la vida real. Pasea m\u00e1s tiempo sus 15 a\u00f1os por los ceros y unos del ciberespacio que en las calles y plazas de la ciudad donde vive. Sus piernas han olvidado el aire lento que corre entre ellas. Este desequilibro no le pasa inadvertido ni a su padre ni a su madre, que est\u00e1n desesperados por romper ese agujero negro que le tiene absorbida y devolverle al mundo de carne y hueso. Lo han probado todo y cada ensayo es peor. Es 14 de septiembre, una efem\u00e9ride que no dice nada m\u00e1s all\u00e1 que hoy empieza el instituto pero L\u00faa ha decidido que no va a ir. Desde hace una semana y coincidiendo con los spots publicitarios del retorno del <em>Hormiguero<\/em>, de <em>Master Chef celebrity<\/em> o la \u00faltima temporada de <em>Las chicas del cable<\/em>, L\u00faa anuncia su renuncia a volver a poner su culo de nuevo en un pupitre.<\/p>\n<p>Entre tik-tok e instagram su padre consigue unos segundos de atenci\u00f3n mientras comen. Ha dise\u00f1ado c\u00f3mo abordar el tema m\u00e1s tiempo que la batalla de Iwo Jima, as\u00ed que el estado de excitaci\u00f3n y de nerviosismo en \u00e9l es top. Su estrategia es clara: apostar por las bonanzas versus desventajas de ir al instituto y tal, pero a pesar de que intenta poner una cara entre <em>aqu\u00ednoest\u00e1pasandonadaserio<\/em> y <em>tenemosquehablar <\/em>hasta el filete de babilla a la plancha sabe que en tres, dos, uno&#8230; L\u00faa va a explotar. En realidad explota en el dos, donde los gritos, los aspavientos, amenazas y dem\u00e1s destrozan cualquier tipo de acercamiento dial\u00e9ctico del padre hacia un tren de cercan\u00edas descarrilado llamado L\u00faa, que se levanta y abandona el lugar de los hechos. Retoma su vida de youtubers, bromas y chats de gente inanimada mientras sus progenitores vuelven a sus discusiones habituales. Es normal. Una que mano dura. El otro que le estamos apretando demasiado, y cada uno con un grupo privado de asesores y asesoras que les construyen planes a medida y recomiendan libros en las terrazas semiconfinadas del bar. Es m\u00e1s f\u00e1cil resolver la conjetura de Hodge que llegar al interior de L\u00faa. <em>Sin m\u00e1s, no me rayes, ya ves, sssstas t\u00fa! por fuera,&#8230;. <\/em>y rota por dentro, \u00bfqu\u00e9 es?<\/p>\n<p>L\u00faa lleg\u00f3 a ese hogar con 4 a\u00f1os y fue la luz, el gas y el internet de la pareja ese d\u00eda. Una ni\u00f1a detr\u00e1s de unos ojos, que se acomod\u00f3 r\u00e1pidamente a la din\u00e1mica familiar pero que poco a poco fue apagando su luz. Una luz que ten\u00eda que compartir de manera aleatoria y ca\u00f3tica con su madre biol\u00f3gica, que unas veces no estaba y otras tampoco. Todo parec\u00eda m\u00e1s f\u00e1cil cuando se imaginaban a L\u00faa en su casa, y pensaban que todo el amor y el cari\u00f1o con el que esperaban recibirla podr\u00eda tumbar cualquier problema que surgiera. Problema que se pon\u00eda a la cola de otros problemas. As\u00ed apareci\u00f3 la enuresis, las pesadillas nocturnas, los problemas de relaci\u00f3n y agresividad, el TDAH que diagnostic\u00f3 la profesora de m\u00fasica, luego los problemas de racismo e identidad de L\u00faa, los ataques de ira, las depresiones y una madre biol\u00f3gica que romp\u00eda cualquier avance de L\u00faa. Cumplea\u00f1os, navidades, fiestas patronales pasadas por l\u00e1grimas y discusiones. Todo deber\u00eda ser m\u00e1s sencillo. En las noches de luna y clavel, se plantean si no se equivocaron y as\u00ed llega la agon\u00eda que tiene la culpa. Ser\u00eda faltar a la verdad decir que siempre ha sido o es as\u00ed, porque en los d\u00edas en los que en sus ojos sale el sol, L\u00faa es la alegr\u00eda de la casa, con un cuerpo de adolescente, pero cada vez hay menos d\u00edas de esos. Todo lo que sea separarse de su<a href=\"https:\/\/es.wikipedia.org\/wiki\/Xiaomi_Redmi#:~:text=Redmi%20es%20una%20filial%20de%20Xiaomi.&amp;text=%E2%80%8B%20Los%20tel%C3%A9fonos%20Redmi%20usan,superior%20a%20las%205%22%20pulgadas.\" target=\"_blank\" rel=\"noopener noreferrer\"> Xiaomi redmi note<\/a>, es fuente de displicencia en ella.<\/p>\n<p><img loading=\"lazy\" decoding=\"async\" class=\"alignleft wp-image-12904\" src=\"http:\/\/adopcionpuntodeencuentro.com\/web\/wp-content\/uploads\/LUA-cerosyunos-1024x679.png\" alt=\"\" width=\"817\" height=\"541\" srcset=\"https:\/\/adopcionpuntodeencuentro.com\/web\/wp-content\/uploads\/LUA-cerosyunos-1024x679.png 1024w, https:\/\/adopcionpuntodeencuentro.com\/web\/wp-content\/uploads\/LUA-cerosyunos-450x298.png 450w, https:\/\/adopcionpuntodeencuentro.com\/web\/wp-content\/uploads\/LUA-cerosyunos-150x99.png 150w, https:\/\/adopcionpuntodeencuentro.com\/web\/wp-content\/uploads\/LUA-cerosyunos-768x509.png 768w, https:\/\/adopcionpuntodeencuentro.com\/web\/wp-content\/uploads\/LUA-cerosyunos.png 1280w\" sizes=\"(max-width: 817px) 100vw, 817px\" \/><\/p>\n<p>As\u00ed era la foto cuando Mar\u00eda apareci\u00f3 en la vida de L\u00faa. Una aparici\u00f3n no esperada ni deseada por ella que tuvo un recibimiento hostil, desafiante y adverso. Un aut\u00e9ntico reto para alguien con un m\u00ednimo de dignidad y orgullo. Sin embargo, ni la caballer\u00eda de sus silencios, ni la artiller\u00eda de <em>no s\u00e9 para qu\u00e9 vienes<\/em>, ni siquiera la infanter\u00eda de <em>al final te voy a tener que dar una hostia<\/em>, pudo con la presencia de Mar\u00eda, que sab\u00eda que era m\u00e1s fuerte, m\u00e1s sabia y m\u00e1s emp\u00e1tica que L\u00faa. Bueno, en realidad no s\u00e9 si lo sab\u00eda, pero si lo aparentaba y as\u00ed le llegaba a \u00e9sta. Lo iban a tener muy complicado las dos. As\u00ed fue. Sin embargo, cada d\u00eda los silencios se fueron convirtiendo en protestas, porque \u00e9stos acabaron haciendo m\u00e1s da\u00f1o a L\u00faa que a Mar\u00eda, para pasar luego a intentos de controlarla y de marcar los ritmos, a comenzar a compartir algo de sus intereses en el 2.0. Todo esto que cabe en una frase sucedi\u00f3 en medio a\u00f1o. Medio a\u00f1o en el que L\u00faa rob\u00f3 del bolso a Mar\u00eda una cajita super especial para ella donde llevaba juanolas, dibuj\u00f3 una polla en uno de los libros de la biblioteca, o tir\u00f3 a la basura una orqu\u00eddea que le llev\u00f3 por el d\u00eda de su cumplea\u00f1os. Pero tambi\u00e9n hubo tiempo de magdalenas, de pedicura, de trenzas de ra\u00edz y de masajes. Medio a\u00f1o en el que cada vez que Mar\u00eda se marchaba dejaba un hueco tan grande como la presencia que se manten\u00eda. Porque s\u00ed, L\u00faa se hab\u00eda dado cuenta de que la energ\u00eda de Mar\u00eda se manten\u00eda a pesar de que se hubiera ido. Si la historia de L\u00faa fuera la historia de una pel\u00edcula de sobremesa de domingo en una cadena nacional os dir\u00eda que Mar\u00eda y L\u00faa comenzaron y acabaron un camino de resiliencia en el que \u00e9sta volvi\u00f3 a recuperar a sus amigas, a incorporarse al colegio y hacer un uso responsables de las pantallas, pero no es as\u00ed. L\u00faa sigui\u00f3 encerrada en su habitaci\u00f3n, en su mundo de\u00a0 mentira y evasi\u00f3n, sin sentir el aire en las piernas. Sin embargo, L\u00faa cuenta los d\u00edas y las horas para que llegue Mar\u00eda.<\/p>\n<p><img loading=\"lazy\" decoding=\"async\" class=\"alignleft wp-image-12908 \" src=\"http:\/\/adopcionpuntodeencuentro.com\/web\/wp-content\/uploads\/lua-lua-1-1-1.png\" alt=\"\" width=\"805\" height=\"540\" srcset=\"https:\/\/adopcionpuntodeencuentro.com\/web\/wp-content\/uploads\/lua-lua-1-1-1.png 900w, https:\/\/adopcionpuntodeencuentro.com\/web\/wp-content\/uploads\/lua-lua-1-1-1-450x302.png 450w, https:\/\/adopcionpuntodeencuentro.com\/web\/wp-content\/uploads\/lua-lua-1-1-1-150x101.png 150w, https:\/\/adopcionpuntodeencuentro.com\/web\/wp-content\/uploads\/lua-lua-1-1-1-768x515.png 768w\" sizes=\"(max-width: 805px) 100vw, 805px\" \/>L\u00faa estaba empezando a encontrarse consigo misma. Se odiaba. Sent\u00eda mucha verg\u00fcenza por ella, porque era capaz de romper todo lo que amaba, y no quer\u00eda hacerlo. Nadie entend\u00eda c\u00f3mo en el cuerpecito en desarrollo de la adolescente cab\u00eda tanto odio, rabia, tristeza y verg\u00fcenza a la vez. Si pudiera decir todo lo que pensaba de Mar\u00eda, de su madre, de su padre, de\u2026 si pudiera. Consigui\u00f3 un peque\u00f1o truco de magia para poder hacerlo y era a trav\u00e9s de las historias de \u201cinsta\u201d. Sab\u00eda que Mar\u00eda las ve\u00eda. Sab\u00eda que Mar\u00eda no era tonta. Blanco y en botella. As\u00ed que empez\u00f3 a subir estados que eran <em>un como si<\/em>. Como que lo he visto en otro sitio y no van conmigo los pongo, pero hablan de m\u00ed, miradlos cojones!!! Dadle al like!! Poned corazones!!! Pero era un paso m\u00e1s en su reconstrucci\u00f3n interna, poder poner historias al dolor y vac\u00edo que ella ten\u00eda. Ahora sab\u00eda que hab\u00eda alguien de carne hueso, alguien sensible, alguien que la miraba de verdad detr\u00e1s de sus peque\u00f1as narrativas audiovisuales. Era un principio, empezar a poder percibir su tristeza y su miedo.<\/p>\n<p>Mar\u00eda tambi\u00e9n tuvo momentos para Jos\u00e9 y Ana, el padre y madre de L\u00faa. Alguien ten\u00eda que recoger\u00a0 y honrar tambi\u00e9n a ese hombre y esa mujer agotados, empeque\u00f1ecidos, juzgados y tambi\u00e9n avergonzados. Pasaron de ser los h\u00e9roes de una sociedad que les agradec\u00eda su generosidad hacia esa ni\u00f1a abandonada a tener que dar explicaciones en el colegio, en el AMPA, a la vecina, a la panadera y a la instituci\u00f3n. De \u201cqu\u00e9 coraz\u00f3n m\u00e1s grande tienes\u201d a \u201cc\u00f3mo te has complicado la vida con lo bien que viv\u00edais\u201d en los casos m\u00e1s bondadosos. Doble golpe. El segundo m\u00e1s doloroso.<\/p>\n<p>Mar\u00eda no es Mary Poppins, no es alguien que te lleva a comer algod\u00f3n de az\u00facar ni a volar en una cama gigante o a decir supercalifragilisticoespialidoso. Es alguien que te lleva a conectar con tu mundo interior de tristeza, miedo y verg\u00fcenza. Es alguien que te acompa\u00f1a a mirarte al espejo y calmarte, darte consuelo, y poner palabras a la fuente de tus limitaciones. Es alguien que te dice \u201cte mereces\u201d. Es alguien gigante, muy dif\u00edcil de manipular y de intimidar, pero alguien muy sensible y presente. Alguien en quien confiar. Todos y todas necesitamos una Mar\u00eda.<\/p>\n<p><img loading=\"lazy\" decoding=\"async\" class=\"aligncenter wp-image-12902 size-full\" src=\"http:\/\/adopcionpuntodeencuentro.com\/web\/wp-content\/uploads\/lazos-bn.jpg\" alt=\"\" width=\"1212\" height=\"334\" srcset=\"https:\/\/adopcionpuntodeencuentro.com\/web\/wp-content\/uploads\/lazos-bn.jpg 1212w, https:\/\/adopcionpuntodeencuentro.com\/web\/wp-content\/uploads\/lazos-bn-450x124.jpg 450w, https:\/\/adopcionpuntodeencuentro.com\/web\/wp-content\/uploads\/lazos-bn-1024x282.jpg 1024w, https:\/\/adopcionpuntodeencuentro.com\/web\/wp-content\/uploads\/lazos-bn-150x41.jpg 150w, https:\/\/adopcionpuntodeencuentro.com\/web\/wp-content\/uploads\/lazos-bn-768x212.jpg 768w\" sizes=\"(max-width: 1212px) 100vw, 1212px\" \/><\/p>\n<p><strong>L\u00faa no existe. L\u00faa son miles de ni\u00f1os y ni\u00f1as<\/strong>. Es la historia inacabada de alguien que como un jarr\u00f3n se rompe de muy peque\u00f1a y quieren arreglarlo con cello. Es la historia de adultos que quieren que vuelva a ser un jarr\u00f3n y no quieren ni pueden ver sus grietas. Es alguien a la que no han podido mirar con los ojos de ver. Es en realidad un fado, tan triste y melanc\u00f3lico como lleno de esperanza y de luz. Un fado acompa\u00f1ado por una guitarra que como dice Fernando Pessoa es como \u201c<em>cuando deseas todo pero no tienes fuerza, es la fatiga del alma fuerte, el mirar de desprecio de alguien que crey\u00f3 en Dios y le abandon\u00f3\u201d<\/em>. L\u00faa y sus padres son todo mi respeto a lo dif\u00edcil que es ser L\u00faa, un padre y una madre acogedora.<\/p>\n<div class='divider' > <\/div>\n<p><a href=\"https:\/\/www.biraka.org\/\"><img loading=\"lazy\" decoding=\"async\" class=\"alignnone wp-image-7826 size-full\" src=\"http:\/\/adopcionpuntodeencuentro.com\/web\/wp-content\/uploads\/i\u00f1igo-BIOGRAF\u00cdA-libro.png\" alt=\"\" width=\"1324\" height=\"434\" srcset=\"https:\/\/adopcionpuntodeencuentro.com\/web\/wp-content\/uploads\/i\u00f1igo-BIOGRAF\u00cdA-libro.png 1324w, https:\/\/adopcionpuntodeencuentro.com\/web\/wp-content\/uploads\/i\u00f1igo-BIOGRAF\u00cdA-libro-150x49.png 150w, https:\/\/adopcionpuntodeencuentro.com\/web\/wp-content\/uploads\/i\u00f1igo-BIOGRAF\u00cdA-libro-400x131.png 400w, https:\/\/adopcionpuntodeencuentro.com\/web\/wp-content\/uploads\/i\u00f1igo-BIOGRAF\u00cdA-libro-768x252.png 768w, https:\/\/adopcionpuntodeencuentro.com\/web\/wp-content\/uploads\/i\u00f1igo-BIOGRAF\u00cdA-libro-600x197.png 600w\" sizes=\"(max-width: 1324px) 100vw, 1324px\" \/><\/a><\/p>\n<div class='divider' > <\/div>\n<h2><span style=\"color: #33cccc;\"><strong>Os invitamos a leer otros art\u00edculos que atesoramos en esta web escritos por <a href=\"https:\/\/adopcionpuntodeencuentro.com\/web\/?s=i%C3%B1igo\" target=\"_blank\" rel=\"noopener noreferrer\">I\u00f1igo Mart\u00ednez de Mandojana\u00a0<\/a><\/strong><\/span><span style=\"color: #33cccc;\">de los que a continuaci\u00f3n hemos hecho una selecci\u00f3n:<\/span><\/h2>\n<blockquote class=\"wp-embedded-content\" data-secret=\"lLGJBdN8Ot\"><p><a href=\"http:\/\/adopcionpuntodeencuentro.com\/web\/llenos-de-nadismos-inigo-mtz-de-mandojana\/\">Llenos de nadismos. I\u00f1igo Mtz. de Mandojana<\/a><\/p><\/blockquote>\n<p><iframe class=\"wp-embedded-content\" sandbox=\"allow-scripts\" security=\"restricted\" style=\"position: absolute; clip: rect(1px, 1px, 1px, 1px);\" title=\"&#171;Llenos de nadismos. I\u00f1igo Mtz. de Mandojana&#187; &#8212; adopci\u00f3n punto de encuentro\" src=\"http:\/\/adopcionpuntodeencuentro.com\/web\/llenos-de-nadismos-inigo-mtz-de-mandojana\/embed\/#?secret=lLGJBdN8Ot\" data-secret=\"lLGJBdN8Ot\" width=\"600\" height=\"338\" frameborder=\"0\" marginwidth=\"0\" marginheight=\"0\" scrolling=\"no\"><\/iframe><\/p>\n<blockquote class=\"wp-embedded-content\" data-secret=\"F2YM6EVLq6\"><p><a href=\"http:\/\/adopcionpuntodeencuentro.com\/web\/de-puto-milagro-por-inigo-mtz-de-mandojana\/\">De puto milagro. Por I\u00f1igo Mtz. de Mandojana<\/a><\/p><\/blockquote>\n<p><iframe class=\"wp-embedded-content\" sandbox=\"allow-scripts\" security=\"restricted\" style=\"position: absolute; clip: rect(1px, 1px, 1px, 1px);\" title=\"&#171;De puto milagro. Por I\u00f1igo Mtz. de Mandojana&#187; &#8212; adopci\u00f3n punto de encuentro\" src=\"http:\/\/adopcionpuntodeencuentro.com\/web\/de-puto-milagro-por-inigo-mtz-de-mandojana\/embed\/#?secret=F2YM6EVLq6\" data-secret=\"F2YM6EVLq6\" width=\"600\" height=\"338\" frameborder=\"0\" marginwidth=\"0\" marginheight=\"0\" scrolling=\"no\"><\/iframe><\/p>\n<blockquote class=\"wp-embedded-content\" data-secret=\"A2hIIi8eVY\"><p><a href=\"http:\/\/adopcionpuntodeencuentro.com\/web\/escuchar-con-los-ojos-inigo-martinez-de-mandojana\/\">Escuchar con los ojos. I\u00f1igo Mart\u00ednez de Mandojana<\/a><\/p><\/blockquote>\n<p><iframe class=\"wp-embedded-content\" sandbox=\"allow-scripts\" security=\"restricted\" style=\"position: absolute; clip: rect(1px, 1px, 1px, 1px);\" title=\"&#171;Escuchar con los ojos. I\u00f1igo Mart\u00ednez de Mandojana&#187; &#8212; adopci\u00f3n punto de encuentro\" src=\"http:\/\/adopcionpuntodeencuentro.com\/web\/escuchar-con-los-ojos-inigo-martinez-de-mandojana\/embed\/#?secret=A2hIIi8eVY\" data-secret=\"A2hIIi8eVY\" width=\"600\" height=\"338\" frameborder=\"0\" marginwidth=\"0\" marginheight=\"0\" scrolling=\"no\"><\/iframe><\/p>\n<blockquote class=\"wp-embedded-content\" data-secret=\"ZYxfnKwDJF\"><p><a href=\"http:\/\/adopcionpuntodeencuentro.com\/web\/sintonizando-con-el-dolor-del-otro-inigo-martinez-de-mandojana\/\">Sintonizando con el dolor del otro. I\u00f1igo Mart\u00ednez de Mandojana<\/a><\/p><\/blockquote>\n<p><iframe class=\"wp-embedded-content\" sandbox=\"allow-scripts\" security=\"restricted\" style=\"position: absolute; clip: rect(1px, 1px, 1px, 1px);\" title=\"&#171;Sintonizando con el dolor del otro. I\u00f1igo Mart\u00ednez de Mandojana&#187; &#8212; adopci\u00f3n punto de encuentro\" src=\"http:\/\/adopcionpuntodeencuentro.com\/web\/sintonizando-con-el-dolor-del-otro-inigo-martinez-de-mandojana\/embed\/#?secret=ZYxfnKwDJF\" data-secret=\"ZYxfnKwDJF\" width=\"600\" height=\"338\" frameborder=\"0\" marginwidth=\"0\" marginheight=\"0\" scrolling=\"no\"><\/iframe><\/p>\n<blockquote class=\"wp-embedded-content\" data-secret=\"IFBzMz4CWH\"><p><a href=\"http:\/\/adopcionpuntodeencuentro.com\/web\/abookcion-profesionales-portadores-de-oxitocina-los-buenos-tratos-profesionales-inigo-martinez-de-mandojana\/\">ABOOKCI\u00d3N.Profesionales portadores de Oxitocina. Los Buenos Tratos Profesionales. I\u00f1igo Mart\u00ednez De Mandojana<\/a><\/p><\/blockquote>\n<p><iframe class=\"wp-embedded-content\" sandbox=\"allow-scripts\" security=\"restricted\" style=\"position: absolute; clip: rect(1px, 1px, 1px, 1px);\" title=\"&#171;ABOOKCI\u00d3N.Profesionales portadores de Oxitocina. Los Buenos Tratos Profesionales. I\u00f1igo Mart\u00ednez De Mandojana&#187; &#8212; adopci\u00f3n punto de encuentro\" src=\"http:\/\/adopcionpuntodeencuentro.com\/web\/abookcion-profesionales-portadores-de-oxitocina-los-buenos-tratos-profesionales-inigo-martinez-de-mandojana\/embed\/#?secret=IFBzMz4CWH\" data-secret=\"IFBzMz4CWH\" width=\"600\" height=\"338\" frameborder=\"0\" marginwidth=\"0\" marginheight=\"0\" scrolling=\"no\"><\/iframe><\/p>\n<div class='divider' > <\/div>\n<p><a href=\"https:\/\/www.elhiloediciones.com\/book\/profesionales-portadores-de-oxitocina-los-buenos-tratos-profesionales-2\/\"><img loading=\"lazy\" decoding=\"async\" class=\"alignnone wp-image-8074 size-full\" src=\"http:\/\/adopcionpuntodeencuentro.com\/web\/wp-content\/uploads\/boton-compradeoxitocina.png\" alt=\"\" width=\"161\" height=\"278\" srcset=\"https:\/\/adopcionpuntodeencuentro.com\/web\/wp-content\/uploads\/boton-compradeoxitocina.png 161w, https:\/\/adopcionpuntodeencuentro.com\/web\/wp-content\/uploads\/boton-compradeoxitocina-87x150.png 87w\" sizes=\"(max-width: 161px) 100vw, 161px\" \/><\/a><\/p>\n","protected":false},"excerpt":{"rendered":"<p>I\u00f1igo Mtz de Mandojana nos habla de una joven llamada L\u00faa.L\u00faa son miles de ni\u00f1os y ni\u00f1as. Es la historia inacabada de alguien que como un jarr\u00f3n se rompe de muy peque\u00f1a y quieren arreglarlo con cello. Es la historia de adultos que quieren que vuelva a ser un jarr\u00f3n y no quieren ni pueden ver sus grietas. Y de Mar\u00eda, alguien gigante, muy dif\u00edcil de manipular y de intimidar, pero alguien muy sensible y presente. Alguien en quien confiar. Todos y todas necesitamos una Mar\u00eda.<\/p>\n","protected":false},"author":1,"featured_media":12914,"comment_status":"open","ping_status":"open","sticky":false,"template":"","format":"standard","meta":{"footnotes":""},"categories":[19,296,113,75,269,17,253,1,295,308],"tags":[47,230,55,28],"_links":{"self":[{"href":"https:\/\/adopcionpuntodeencuentro.com\/web\/wp-json\/wp\/v2\/posts\/12901"}],"collection":[{"href":"https:\/\/adopcionpuntodeencuentro.com\/web\/wp-json\/wp\/v2\/posts"}],"about":[{"href":"https:\/\/adopcionpuntodeencuentro.com\/web\/wp-json\/wp\/v2\/types\/post"}],"author":[{"embeddable":true,"href":"https:\/\/adopcionpuntodeencuentro.com\/web\/wp-json\/wp\/v2\/users\/1"}],"replies":[{"embeddable":true,"href":"https:\/\/adopcionpuntodeencuentro.com\/web\/wp-json\/wp\/v2\/comments?post=12901"}],"version-history":[{"count":9,"href":"https:\/\/adopcionpuntodeencuentro.com\/web\/wp-json\/wp\/v2\/posts\/12901\/revisions"}],"predecessor-version":[{"id":12930,"href":"https:\/\/adopcionpuntodeencuentro.com\/web\/wp-json\/wp\/v2\/posts\/12901\/revisions\/12930"}],"wp:featuredmedia":[{"embeddable":true,"href":"https:\/\/adopcionpuntodeencuentro.com\/web\/wp-json\/wp\/v2\/media\/12914"}],"wp:attachment":[{"href":"https:\/\/adopcionpuntodeencuentro.com\/web\/wp-json\/wp\/v2\/media?parent=12901"}],"wp:term":[{"taxonomy":"category","embeddable":true,"href":"https:\/\/adopcionpuntodeencuentro.com\/web\/wp-json\/wp\/v2\/categories?post=12901"},{"taxonomy":"post_tag","embeddable":true,"href":"https:\/\/adopcionpuntodeencuentro.com\/web\/wp-json\/wp\/v2\/tags?post=12901"}],"curies":[{"name":"wp","href":"https:\/\/api.w.org\/{rel}","templated":true}]}}