{"id":13148,"date":"2021-03-08T09:26:42","date_gmt":"2021-03-08T08:26:42","guid":{"rendered":"http:\/\/adopcionpuntodeencuentro.com\/web\/?p=13148"},"modified":"2021-09-30T10:48:54","modified_gmt":"2021-09-30T08:48:54","slug":"adopcionario-regulacion-emocional","status":"publish","type":"post","link":"https:\/\/adopcionpuntodeencuentro.com\/web\/adopcionario-regulacion-emocional\/","title":{"rendered":"ADOPCIONARIO.REGULACI\u00d3N EMOCIONAL."},"content":{"rendered":"<p><img loading=\"lazy\" decoding=\"async\" class=\"alignleft wp-image-11062 \" src=\"http:\/\/adopcionpuntodeencuentro.com\/web\/wp-content\/uploads\/LOGO-ADOPCIONARIO-1024x374.jpg\" alt=\"\" width=\"459\" height=\"168\" srcset=\"https:\/\/adopcionpuntodeencuentro.com\/web\/wp-content\/uploads\/LOGO-ADOPCIONARIO-1024x374.jpg 1024w, https:\/\/adopcionpuntodeencuentro.com\/web\/wp-content\/uploads\/LOGO-ADOPCIONARIO-150x55.jpg 150w, https:\/\/adopcionpuntodeencuentro.com\/web\/wp-content\/uploads\/LOGO-ADOPCIONARIO-450x164.jpg 450w, https:\/\/adopcionpuntodeencuentro.com\/web\/wp-content\/uploads\/LOGO-ADOPCIONARIO-768x280.jpg 768w, https:\/\/adopcionpuntodeencuentro.com\/web\/wp-content\/uploads\/LOGO-ADOPCIONARIO.jpg 1543w\" sizes=\"(max-width: 459px) 100vw, 459px\" \/><\/p>\n<p>&nbsp;<\/p>\n<p>En esta secci\u00f3n iremos recogiendo palabras que forman el vocabulario adoptivo. La definici\u00f3n de la palabra ir\u00e1 acompa\u00f1ada de art\u00edculos que hablen sobre el concepto que se intenta definir.<\/p>\n<p>Es una secci\u00f3n abierta que pod\u00e9is enriquecer, tanto si eres familia adoptiva o profesional con trabajos y art\u00edculos que consideres relevantes enviando los enlaces a nuestro correo\u00a0<strong>adopcionario@gmail.com para que podamos a\u00f1adirlos a la entrada.<\/strong><\/p>\n<p>&nbsp;<\/p>\n<h1 style=\"text-align: center;\">REGULACI\u00d3N EMOCIONAL<\/h1>\n<p><img loading=\"lazy\" decoding=\"async\" class=\"alignleft wp-image-13171 \" src=\"http:\/\/adopcionpuntodeencuentro.com\/web\/wp-content\/uploads\/regulaci\u00f3n-emocional-ok-1024x703.jpg\" alt=\"\" width=\"505\" height=\"347\" srcset=\"https:\/\/adopcionpuntodeencuentro.com\/web\/wp-content\/uploads\/regulaci\u00f3n-emocional-ok-1024x703.jpg 1024w, https:\/\/adopcionpuntodeencuentro.com\/web\/wp-content\/uploads\/regulaci\u00f3n-emocional-ok-450x309.jpg 450w, https:\/\/adopcionpuntodeencuentro.com\/web\/wp-content\/uploads\/regulaci\u00f3n-emocional-ok-150x103.jpg 150w, https:\/\/adopcionpuntodeencuentro.com\/web\/wp-content\/uploads\/regulaci\u00f3n-emocional-ok-768x527.jpg 768w, https:\/\/adopcionpuntodeencuentro.com\/web\/wp-content\/uploads\/regulaci\u00f3n-emocional-ok.jpg 1280w\" sizes=\"(max-width: 505px) 100vw, 505px\" \/>La regulaci\u00f3n o modulaci\u00f3n emocional se puede definir como la capacidad para mantener nuestros afectos, emociones y sentimientos dentro de un rango que nos permita un comportamiento m\u00e1ximamente eficiente y adaptado.<\/p>\n[&#8230;]\n<p>Una buena regulaci\u00f3n emocional es un factor que se relaciona con la resiliencia, es decir, con la capacidad para aguantar, resistir y superara con \u00e9xito los acontecimientos traum\u00e1ticos; por lo que una persona que modula bien sus emociones est\u00e1 mucho m\u00e1s preparada para soportar los embates de la vida.<\/p>\n<p><strong>El control de las emociones es importante\u00a0 porque\u00a0 es una de las primeras capacidades que se pone en marcha tras el nacimiento, y se va conformando durante la relaci\u00f3n con los cuidadores principales, de un modo que puede influir decisivamente en la inteligencia emocional del individuo el resto de su vida.<\/strong><\/p>\n<p><strong>Rafael Benito Moraga. \u00bb La regulaci\u00f3n emocional. Bases neurobiol\u00f3gicas y desarrollo en la infancia y la adolescencia.\u00bb Colecci\u00f3n Puntadas. El Hilo Ediciones.<\/strong><\/p>\n<p>Para conocer m\u00e1s en profundidad\u00a0 al doctor<strong> Rafael Benito<\/strong> creemos que la mejor forma es a trav\u00e9s de la entrevista \u00a0que le hizo <strong>I\u00f1igo Mtz. de Mandojana <\/strong>en su imprescindible blog:<strong>Dando Vueltas sobre Vueltas <\/strong> titulado <strong><a title=\"dando vueltas\" href=\"https:\/\/dandovueltassobrevueltas.blogspot.com\/2014\/11\/ejes-para-dar-vueltas-rafael-benito.html\" target=\"_blank\" rel=\"noopener noreferrer\">Ejes para dar vueltas: Rafael Benito<\/a> .<\/strong><\/p>\n<h2><span style=\"color: #f50c56;\"><strong>Os recomendamos algunos art\u00edculos escritos por especialistas en adopci\u00f3n relacionados con el concepto de <\/strong><\/span>REGULACI\u00d3N EMOCIONAL:<\/h2>\n<blockquote class=\"wp-embedded-content\" data-secret=\"6ryTQZz6cs\"><p><a href=\"http:\/\/adopcionpuntodeencuentro.com\/web\/abookcion-la-regulacion-emocional-de-rafael-benito-moraga\/\">ABOOKCI\u00d3N. La regulaci\u00f3n emocional. De Rafael Benito Moraga<\/a><\/p><\/blockquote>\n<p><iframe class=\"wp-embedded-content\" sandbox=\"allow-scripts\" security=\"restricted\" style=\"position: absolute; clip: rect(1px, 1px, 1px, 1px);\" title=\"\u00abABOOKCI\u00d3N. La regulaci\u00f3n emocional. De Rafael Benito Moraga\u00bb \u2014 adopci\u00f3n punto de encuentro\" src=\"http:\/\/adopcionpuntodeencuentro.com\/web\/abookcion-la-regulacion-emocional-de-rafael-benito-moraga\/embed\/#?secret=6ryTQZz6cs\" data-secret=\"6ryTQZz6cs\" width=\"600\" height=\"338\" frameborder=\"0\" marginwidth=\"0\" marginheight=\"0\" scrolling=\"no\"><\/iframe><\/p>\n<blockquote class=\"wp-embedded-content\" data-secret=\"WHEloScGie\"><p><a href=\"http:\/\/adopcionpuntodeencuentro.com\/web\/los-padres-como-filtro-estabilizador-de-los-ninos-ansioso-ambivalentes-por-jose-luis-gonzalo-marrodan\/\">Los padres como filtro estabilizador de los ni\u00f1os ansioso-ambivalentes. Por Jos\u00e9 Luis Gonzalo Marrod\u00e1n.<\/a><\/p><\/blockquote>\n<p><iframe class=\"wp-embedded-content\" sandbox=\"allow-scripts\" security=\"restricted\" style=\"position: absolute; clip: rect(1px, 1px, 1px, 1px);\" title=\"\u00abLos padres como filtro estabilizador de los ni\u00f1os ansioso-ambivalentes. Por Jos\u00e9 Luis Gonzalo Marrod\u00e1n.\u00bb \u2014 adopci\u00f3n punto de encuentro\" src=\"http:\/\/adopcionpuntodeencuentro.com\/web\/los-padres-como-filtro-estabilizador-de-los-ninos-ansioso-ambivalentes-por-jose-luis-gonzalo-marrodan\/embed\/#?secret=WHEloScGie\" data-secret=\"WHEloScGie\" width=\"600\" height=\"338\" frameborder=\"0\" marginwidth=\"0\" marginheight=\"0\" scrolling=\"no\"><\/iframe><\/p>\n<blockquote class=\"wp-embedded-content\" data-secret=\"bw7lJjkzv7\"><p><a href=\"http:\/\/adopcionpuntodeencuentro.com\/web\/afrontando-el-desbordamiento-emocional-infografia\/\">Afrontando el desbordamiento emocional. Infograf\u00eda<\/a><\/p><\/blockquote>\n<p><iframe class=\"wp-embedded-content\" sandbox=\"allow-scripts\" security=\"restricted\" style=\"position: absolute; clip: rect(1px, 1px, 1px, 1px);\" title=\"\u00abAfrontando el desbordamiento emocional. Infograf\u00eda\u00bb \u2014 adopci\u00f3n punto de encuentro\" src=\"http:\/\/adopcionpuntodeencuentro.com\/web\/afrontando-el-desbordamiento-emocional-infografia\/embed\/#?secret=bw7lJjkzv7\" data-secret=\"bw7lJjkzv7\" width=\"600\" height=\"338\" frameborder=\"0\" marginwidth=\"0\" marginheight=\"0\" scrolling=\"no\"><\/iframe><\/p>\n<blockquote class=\"wp-embedded-content\" data-secret=\"SyEQ4vwUTz\"><p><a href=\"http:\/\/adopcionpuntodeencuentro.com\/web\/sintigo-por-inigo-martinez-de-mandojana\/\">SINTIGO. Por I\u00f1igo Mart\u00ednez de Mandojana<\/a><\/p><\/blockquote>\n<p><iframe class=\"wp-embedded-content\" sandbox=\"allow-scripts\" security=\"restricted\" style=\"position: absolute; clip: rect(1px, 1px, 1px, 1px);\" title=\"\u00abSINTIGO. Por I\u00f1igo Mart\u00ednez de Mandojana\u00bb \u2014 adopci\u00f3n punto de encuentro\" src=\"http:\/\/adopcionpuntodeencuentro.com\/web\/sintigo-por-inigo-martinez-de-mandojana\/embed\/#?secret=SyEQ4vwUTz\" data-secret=\"SyEQ4vwUTz\" width=\"600\" height=\"338\" frameborder=\"0\" marginwidth=\"0\" marginheight=\"0\" scrolling=\"no\"><\/iframe><\/p>\n<blockquote class=\"wp-embedded-content\" data-secret=\"B9nEF49vDO\"><p><a href=\"http:\/\/adopcionpuntodeencuentro.com\/web\/encauzar-las-emociones-jose-amador-delgado-montoto\/\">Encauzar las emociones. Jos\u00e9 Amador Delgado Montoto.<\/a><\/p><\/blockquote>\n<p><iframe class=\"wp-embedded-content\" sandbox=\"allow-scripts\" security=\"restricted\" style=\"position: absolute; clip: rect(1px, 1px, 1px, 1px);\" title=\"\u00abEncauzar las emociones. Jos\u00e9 Amador Delgado Montoto.\u00bb \u2014 adopci\u00f3n punto de encuentro\" src=\"http:\/\/adopcionpuntodeencuentro.com\/web\/encauzar-las-emociones-jose-amador-delgado-montoto\/embed\/#?secret=B9nEF49vDO\" data-secret=\"B9nEF49vDO\" width=\"600\" height=\"338\" frameborder=\"0\" marginwidth=\"0\" marginheight=\"0\" scrolling=\"no\"><\/iframe><\/p>\n<blockquote class=\"wp-embedded-content\" data-secret=\"MNRsfg1ETK\"><p><a href=\"http:\/\/adopcionpuntodeencuentro.com\/web\/de-la-parentalidad-positiva-a-la-parentalidad-terapeutica-inigo-mtz-de-mandojana\/\">De la parentalidad positiva a la parentalidad terap\u00e9utica. I\u00f1igo Mtz de Mandojana<\/a><\/p><\/blockquote>\n<p><iframe class=\"wp-embedded-content\" sandbox=\"allow-scripts\" security=\"restricted\" style=\"position: absolute; clip: rect(1px, 1px, 1px, 1px);\" title=\"\u00abDe la parentalidad positiva a la parentalidad terap\u00e9utica. I\u00f1igo Mtz de Mandojana\u00bb \u2014 adopci\u00f3n punto de encuentro\" src=\"http:\/\/adopcionpuntodeencuentro.com\/web\/de-la-parentalidad-positiva-a-la-parentalidad-terapeutica-inigo-mtz-de-mandojana\/embed\/#?secret=MNRsfg1ETK\" data-secret=\"MNRsfg1ETK\" width=\"600\" height=\"338\" frameborder=\"0\" marginwidth=\"0\" marginheight=\"0\" scrolling=\"no\"><\/iframe><\/p>\n<blockquote class=\"wp-embedded-content\" data-secret=\"3BhAXWQg59\"><p><a href=\"http:\/\/adopcionpuntodeencuentro.com\/web\/estrategia-para-momentos-de-crisis-muevelo-o-pierdelo\/\">Estrategia para momentos de crisis: \u00abmu\u00e9velo o pi\u00e9rdelo\u00bb.<\/a><\/p><\/blockquote>\n<p><iframe class=\"wp-embedded-content\" sandbox=\"allow-scripts\" security=\"restricted\" style=\"position: absolute; clip: rect(1px, 1px, 1px, 1px);\" title=\"\u00abEstrategia para momentos de crisis: \u00abmu\u00e9velo o pi\u00e9rdelo\u00bb.\u00bb \u2014 adopci\u00f3n punto de encuentro\" src=\"http:\/\/adopcionpuntodeencuentro.com\/web\/estrategia-para-momentos-de-crisis-muevelo-o-pierdelo\/embed\/#?secret=3BhAXWQg59\" data-secret=\"3BhAXWQg59\" width=\"600\" height=\"338\" frameborder=\"0\" marginwidth=\"0\" marginheight=\"0\" scrolling=\"no\"><\/iframe><\/p>\n<blockquote class=\"wp-embedded-content\" data-secret=\"vGv0Gcfo0L\"><p><a href=\"http:\/\/adopcionpuntodeencuentro.com\/web\/como-dejar-de-ser-una-madre-rebelde-y-desafiante\/\">C\u00f3mo dejar de ser una madre rebelde y desafiante. Por Mercedes Moya<\/a><\/p><\/blockquote>\n<p><iframe class=\"wp-embedded-content\" sandbox=\"allow-scripts\" security=\"restricted\" style=\"position: absolute; clip: rect(1px, 1px, 1px, 1px);\" title=\"\u00abC\u00f3mo dejar de ser una madre rebelde y desafiante. Por Mercedes Moya\u00bb \u2014 adopci\u00f3n punto de encuentro\" src=\"http:\/\/adopcionpuntodeencuentro.com\/web\/como-dejar-de-ser-una-madre-rebelde-y-desafiante\/embed\/#?secret=vGv0Gcfo0L\" data-secret=\"vGv0Gcfo0L\" width=\"600\" height=\"338\" frameborder=\"0\" marginwidth=\"0\" marginheight=\"0\" scrolling=\"no\"><\/iframe><\/p>\n<blockquote class=\"wp-embedded-content\" data-secret=\"Vcm34RZ40I\"><p><a href=\"http:\/\/adopcionpuntodeencuentro.com\/web\/que-necesita-un-ser-humano-para-desarrollarse-de-manera-adecuada-sandra-baita\/\">Qu\u00e9 necesita un ser humano para desarrollarse de manera adecuada. Sandra Baita<\/a><\/p><\/blockquote>\n<p><iframe class=\"wp-embedded-content\" sandbox=\"allow-scripts\" security=\"restricted\" style=\"position: absolute; clip: rect(1px, 1px, 1px, 1px);\" title=\"\u00abQu\u00e9 necesita un ser humano para desarrollarse de manera adecuada. Sandra Baita\u00bb \u2014 adopci\u00f3n punto de encuentro\" src=\"http:\/\/adopcionpuntodeencuentro.com\/web\/que-necesita-un-ser-humano-para-desarrollarse-de-manera-adecuada-sandra-baita\/embed\/#?secret=Vcm34RZ40I\" data-secret=\"Vcm34RZ40I\" width=\"600\" height=\"338\" frameborder=\"0\" marginwidth=\"0\" marginheight=\"0\" scrolling=\"no\"><\/iframe><\/p>\n<blockquote class=\"wp-embedded-content\" data-secret=\"rKdehmo2ot\"><p><a href=\"http:\/\/adopcionpuntodeencuentro.com\/web\/las-consecuencias-del-maltrato-en-el-cerebro-infantil\/\">LAS CONSECUENCIAS DEL MALTRATO EN EL CEREBRO INFANTIL por Charo Blanco Guerrero.<\/a><\/p><\/blockquote>\n<p><iframe class=\"wp-embedded-content\" sandbox=\"allow-scripts\" security=\"restricted\" style=\"position: absolute; clip: rect(1px, 1px, 1px, 1px);\" title=\"\u00abLAS CONSECUENCIAS DEL MALTRATO EN EL CEREBRO INFANTIL por Charo Blanco Guerrero.\u00bb \u2014 adopci\u00f3n punto de encuentro\" src=\"http:\/\/adopcionpuntodeencuentro.com\/web\/las-consecuencias-del-maltrato-en-el-cerebro-infantil\/embed\/#?secret=rKdehmo2ot\" data-secret=\"rKdehmo2ot\" width=\"600\" height=\"338\" frameborder=\"0\" marginwidth=\"0\" marginheight=\"0\" scrolling=\"no\"><\/iframe><\/p>\n<p>&nbsp;<\/p>\n<blockquote class=\"wp-embedded-content\" data-secret=\"tTiSGxg23J\"><p><a href=\"http:\/\/adopcionpuntodeencuentro.com\/web\/ayudarles-concentrarse-y-autorregularse\/\">Ayudarles a concentrarse y autorregularse<\/a><\/p><\/blockquote>\n<p><iframe class=\"wp-embedded-content\" sandbox=\"allow-scripts\" security=\"restricted\" style=\"position: absolute; clip: rect(1px, 1px, 1px, 1px);\" title=\"\u00abAyudarles a concentrarse y autorregularse\u00bb \u2014 adopci\u00f3n punto de encuentro\" src=\"http:\/\/adopcionpuntodeencuentro.com\/web\/ayudarles-concentrarse-y-autorregularse\/embed\/#?secret=tTiSGxg23J\" data-secret=\"tTiSGxg23J\" width=\"600\" height=\"338\" frameborder=\"0\" marginwidth=\"0\" marginheight=\"0\" scrolling=\"no\"><\/iframe><\/p>\n<blockquote class=\"wp-embedded-content\" data-secret=\"weCaA8S5DV\"><p><a href=\"http:\/\/adopcionpuntodeencuentro.com\/web\/fado-porque-me-faltan-tus-ojos-por-inigo-martinez-de-mandojana\/\">Fado porque me faltan tus ojos. Por I\u00f1igo Mart\u00ednez de Mandojana<\/a><\/p><\/blockquote>\n<p><iframe class=\"wp-embedded-content\" sandbox=\"allow-scripts\" security=\"restricted\" style=\"position: absolute; clip: rect(1px, 1px, 1px, 1px);\" title=\"\u00abFado porque me faltan tus ojos. Por I\u00f1igo Mart\u00ednez de Mandojana\u00bb \u2014 adopci\u00f3n punto de encuentro\" src=\"http:\/\/adopcionpuntodeencuentro.com\/web\/fado-porque-me-faltan-tus-ojos-por-inigo-martinez-de-mandojana\/embed\/#?secret=weCaA8S5DV\" data-secret=\"weCaA8S5DV\" width=\"600\" height=\"338\" frameborder=\"0\" marginwidth=\"0\" marginheight=\"0\" scrolling=\"no\"><\/iframe><\/p>\n<blockquote class=\"wp-embedded-content\" data-secret=\"rfGWdGFG1L\"><p><a href=\"http:\/\/adopcionpuntodeencuentro.com\/web\/la-edad-la-sensitividad-materna%e2%80%85y-el%e2%80%85vinculo\/\">La edad, la sensitividad materna\u2005y el\u2005v\u00ednculo<\/a><\/p><\/blockquote>\n<p><iframe class=\"wp-embedded-content\" sandbox=\"allow-scripts\" security=\"restricted\" style=\"position: absolute; clip: rect(1px, 1px, 1px, 1px);\" title=\"\u00abLa edad, la sensitividad materna\u2005y el\u2005v\u00ednculo\u00bb \u2014 adopci\u00f3n punto de encuentro\" src=\"http:\/\/adopcionpuntodeencuentro.com\/web\/la-edad-la-sensitividad-materna%e2%80%85y-el%e2%80%85vinculo\/embed\/#?secret=rfGWdGFG1L\" data-secret=\"rfGWdGFG1L\" width=\"600\" height=\"338\" frameborder=\"0\" marginwidth=\"0\" marginheight=\"0\" scrolling=\"no\"><\/iframe><\/p>\n<blockquote class=\"wp-embedded-content\" data-secret=\"VOTKaieqEP\"><p><a href=\"http:\/\/adopcionpuntodeencuentro.com\/web\/llenos-de-nadismos-inigo-mtz-de-mandojana\/\">Llenos de nadismos. I\u00f1igo Mtz. de Mandojana<\/a><\/p><\/blockquote>\n<p><iframe class=\"wp-embedded-content\" sandbox=\"allow-scripts\" security=\"restricted\" style=\"position: absolute; clip: rect(1px, 1px, 1px, 1px);\" title=\"\u00abLlenos de nadismos. I\u00f1igo Mtz. de Mandojana\u00bb \u2014 adopci\u00f3n punto de encuentro\" src=\"http:\/\/adopcionpuntodeencuentro.com\/web\/llenos-de-nadismos-inigo-mtz-de-mandojana\/embed\/#?secret=VOTKaieqEP\" data-secret=\"VOTKaieqEP\" width=\"600\" height=\"338\" frameborder=\"0\" marginwidth=\"0\" marginheight=\"0\" scrolling=\"no\"><\/iframe><\/p>\n<blockquote class=\"wp-embedded-content\" data-secret=\"loSR5bK4At\"><p><a href=\"http:\/\/adopcionpuntodeencuentro.com\/web\/maltrato-verbal-el-insulto-duele-lo-mismo-que-una-pedrada-montse-lapastora\/\">Maltrato verbal: el insulto duele lo mismo que una pedrada. Montse Lapastora<\/a><\/p><\/blockquote>\n<p><iframe class=\"wp-embedded-content\" sandbox=\"allow-scripts\" security=\"restricted\" style=\"position: absolute; clip: rect(1px, 1px, 1px, 1px);\" title=\"\u00abMaltrato verbal: el insulto duele lo mismo que una pedrada. Montse Lapastora\u00bb \u2014 adopci\u00f3n punto de encuentro\" src=\"http:\/\/adopcionpuntodeencuentro.com\/web\/maltrato-verbal-el-insulto-duele-lo-mismo-que-una-pedrada-montse-lapastora\/embed\/#?secret=loSR5bK4At\" data-secret=\"loSR5bK4At\" width=\"600\" height=\"338\" frameborder=\"0\" marginwidth=\"0\" marginheight=\"0\" scrolling=\"no\"><\/iframe><\/p>\n","protected":false},"excerpt":{"rendered":"<p>Con este art\u00edculo que abarca muchos otros art\u00edculos de especialistas sobre este tema, seguro que saldremos de dudas sobre que significa la regulaci\u00f3n emocional. Se puede abordar este concepto desde diversos \u00e1mbitos, por supuesto partiendo de la neurobiolog\u00eda, pero tambi\u00e9n os invitamos a leer sobre  la regulaci\u00f3n no s\u00f3lo de nuestros hijos adoptados sino tambi\u00e9n nuestra propia regulaci\u00f3n.<\/p>\n","protected":false},"author":1,"featured_media":13171,"comment_status":"open","ping_status":"open","sticky":false,"template":"","format":"standard","meta":{"footnotes":""},"categories":[300,301,296,113,53,269,1],"tags":[64,27,45,69,110,14,230,72,55,63,28,51],"_links":{"self":[{"href":"https:\/\/adopcionpuntodeencuentro.com\/web\/wp-json\/wp\/v2\/posts\/13148"}],"collection":[{"href":"https:\/\/adopcionpuntodeencuentro.com\/web\/wp-json\/wp\/v2\/posts"}],"about":[{"href":"https:\/\/adopcionpuntodeencuentro.com\/web\/wp-json\/wp\/v2\/types\/post"}],"author":[{"embeddable":true,"href":"https:\/\/adopcionpuntodeencuentro.com\/web\/wp-json\/wp\/v2\/users\/1"}],"replies":[{"embeddable":true,"href":"https:\/\/adopcionpuntodeencuentro.com\/web\/wp-json\/wp\/v2\/comments?post=13148"}],"version-history":[{"count":17,"href":"https:\/\/adopcionpuntodeencuentro.com\/web\/wp-json\/wp\/v2\/posts\/13148\/revisions"}],"predecessor-version":[{"id":14446,"href":"https:\/\/adopcionpuntodeencuentro.com\/web\/wp-json\/wp\/v2\/posts\/13148\/revisions\/14446"}],"wp:featuredmedia":[{"embeddable":true,"href":"https:\/\/adopcionpuntodeencuentro.com\/web\/wp-json\/wp\/v2\/media\/13171"}],"wp:attachment":[{"href":"https:\/\/adopcionpuntodeencuentro.com\/web\/wp-json\/wp\/v2\/media?parent=13148"}],"wp:term":[{"taxonomy":"category","embeddable":true,"href":"https:\/\/adopcionpuntodeencuentro.com\/web\/wp-json\/wp\/v2\/categories?post=13148"},{"taxonomy":"post_tag","embeddable":true,"href":"https:\/\/adopcionpuntodeencuentro.com\/web\/wp-json\/wp\/v2\/tags?post=13148"}],"curies":[{"name":"wp","href":"https:\/\/api.w.org\/{rel}","templated":true}]}}