{"id":13213,"date":"2020-12-11T09:39:34","date_gmt":"2020-12-11T08:39:34","guid":{"rendered":"http:\/\/adopcionpuntodeencuentro.com\/web\/?p=13213"},"modified":"2020-12-11T09:39:34","modified_gmt":"2020-12-11T08:39:34","slug":"adopcine-con-jose-ignacio-diaz-carvajal-la-vie-de-chateau","status":"publish","type":"post","link":"https:\/\/adopcionpuntodeencuentro.com\/web\/adopcine-con-jose-ignacio-diaz-carvajal-la-vie-de-chateau\/","title":{"rendered":"ADOPCINE con Jos\u00e9 Ignacio D\u00edaz Carvajal. La Vie de Ch\u00e2teau."},"content":{"rendered":"<p>Mi vida en Versalles, de 2019, es una pel\u00edcula corta de animaci\u00f3n, (28 min) que cuenta una historia de acogimiento forzoso intrafamiliar, que se va convirtiendo poco a poco en un deseo mutuo de una adopci\u00f3n.<br \/>\nEs la t\u00edpica historia de un hombre que se ve forzado a acoger sin ganas, a una ni\u00f1a en este caso, y acaba descubriendo el amor parental.<\/p>\n<p>Esta contada con gracia&#8230;la ni\u00f1a se escapa del colegio, y el t\u00edo tiene que ir a buscarla por todos lados. Viven ni m\u00e1s ni menos que en Versalles (pues el trabaja all\u00ed manteniendo) y la ni\u00f1a va aprendiendo las cosas divertidas e interesantes que encuetra de su t\u00edo all\u00ed y eso le lleva a conseguir crear un v\u00ednculo con \u00e9l que les lleva a la adopci\u00f3n.<\/p>\n<p>Interesante para ver con los ni\u00f1os y poder trabajar el deseo de ser padres adoptivos. Y que cuando est\u00e1 es para siempre.<\/p>\n<p><strong><a href=\"http:\/\/adopcionpuntodeencuentro.com\/web\/wp-content\/uploads\/ADOPCINE.png\"><img loading=\"lazy\" decoding=\"async\" class=\"alignleft wp-image-2396\" src=\"http:\/\/adopcionpuntodeencuentro.com\/web\/wp-content\/uploads\/ADOPCINE.png\" alt=\"ADOPCINE\" width=\"270\" height=\"99\" srcset=\"https:\/\/adopcionpuntodeencuentro.com\/web\/wp-content\/uploads\/ADOPCINE.png 1136w, https:\/\/adopcionpuntodeencuentro.com\/web\/wp-content\/uploads\/ADOPCINE-150x55.png 150w, https:\/\/adopcionpuntodeencuentro.com\/web\/wp-content\/uploads\/ADOPCINE-300x110.png 300w, https:\/\/adopcionpuntodeencuentro.com\/web\/wp-content\/uploads\/ADOPCINE-600x219.png 600w\" sizes=\"(max-width: 270px) 100vw, 270px\" \/><\/a><\/strong><\/p>\n<p>&nbsp;<\/p>\n<p><strong>Es el cine desde la mirada adoptiva.<\/strong><strong>\u00a0<\/strong><strong>\u00a0Secci\u00f3n dirigida por\u00a0<\/strong><b>\u00a0<\/b><a style=\"font-weight: bold;\" title=\"JIgnacio biograf\u00eda\" href=\"http:\/\/wp.me\/p56Gk1-p9\" target=\"_blank\" rel=\"noopener noreferrer\">J.Ignacio D\u00edaz Carvajal,<\/a><b> que\u00a0 hoy nos propone una pel\u00edcula con tem\u00e1tica adoptiva y adem\u00e1s nos brinda una sinopsis con toda la informaci\u00f3n sobre la pel\u00edcula que nos sugiere.<\/b><\/p>\n<p>&nbsp;<\/p>\n<h1 class=\"post-title entry-title\"><span style=\"color: #000000;\">La Vie de Ch\u00e2teau (TV) Mi vida en Versalles (2019)<\/span><\/h1>\n<p><strong><img loading=\"lazy\" decoding=\"async\" class=\"alignleft wp-image-13216\" src=\"http:\/\/adopcionpuntodeencuentro.com\/web\/wp-content\/uploads\/la-vie-543x768.jpg\" alt=\"\" width=\"477\" height=\"675\" srcset=\"https:\/\/adopcionpuntodeencuentro.com\/web\/wp-content\/uploads\/la-vie-543x768.jpg 543w, https:\/\/adopcionpuntodeencuentro.com\/web\/wp-content\/uploads\/la-vie-318x450.jpg 318w, https:\/\/adopcionpuntodeencuentro.com\/web\/wp-content\/uploads\/la-vie-106x150.jpg 106w, https:\/\/adopcionpuntodeencuentro.com\/web\/wp-content\/uploads\/la-vie-768x1085.jpg 768w, https:\/\/adopcionpuntodeencuentro.com\/web\/wp-content\/uploads\/la-vie-1087x1536.jpg 1087w, https:\/\/adopcionpuntodeencuentro.com\/web\/wp-content\/uploads\/la-vie.jpg 1316w\" sizes=\"(max-width: 477px) 100vw, 477px\" \/>Directores:<\/strong> Nathaniel Hlimi, Cl\u00e9mence Madeleine-Perdrillat<br \/>\nFrancia<br \/>\n2019<br \/>\n28 min<br \/>\nanimaci\u00f3n<\/p>\n<p><strong>Sinopsis:<\/strong> Violette, una hu\u00e9rfana de 8 a\u00f1os, se muda a vivir con su t\u00edo R\u00e9gis, que trabaja como encargado de la limpieza en el Palacio de Versailles. Violette odia a R\u00e9gis y \u00e9l odia a los ni\u00f1os, pero no les queda m\u00e1s remedio que aprender a convivir el uno con el otro por el bien com\u00fan de ambos. (FILMAFFINITY)<\/p>\n<p><strong>Valoraci\u00f3n cin\u00e9fila:<\/strong> 8\/10<br \/>\n<strong>Valoraci\u00f3n adopci\u00f3n:<\/strong> 8\/10<\/p>\n<p>Esta historia de adopci\u00f3n es curiosa, pues empieza como un acogimiento intrafamiliar impuesto, tanto para la ni\u00f1a, como para el t\u00edo.<br \/>\nNinguno quiere estar con el otro. Y la ni\u00f1a se escapa y le hace sufrir al t\u00edo muchos percances.<br \/>\nAl final se van cogiendo el punto y prefieren vivir juntos que tener que mandar a la ni\u00f1a con los abuelos.<br \/>\nEs una historia con cierta ternura y donde claramente se ve que la ni\u00f1a todav\u00eda no ha podido superar el duelo por la p\u00e9rdida de sus padres.<\/p>\n<p>Es una pel\u00edcula para ver con los ni\u00f1os. Y permite hablar de los sentimientos de p\u00e9rdida y abandono de los padres biol\u00f3gicos y de como cuesta adaptarse a una nueva realidad con los padres acogedores y adoptivos.<\/p>\n<p>&nbsp;<\/p>\n<p>&nbsp;<\/p>\n<p><iframe loading=\"lazy\" src=\"https:\/\/www.youtube.com\/embed\/16f2z8etdyM\" width=\"560\" height=\"315\" frameborder=\"0\" allowfullscreen=\"allowfullscreen\"><\/iframe> <iframe loading=\"lazy\" src=\"https:\/\/www.youtube.com\/embed\/-EL1-vPnZYs\" width=\"560\" height=\"315\" frameborder=\"0\" allowfullscreen=\"allowfullscreen\"><\/iframe><\/p>\n<div class='divider' > <\/div>\n<img loading=\"lazy\" decoding=\"async\" class=\"alignnone wp-image-12765 size-full\" src=\"http:\/\/adopcionpuntodeencuentro.com\/web\/wp-content\/uploads\/JOSEIGNACIOBIOGRAF\u00cdA-1.jpg\" alt=\"\" width=\"1043\" height=\"373\" srcset=\"https:\/\/adopcionpuntodeencuentro.com\/web\/wp-content\/uploads\/JOSEIGNACIOBIOGRAF\u00cdA-1.jpg 1043w, https:\/\/adopcionpuntodeencuentro.com\/web\/wp-content\/uploads\/JOSEIGNACIOBIOGRAF\u00cdA-1-450x161.jpg 450w, https:\/\/adopcionpuntodeencuentro.com\/web\/wp-content\/uploads\/JOSEIGNACIOBIOGRAF\u00cdA-1-1024x366.jpg 1024w, https:\/\/adopcionpuntodeencuentro.com\/web\/wp-content\/uploads\/JOSEIGNACIOBIOGRAF\u00cdA-1-150x54.jpg 150w, https:\/\/adopcionpuntodeencuentro.com\/web\/wp-content\/uploads\/JOSEIGNACIOBIOGRAF\u00cdA-1-768x275.jpg 768w\" sizes=\"(max-width: 1043px) 100vw, 1043px\" \/><\/p>\n<h3><strong>Para saber m\u00e1s sobre Jos\u00e9 Ignacio D\u00edaz Carvajal pincha en la imagen.<\/strong><\/h3>\n<p>&nbsp;<\/p>\n","protected":false},"excerpt":{"rendered":"<p>Una pel\u00edcula corta de animaci\u00f3n que cuenta una historia de acogimiento forzoso intrafamiliar, que se va convirtiendo poco a poco en un deseo mutuo de una adopci\u00f3n. Es la t\u00edpica historia de un hombre que se ve forzado a acoger sin ganas, a una ni\u00f1a en este caso, y acaba descubriendo el amor parental. Interesante para ver con los ni\u00f1os y poder trabajar el deseo de ser padres adoptivos. Y que cuando est\u00e1 es para siempre.<\/p>\n","protected":false},"author":1,"featured_media":13216,"comment_status":"open","ping_status":"open","sticky":false,"template":"","format":"standard","meta":{"footnotes":""},"categories":[86,113,1],"tags":[],"_links":{"self":[{"href":"https:\/\/adopcionpuntodeencuentro.com\/web\/wp-json\/wp\/v2\/posts\/13213"}],"collection":[{"href":"https:\/\/adopcionpuntodeencuentro.com\/web\/wp-json\/wp\/v2\/posts"}],"about":[{"href":"https:\/\/adopcionpuntodeencuentro.com\/web\/wp-json\/wp\/v2\/types\/post"}],"author":[{"embeddable":true,"href":"https:\/\/adopcionpuntodeencuentro.com\/web\/wp-json\/wp\/v2\/users\/1"}],"replies":[{"embeddable":true,"href":"https:\/\/adopcionpuntodeencuentro.com\/web\/wp-json\/wp\/v2\/comments?post=13213"}],"version-history":[{"count":11,"href":"https:\/\/adopcionpuntodeencuentro.com\/web\/wp-json\/wp\/v2\/posts\/13213\/revisions"}],"predecessor-version":[{"id":13225,"href":"https:\/\/adopcionpuntodeencuentro.com\/web\/wp-json\/wp\/v2\/posts\/13213\/revisions\/13225"}],"wp:featuredmedia":[{"embeddable":true,"href":"https:\/\/adopcionpuntodeencuentro.com\/web\/wp-json\/wp\/v2\/media\/13216"}],"wp:attachment":[{"href":"https:\/\/adopcionpuntodeencuentro.com\/web\/wp-json\/wp\/v2\/media?parent=13213"}],"wp:term":[{"taxonomy":"category","embeddable":true,"href":"https:\/\/adopcionpuntodeencuentro.com\/web\/wp-json\/wp\/v2\/categories?post=13213"},{"taxonomy":"post_tag","embeddable":true,"href":"https:\/\/adopcionpuntodeencuentro.com\/web\/wp-json\/wp\/v2\/tags?post=13213"}],"curies":[{"name":"wp","href":"https:\/\/api.w.org\/{rel}","templated":true}]}}