{"id":13230,"date":"2020-12-11T11:24:23","date_gmt":"2020-12-11T10:24:23","guid":{"rendered":"http:\/\/adopcionpuntodeencuentro.com\/web\/?p=13230"},"modified":"2020-12-11T11:45:51","modified_gmt":"2020-12-11T10:45:51","slug":"18-y-ahora-que-presentacion-de-una-nueva-seccion","status":"publish","type":"post","link":"https:\/\/adopcionpuntodeencuentro.com\/web\/18-y-ahora-que-presentacion-de-una-nueva-seccion\/","title":{"rendered":"18 Y ahora qu\u00e9? Presentaci\u00f3n de una nueva secci\u00f3n"},"content":{"rendered":"<p><img loading=\"lazy\" decoding=\"async\" class=\"alignnone size-medium wp-image-13231\" src=\"http:\/\/adopcionpuntodeencuentro.com\/web\/wp-content\/uploads\/18yahora-450x119.png\" alt=\"\" width=\"450\" height=\"119\" srcset=\"https:\/\/adopcionpuntodeencuentro.com\/web\/wp-content\/uploads\/18yahora-450x119.png 450w, https:\/\/adopcionpuntodeencuentro.com\/web\/wp-content\/uploads\/18yahora-1024x270.png 1024w, https:\/\/adopcionpuntodeencuentro.com\/web\/wp-content\/uploads\/18yahora-150x40.png 150w, https:\/\/adopcionpuntodeencuentro.com\/web\/wp-content\/uploads\/18yahora-768x203.png 768w, https:\/\/adopcionpuntodeencuentro.com\/web\/wp-content\/uploads\/18yahora.png 1333w\" sizes=\"(max-width: 450px) 100vw, 450px\" \/>En Adopci\u00f3n Punto de Encuentro hemos abierto una nueva secci\u00f3n que va a tratar sobre el espinoso tema que es el llegar a la mayor\u00eda de edad\u00a0 de nuestros j\u00f3venes, tutelados, acogidos o adoptados y que est\u00e1 abierta a profesionales y familias que quieran aportar lo que sus conocimientos y su generosidad en compartirlos as\u00ed como su tiempo se lo permita. Ya empezamos hace un par de semanas con el fant\u00e1stico art\u00edculo de Rafael Llor Director de la Asociaci\u00f3n Albores de Murcia con el que os invitamos a conocer una de estas realidades en el art\u00edculo titulado <a href=\"http:\/\/adopcionpuntodeencuentro.com\/web\/y-ahora-que-cumplir-los-18-en-un-centro-de-proteccion-de-menores-por-rafael-llor-martinez\/\" target=\"_blank\" rel=\"noopener noreferrer\"><strong>\u00abY AHORA QU\u00c9\u2026 Cumplir los 18 en un centro de protecci\u00f3n de menores\u00bb<\/strong> <\/a>que ha servido de inspiraci\u00f3n para el nombre de esta secci\u00f3n \u201c18 Y AHORA QUE?\u201d<\/p>\n<p>La idea y casi necesidad de abrir esta secci\u00f3n empez\u00f3 porque mi propia hija (adoptada hace 11 a\u00f1os) cumpli\u00f3 hace muy poco 18 a\u00f1os y su hermano de 13 me hizo una pregunta llena de contenido <strong><em>\u00bfMam\u00e1 y si Diana no fuera vuestra hija qu\u00e9 le hubiera pasado?<\/em><\/strong><\/p>\n<p><img loading=\"lazy\" decoding=\"async\" class=\"alignleft wp-image-13233 \" src=\"http:\/\/adopcionpuntodeencuentro.com\/web\/wp-content\/uploads\/CARATULA-PRESENT-772x768.png\" alt=\"\" width=\"656\" height=\"653\" srcset=\"https:\/\/adopcionpuntodeencuentro.com\/web\/wp-content\/uploads\/CARATULA-PRESENT-772x768.png 772w, https:\/\/adopcionpuntodeencuentro.com\/web\/wp-content\/uploads\/CARATULA-PRESENT-450x448.png 450w, https:\/\/adopcionpuntodeencuentro.com\/web\/wp-content\/uploads\/CARATULA-PRESENT-150x150.png 150w, https:\/\/adopcionpuntodeencuentro.com\/web\/wp-content\/uploads\/CARATULA-PRESENT-768x764.png 768w, https:\/\/adopcionpuntodeencuentro.com\/web\/wp-content\/uploads\/CARATULA-PRESENT-320x320.png 320w, https:\/\/adopcionpuntodeencuentro.com\/web\/wp-content\/uploads\/CARATULA-PRESENT-80x80.png 80w, https:\/\/adopcionpuntodeencuentro.com\/web\/wp-content\/uploads\/CARATULA-PRESENT-67x67.png 67w, https:\/\/adopcionpuntodeencuentro.com\/web\/wp-content\/uploads\/CARATULA-PRESENT.png 786w\" sizes=\"(max-width: 656px) 100vw, 656px\" \/>Desde <strong>Adopci\u00f3n Punto de Encuentro creemos que la adopci\u00f3n es la mejor medida de protecci\u00f3n para la infancia desprotegida<\/strong> y por eso creemos que tenemos que ayudar a hacer visible el desenlace de los ni\u00f1os que, tras permanecer muchos a\u00f1os en el sistema de protecci\u00f3n, cumplen los 18 a\u00f1os y se ven forzados a enfrentarse a una vida para la que no est\u00e1n preparados, empezando porque evaluarlos desde una perspectiva cronol\u00f3gica y no madurativa es un tremendo error que los conduce al abismo, porque una constante en estos chicos es la disarmon\u00eda en su maduraci\u00f3n. Chicos victimas de quienes ten\u00edan que protegerles, primero sus padres, su familia biol\u00f3gica y luego el Estado. Porque aunque existan programas para la \u201cinserci\u00f3n\u201d, de emancipaci\u00f3n o de seguimiento, el final es que tienen que enfrentarse a una vida de adulto cuando les faltar\u00eda mucho para serlo y no s\u00f3lo en edad o madurez, sino empezando por unas redes, una seguridad que si llegan a tenerlas, pierden de forma m\u00e1s o menos repentina cuando su desarrollo no se ha completado de forma adecuada.<\/p>\n<p>Pero tambi\u00e9n queremos que esta secci\u00f3n incluya las vicisitudes de los chicos y chicas que cumplen 18 a\u00f1os en familias de acogida y en familias adoptivas, chicos que su pasado les impide enfrentarse o acoplarse en una sociedad que les exige un desarrollo que no han coronado, pretende hacer visible las dificultades por las que atraviesan tanto ellos como sus familias y tutores. Tal vez consigamos entre todos mover algo, porque tenemos que aspirar a un sistema m\u00e1s justo, m\u00e1s comprensivo, m\u00e1s humano y sensible con este tema. Al menos que quede evidenciado y que esta secci\u00f3n sirva para reflejarlo.<\/p>\n<p>El pr\u00f3ximo lunes <strong>Dolores Urizar<\/strong> Educadora Social, Diplomada en Traumaterapia Infanto Juvenil Sist\u00e9mica que desarrolla una parte de su trabajo en un programa de\u00a0Acogimiento Residencial de la Fundaci\u00f3n Hogar de San Jos\u00e9, en Gij\u00f3n nos har\u00e1 una reflexi\u00f3n a la que no podemos sustraernos, \u201c<em>Los datos sociol\u00f3gicos nos confirman que la edad media en la que l@s j\u00f3venes se independizan supera los 30 a\u00f1os, que muchos estudian hasta mas all\u00e1 de los 25 a\u00f1os, que el acceso al mercado laboral de l@s j\u00f3venes es dif\u00edcil, y cuando lo hacen es precario e inestable, que tienen dificultades para acceder a una vivienda \u2026 \u00bfPor qu\u00e9 entonces el sistema de protecci\u00f3n se empe\u00f1a en independizar a sus \u201chijos\u201d a los 18?\u201d<\/em><\/p>\n<p>Y no ser\u00e1 la \u00fanica\u00a0 Dolores Urizar desde su compromiso y sensibilidad con su trabajo nos har\u00e1 una serie de consideraciones que no podremos pasar por alto. Una mujer convencida \u201c<em>que el mundo cambiar\u00eda en una generaci\u00f3n si tuvi\u00e9ramos medidas protectoras eficaces para la infancia, capaces de proteger a l@s ni\u00f1@s y adolescentes y ofrecerles alternativas adecuadas a sus necesidades, en el contexto m\u00e1s adecuado: acogimiento o adopci\u00f3n o centro cuando estas medidas no sean viables, aunque pienso-idealizo-sue\u00f1o que siempre hay una familia para cada ni\u00f1@.\u201d<\/em><\/p>\n<p>Os invitamos a leer el pr\u00f3ximo lunes un art\u00edculo que emociona y levanta ampollas.<\/p>\n<p><a href=\"https:\/\/mercedesmoya.com\/\" target=\"_blank\" rel=\"noopener noreferrer\">Mercedes Moya<\/a><\/p>\n<p>&nbsp;<\/p>\n<p>&nbsp;<\/p>\n<p>&nbsp;<\/p>\n<p>&nbsp;<\/p>\n","protected":false},"excerpt":{"rendered":"<p>Desde Adopci\u00f3n Punto de Encuentro creemos que tenemos que ayudar a hacer visible el desenlace de los ni\u00f1os que, tras permanecer a\u00f1os en el sistema de protecci\u00f3n, cumplen los 18 a\u00f1os y se ven forzados a enfrentarse a una vida para la que no est\u00e1n preparados, tambi\u00e9n queremos que esta secci\u00f3n incluya las vicisitudes de los chicos y chicas que cumplen 18 a\u00f1os en familias de acogida y en familias adoptivas, chicos que su pasado les impide enfrentarse o acoplarse en una sociedad que les exige un desarrollo que no han coronado, pretende hacer visible las dificultades por las que atraviesan tanto ellos como sus familias y tutores.<\/p>\n","protected":false},"author":1,"featured_media":13236,"comment_status":"open","ping_status":"open","sticky":false,"template":"","format":"standard","meta":{"footnotes":""},"categories":[255,17,11,253,318],"tags":[],"_links":{"self":[{"href":"https:\/\/adopcionpuntodeencuentro.com\/web\/wp-json\/wp\/v2\/posts\/13230"}],"collection":[{"href":"https:\/\/adopcionpuntodeencuentro.com\/web\/wp-json\/wp\/v2\/posts"}],"about":[{"href":"https:\/\/adopcionpuntodeencuentro.com\/web\/wp-json\/wp\/v2\/types\/post"}],"author":[{"embeddable":true,"href":"https:\/\/adopcionpuntodeencuentro.com\/web\/wp-json\/wp\/v2\/users\/1"}],"replies":[{"embeddable":true,"href":"https:\/\/adopcionpuntodeencuentro.com\/web\/wp-json\/wp\/v2\/comments?post=13230"}],"version-history":[{"count":16,"href":"https:\/\/adopcionpuntodeencuentro.com\/web\/wp-json\/wp\/v2\/posts\/13230\/revisions"}],"predecessor-version":[{"id":13250,"href":"https:\/\/adopcionpuntodeencuentro.com\/web\/wp-json\/wp\/v2\/posts\/13230\/revisions\/13250"}],"wp:featuredmedia":[{"embeddable":true,"href":"https:\/\/adopcionpuntodeencuentro.com\/web\/wp-json\/wp\/v2\/media\/13236"}],"wp:attachment":[{"href":"https:\/\/adopcionpuntodeencuentro.com\/web\/wp-json\/wp\/v2\/media?parent=13230"}],"wp:term":[{"taxonomy":"category","embeddable":true,"href":"https:\/\/adopcionpuntodeencuentro.com\/web\/wp-json\/wp\/v2\/categories?post=13230"},{"taxonomy":"post_tag","embeddable":true,"href":"https:\/\/adopcionpuntodeencuentro.com\/web\/wp-json\/wp\/v2\/tags?post=13230"}],"curies":[{"name":"wp","href":"https:\/\/api.w.org\/{rel}","templated":true}]}}