{"id":13335,"date":"2021-01-11T09:36:19","date_gmt":"2021-01-11T08:36:19","guid":{"rendered":"http:\/\/adopcionpuntodeencuentro.com\/web\/?p=13335"},"modified":"2021-01-11T09:36:19","modified_gmt":"2021-01-11T08:36:19","slug":"adopcion-sin-prejuicios-sin-olvidar-el-pasado","status":"publish","type":"post","link":"https:\/\/adopcionpuntodeencuentro.com\/web\/adopcion-sin-prejuicios-sin-olvidar-el-pasado\/","title":{"rendered":"ADOPCI\u00d3N SIN PREJUICIOS. Sin olvidar el pasado."},"content":{"rendered":"<p><img loading=\"lazy\" decoding=\"async\" class=\"size-medium wp-image-13336 alignleft\" src=\"http:\/\/adopcionpuntodeencuentro.com\/web\/wp-content\/uploads\/cartel-promo-luc\u00eda-450x408.png\" alt=\"\" width=\"450\" height=\"408\" srcset=\"https:\/\/adopcionpuntodeencuentro.com\/web\/wp-content\/uploads\/cartel-promo-luc\u00eda-450x408.png 450w, https:\/\/adopcionpuntodeencuentro.com\/web\/wp-content\/uploads\/cartel-promo-luc\u00eda-847x768.png 847w, https:\/\/adopcionpuntodeencuentro.com\/web\/wp-content\/uploads\/cartel-promo-luc\u00eda-150x136.png 150w, https:\/\/adopcionpuntodeencuentro.com\/web\/wp-content\/uploads\/cartel-promo-luc\u00eda-768x696.png 768w, https:\/\/adopcionpuntodeencuentro.com\/web\/wp-content\/uploads\/cartel-promo-luc\u00eda-1536x1392.png 1536w, https:\/\/adopcionpuntodeencuentro.com\/web\/wp-content\/uploads\/cartel-promo-luc\u00eda.png 1774w\" sizes=\"(max-width: 450px) 100vw, 450px\" \/><\/p>\n<p>Nuestra entrevista se titula SIN OLVIDAR EL PASADO y con ella queremos desterrar algunos mitos sobre las personas adoptadas.<\/p>\n<p>Hablaremos del cierre del c\u00edrculo de\u00a0identidad, la comunicaci\u00f3n entres padres e hijos adoptivos y en especialmente sobre esa infancia en algunas ocasiones dura que por pertenecer a una familia fuera de lo\u00a0tradicional se ve mucho m\u00e1s expuesta ante una sociedad que no nos lo pone nada f\u00e1cil. En ella entrevistamos a Luc\u00eda Rabad\u00e1n de 22 a\u00f1os, fue adoptada con tan s\u00f3lo un a\u00f1o en China y es vicepresidenta de AFAM y responsable de la secci\u00f3n juvenil de la misma.<\/p>\n<p>Con ella conversaremos sobre el miedo que provoca lo diferente y hace que la persona diversa lo pase mal por ese rechazo al que se ve sometida constantemente. Daremos un giro y pondremos el foco en esa parte positiva que lleva consigo ser diferente. Lucia nos contar\u00e1 como ella trabaj\u00f3 sus miedos y creci\u00f3 ante la adversidad y el racismo que provocaba sus rasgos \u00e9tnicos y el hecho de pertenecer a una familia adoptiva.<\/p>\n<p>Con esta entrevista tambi\u00e9n queremos agradecer la labor y el trabajo que hacen todas las asociaciones, herramientas editoriales y entidades p\u00fablicas y privadas que trabajan por la adopci\u00f3n, el acogimiento y la infancia.<\/p>\n<p>Con Lucia nos acercaremos m\u00e1s a la piel de las personas adoptadas.<\/p>\n<p><strong>Un v\u00eddeo\u00a0 producido por adopcionpuntodeencuentro.com.<\/strong><\/p>\n<p><iframe loading=\"lazy\" src=\"https:\/\/www.youtube.com\/embed\/iQVAb4CzaNI\" width=\"560\" height=\"315\" frameborder=\"0\" allowfullscreen=\"allowfullscreen\"><\/iframe><br \/>\n<div class='divider' > <\/div>\n<h3><strong>Ficha t\u00e9cnica del v\u00eddeo:<\/strong><\/h3>\n<p><strong>Direcci\u00f3n, presentaci\u00f3n y guion:<\/strong> Mar\u00eda Mart\u00edn Titos<\/p>\n<p><strong>Edici\u00f3n, Realizaci\u00f3n, y Producci\u00f3n:<\/strong> Mercedes Moya Herrero<\/p>\n<p><strong>Ayudante de producci\u00f3n<\/strong>: Diana Fdez. Moya<\/p>\n<p><strong>Producido por:<\/strong> Adopci\u00f3n Punto de Encuentro<\/p>\n<p><strong>Idea original:<\/strong> Mar\u00eda Mart\u00edn Titos<\/p>\n<p><strong>Dise\u00f1o e imagen<\/strong>: Mercedes Moya<\/p>\n<p><strong>Hemeroteca:<\/strong> Fotograf\u00edas del archivo de Luc\u00eda rabad\u00e1n<\/p>\n<p><strong>Agradecimientos a Luc\u00eda Rabad\u00e1n por esta entrevista franca y sincera en la que comparte su experiencia y vivencias , enriqueciendo con ello nuestros conocimientos en adopci\u00f3n con el punto de vista de adulta adoptada.<\/strong><\/p>\n<p>&nbsp;<\/p>\n<div class='divider' > <\/div>\n","protected":false},"excerpt":{"rendered":"<p>Entrevista a Luc\u00eda Rabad\u00e1n de 22 a\u00f1os, fue adoptada con tan s\u00f3lo un a\u00f1o en China y es vicepresidenta de AFAM y responsable de la secci\u00f3n juvenil de la misma. Una entrevista franca y sincera en la que comparte su experiencia y vivencias , enriqueciendo con ello nuestros conocimientos en adopci\u00f3n con el punto de vista de adulta adoptada.<\/p>\n","protected":false},"author":1,"featured_media":13336,"comment_status":"open","ping_status":"open","sticky":false,"template":"","format":"standard","meta":{"footnotes":""},"categories":[3,315,260,255,1,234],"tags":[27,45,100,320,39],"_links":{"self":[{"href":"https:\/\/adopcionpuntodeencuentro.com\/web\/wp-json\/wp\/v2\/posts\/13335"}],"collection":[{"href":"https:\/\/adopcionpuntodeencuentro.com\/web\/wp-json\/wp\/v2\/posts"}],"about":[{"href":"https:\/\/adopcionpuntodeencuentro.com\/web\/wp-json\/wp\/v2\/types\/post"}],"author":[{"embeddable":true,"href":"https:\/\/adopcionpuntodeencuentro.com\/web\/wp-json\/wp\/v2\/users\/1"}],"replies":[{"embeddable":true,"href":"https:\/\/adopcionpuntodeencuentro.com\/web\/wp-json\/wp\/v2\/comments?post=13335"}],"version-history":[{"count":2,"href":"https:\/\/adopcionpuntodeencuentro.com\/web\/wp-json\/wp\/v2\/posts\/13335\/revisions"}],"predecessor-version":[{"id":13345,"href":"https:\/\/adopcionpuntodeencuentro.com\/web\/wp-json\/wp\/v2\/posts\/13335\/revisions\/13345"}],"wp:featuredmedia":[{"embeddable":true,"href":"https:\/\/adopcionpuntodeencuentro.com\/web\/wp-json\/wp\/v2\/media\/13336"}],"wp:attachment":[{"href":"https:\/\/adopcionpuntodeencuentro.com\/web\/wp-json\/wp\/v2\/media?parent=13335"}],"wp:term":[{"taxonomy":"category","embeddable":true,"href":"https:\/\/adopcionpuntodeencuentro.com\/web\/wp-json\/wp\/v2\/categories?post=13335"},{"taxonomy":"post_tag","embeddable":true,"href":"https:\/\/adopcionpuntodeencuentro.com\/web\/wp-json\/wp\/v2\/tags?post=13335"}],"curies":[{"name":"wp","href":"https:\/\/api.w.org\/{rel}","templated":true}]}}