{"id":1363,"date":"2014-12-10T08:42:06","date_gmt":"2014-12-10T07:42:06","guid":{"rendered":"http:\/\/adopcionpuntodeencuentro.com\/web\/?p=1363"},"modified":"2014-12-10T08:51:42","modified_gmt":"2014-12-10T07:51:42","slug":"razon-de-ser-de-las-asociaciones-de-familias-adoptivas-por-maria-martin-titos-presidenta-de-afa","status":"publish","type":"post","link":"https:\/\/adopcionpuntodeencuentro.com\/web\/razon-de-ser-de-las-asociaciones-de-familias-adoptivas-por-maria-martin-titos-presidenta-de-afa\/","title":{"rendered":"Raz\u00f3n de ser de las asociaciones de familias adoptivas. Por Mar\u00eda Mart\u00edn Titos presidenta de Afam"},"content":{"rendered":"<p>En Adopci\u00f3n punto de encuentro estamos convencidos de la importancia de las asociaciones para ayuda y soporte de las familias que est\u00e1n en proceso de adopci\u00f3n y sabemos que son\u00a0un\u00a0respaldo fundamental para las que ya tienen con ellas a sus hijos. De hecho, en esta web hemos realizado un<strong><a title=\"mapa asociaciones\" href=\"\/\/http:\/\/adopcionpuntodeencuentro.com\/web\/mapas\/mapa-de-asociaciones\/\" target=\"_blank\"> mapa<\/a>\u00a0<\/strong>donde hemos ubicado a todas las asociaciones de las que tenemos conocimiento\u00a0(y que est\u00e1 abierto a todas las asociaciones de familias adoptivas que lo deseen) para que quien quiera beneficiarse de su ayuda sepa cual tiene m\u00e1s pr\u00f3xima.<\/p>\n<p>Las asociaciones por lo general est\u00e1n compuestas y se nutren de familias que primero buscan informaci\u00f3n, acompa\u00f1amiento, apoyo y luego pasan a ser ellos mismos quienes acompa\u00f1an y apoyan a su vez a otras familias que se van sumando y as\u00ed entre todas, con sus experiencias y su voluntariedad, buscan \u00a0la manera de llenar de contenidos, de recursos y de informaci\u00f3n, \u00a0con actividades, \u00a0con su tiempo y dedicaci\u00f3n, los vac\u00edos con los que muchos padres y madres se encuentran en este\u00a0 reto que es, primero la adopci\u00f3n y luego la crianza y la educaci\u00f3n de sus hijos.Desde aqu\u00ed os invitamos a conocer a la asociaci\u00f3n que teng\u00e1is m\u00e1s cerca.<\/p>\n<p><img loading=\"lazy\" decoding=\"async\" class=\"alignleft wp-image-854\" src=\"http:\/\/adopcionpuntodeencuentro.com\/web\/wp-content\/uploads\/punto-logo-209x300.jpg\" alt=\"punto logo\" width=\"105\" height=\"150\" srcset=\"https:\/\/adopcionpuntodeencuentro.com\/web\/wp-content\/uploads\/punto-logo-209x300.jpg 209w, https:\/\/adopcionpuntodeencuentro.com\/web\/wp-content\/uploads\/punto-logo-104x150.jpg 104w, https:\/\/adopcionpuntodeencuentro.com\/web\/wp-content\/uploads\/punto-logo.jpg 414w\" sizes=\"(max-width: 105px) 100vw, 105px\" \/><\/p>\n<p><strong>Mar\u00eda Mart\u00edn Titos.<\/strong>\u00a0Presidenta de Afam. M\u00e1ster en mediaci\u00f3n familiar.<\/p>\n<p><strong>Blog <a title=\"adoptar en rusia\" href=\"http:\/\/adoptandoenrusia.blogspot.com.es\/\" target=\"_blank\">Adoptando en Rusia<\/a><\/strong>.\u00a0Madre adoptiva de dos hermanos adoptados en la Siberia oriental<\/p>\n<p>&nbsp;<\/p>\n<p><img loading=\"lazy\" decoding=\"async\" class=\"alignleft size-medium wp-image-1367\" src=\"http:\/\/adopcionpuntodeencuentro.com\/web\/wp-content\/uploads\/foto-junta-directiva1-300x225.jpg\" alt=\"foto-junta-directiva1\" width=\"300\" height=\"225\" srcset=\"https:\/\/adopcionpuntodeencuentro.com\/web\/wp-content\/uploads\/foto-junta-directiva1-300x225.jpg 300w, https:\/\/adopcionpuntodeencuentro.com\/web\/wp-content\/uploads\/foto-junta-directiva1-150x112.jpg 150w, https:\/\/adopcionpuntodeencuentro.com\/web\/wp-content\/uploads\/foto-junta-directiva1-600x450.jpg 600w, https:\/\/adopcionpuntodeencuentro.com\/web\/wp-content\/uploads\/foto-junta-directiva1.jpg 800w\" sizes=\"(max-width: 300px) 100vw, 300px\" \/>AFAM naci\u00f3 hace seis a\u00f1os de la mano de su fundadora Loreto Castillo y de un grupo de familias que tuvieron un sue\u00f1o y lo hicieron realidad. Crearon un espacio donde las familias adoptivas tuvieran voz y pudieran compartir sus experiencias.<\/p>\n<p>Desde hace cuatro a\u00f1os tomamos el relevo un equipo formado por un grupo de madres adoptivas. Todas nos conocimos en AFAM y desde entonces hemos querido que \u00e9sta sea una gran familia.<\/p>\n<p>Recuerdo aquella primera inauguraci\u00f3n de AFAM, donde hubo much\u00edsimas personas que acudimos con mucha ilusi\u00f3n, ya que en Granada no hab\u00eda nada que tratase sobre este tema. Mi marido y yo acab\u00e1bamos de comenzar a andar el camino (Ya ten\u00edamos el certificado de idoneidad\u00a0para dos hermanos) y est\u00e1bamos deseosos de tener un acercamiento de este tipo, ya que hasta el momento el proceso estaba siendo muy duro. El\u00a0\u00fanico contacto cercano con la adopci\u00f3n era en internet, especialmente en los blogs de adopci\u00f3n que \u00edbamos encontrando.<\/p>\n<p>En aquellos primeros momentos nos encontramos bastante desorientados, ya que, por ejemplo, tanto en la charla sobre adopci\u00f3n como en los cursos preparatorios, la informaci\u00f3n no resultaba ser suficiente y estaban muy lejos de poder ayudarnos de la manera en que AFAM posteriormente lo hizo.<\/p>\n<p>Escribo este art\u00edculo porque quiero manifestar la importancia de asociaciones\u00a0como AFAM. En ellas creamos un espacio donde compartir e intercambiar la experiencia de la adopci\u00f3n de mano de las familias adoptivas. Consideramos que \u00e9stas son la mayor fuente de vivencias y experiencias aut\u00e9nticas y v\u00e1lidas. De la mano de los mejores profesionales y expertos en este tema, creamos un interesante conjunto de actividades sociales, culturales y de ocio entre sus asociados, orientadas a ser mejores padres, comprender las necesidades de nuestros hijos y as\u00ed poder guiarlos en su formaci\u00f3n como personas.<\/p>\n<p>Las asociaciones de adopci\u00f3n como AFAM son vitales para todo el proceso, no s\u00f3lo para cuando llegamos con nuestros hijos, sino tambi\u00e9n para mucho antes. Desde el inicio, donde nace el sentimiento de adoptar.<\/p>\n<p>Las asociaciones aportan informaci\u00f3n veraz sobre la decisi\u00f3n de adoptar, de la mano de quien han pasado por todo el proceso. Al igual que sucede en un embarazo, no hay dos procesos de adopci\u00f3n iguales. Por este motivo, una visi\u00f3n heterog\u00e9nea de las m\u00faltiples vivencias de otras familias puede ayudar a tener una visi\u00f3n m\u00e1s realista de este proceso, y as\u00ed, qui\u00e9n se encuentra en un punto dif\u00edcil del proceso, le puede ayudar a visualizar una luz al final del camino. En definitiva, son tambi\u00e9n un punto de desahogo, donde nuestros problemas y vivencias son compartidas. Este tipo de apoyo no lo puedes encontrar en otro sitio, ni siquiera con amigos, ni familiares. Hay una frase que se suele repetir: \u201clo que se habla en AFAM se queda en AFAM\u201d.<\/p>\n<p><img loading=\"lazy\" decoding=\"async\" class=\"alignleft wp-image-1368\" src=\"http:\/\/adopcionpuntodeencuentro.com\/web\/wp-content\/uploads\/GRANADA_HOY_1-221x300.jpg\" alt=\"GRANADA_HOY_1\" width=\"250\" height=\"338\" srcset=\"https:\/\/adopcionpuntodeencuentro.com\/web\/wp-content\/uploads\/GRANADA_HOY_1-221x300.jpg 221w, https:\/\/adopcionpuntodeencuentro.com\/web\/wp-content\/uploads\/GRANADA_HOY_1-110x150.jpg 110w, https:\/\/adopcionpuntodeencuentro.com\/web\/wp-content\/uploads\/GRANADA_HOY_1-443x600.jpg 443w, https:\/\/adopcionpuntodeencuentro.com\/web\/wp-content\/uploads\/GRANADA_HOY_1.jpg 1182w\" sizes=\"(max-width: 250px) 100vw, 250px\" \/>Una labor muy importante de las asociaciones es la de hacer llegar nuestras propuestas y las de los profesionales de la adopci\u00f3n al entorno escolar. De\u00a0este modo ayudamos a acercar a la escuela herramientas que creemos importantes para poder ayudar a nuestros hijos en su d\u00eda a d\u00eda.<\/p>\n<p>Dentro de los temas que tratamos, la etapa de la adolescencia y\u00a0 la b\u00fasqueda de or\u00edgenes es otro punto importante para Afam.<\/p>\n<p>Para los padres adoptivos dotarnos de herramientas para afrontar el d\u00eda a d\u00eda con nuestros hijos es primordial. Especialmente en las diferentes etapas por donde todo ni\u00f1o adoptado tiene que pasar, tenemos una\u00a0 gran labor como asociaci\u00f3n para poder aprovechar al m\u00e1ximo nuestros recursos.<\/p>\n<p>La llegada a nuestra familia, como nacieron, porque no tienen nuestros mismos rasgos, se sienten diferentes ante las dem\u00e1s familias biol\u00f3gicas y no saben con afrontarlo. La mente de nuestros hijos va a mil por hora y es importante ayudarles a llenar esas lagunas de la manera m\u00e1s adecuada posible.<\/p>\n<p>Las asociaciones estamos compuestas por\u00a0 familias muy comprometidas y todo lo que hacemos es\u00a0 por y para nuestros hijos. Siendo muy conscientes de la mochila que cargamos todos.<\/p>\n<p>Tenemos que pasar un duelo y aceptaci\u00f3n de la situaci\u00f3n, antes de emprender este camino y hay personas que se enfrentan a esto sin ser conscientes de lo que significa adoptar. AFAM est\u00e1 precisamente para ayudar tambi\u00e9n en estos momentos.<\/p>\n<p>Mientras, vives en el mundo de la burocracia, preparando un sin fin de papeles a contrareloj y esperando\u00a0 a que te pidan m\u00e1s. Pasar por una idoneidad donde te valoran tu capacidad para ser padres. Vivimos pendientes de un tel\u00e9fono que nos den las buenas nuevas. Nuestra espera es muy larga, no dura nueve mese precisamente, son a\u00f1os de PACIENCIA. Montados en la famosa monta\u00f1a rusa de la adopci\u00f3n.<\/p>\n<p>A mi marido y a m\u00ed (al principio de nuestra andadura) nos encantaba acudir a las reuniones de AFAM para poder ver a los ni\u00f1os que llegaban y conocer sus historias. Nos \u00edbamos a casa con una inyecci\u00f3n de fuerza incre\u00edble.<\/p>\n<p>Quiero acabar con la misma emoci\u00f3n con la que he escrito estas palabras. Sintiendo el calor de AFAM y esperando verla crecer cada d\u00eda m\u00e1s. Sub\u00e1monos todos al mismo barco y naveguemos juntos en la misma direcci\u00f3n.<\/p>\n<h2><span style=\"color: #f70f49;\"><strong>Sobre Mar\u00eda Mart\u00edn Titos<\/strong><\/span><\/h2>\n<div><img loading=\"lazy\" decoding=\"async\" class=\"alignleft wp-image-1366\" src=\"http:\/\/adopcionpuntodeencuentro.com\/web\/wp-content\/uploads\/2012-05-23-16.26.23-300x136.jpg\" alt=\"2012-05-23 16.26.23\" width=\"340\" height=\"154\" srcset=\"https:\/\/adopcionpuntodeencuentro.com\/web\/wp-content\/uploads\/2012-05-23-16.26.23-300x136.jpg 300w, https:\/\/adopcionpuntodeencuentro.com\/web\/wp-content\/uploads\/2012-05-23-16.26.23-150x68.jpg 150w, https:\/\/adopcionpuntodeencuentro.com\/web\/wp-content\/uploads\/2012-05-23-16.26.23-600x272.jpg 600w, https:\/\/adopcionpuntodeencuentro.com\/web\/wp-content\/uploads\/2012-05-23-16.26.23.jpg 1600w\" sizes=\"(max-width: 340px) 100vw, 340px\" \/>Es madre adoptiva de dos hermanos nacidos en la Siberia oriental, Rusia. Ella y su marido los adoptaron con tres y seis a\u00f1os de edad. Llevan juntos casi cinco a\u00f1os por lo que ahora tienen siete y diez a\u00f1os. Mar\u00eda\u00a0se define como la madre mas dichosa del mundo mundial, y cuando habla de sus hijos una gran sonrisa lo certifica.<\/div>\n<div>Su compromiso como madre le ha hecho\u00a0prepararse, algo que contin\u00faa haciendo y su manera de ser como mujer la ha hecho poner su preparaci\u00f3n y experiencia al servicio \u00a0de quien pueda necesitarlo y eso queda patente en su valioso trabajo para la Asociaci\u00f3n de Familias Adoptivas Multi\u00e9tnicas, AFAM, con sede en Granada de la que es\u00a0Presidenta desde hace casi cuatro a\u00f1os, aunque son seis los a\u00f1os que lleva\u00a0trabajando en el mundo de la adopci\u00f3n.<\/div>\n<div>Tiene un\u00a0M\u00e1ster en mediaci\u00f3n familiar y diferentes cursos sobre adopci\u00f3n y maltrato infantil. Y es T\u00e9cnico Superior en Comercio y Marketing Internacional.<\/div>\n<div>\n<div>Adem\u00e1s es autora de un personal y emocionante blog llamado \u00abAdopci\u00f3n de hermanos en Rusia\u00bb escrito con el coraz\u00f3n y donde volc\u00f3 todos sus sentimientos y emociones en el camino de seguimiento del hilo rojo que la llev\u00f3 a abrazar a sus dos hijos: \u00a0<a href=\"http:\/\/adoptandoenrusia.blogspot.com.es\/\" target=\"_blank\">http:\/\/adoptandoenrusia.blogspot.com.es\/<\/a><\/div>\n<\/div>\n<p>&nbsp;<\/p>\n<h3><strong><span style=\"color: #f50f58;\">\u00a0Sobre AFAM:\u00a0ASOCIACI\u00d3N\u00a0DE FAMILIAS ADOPTIVAS MULTI\u00c9TNICAS<\/span><\/strong><\/h3>\n<p><img loading=\"lazy\" decoding=\"async\" class=\"alignleft wp-image-348\" src=\"http:\/\/adopcionpuntodeencuentro.com\/web\/wp-content\/uploads\/2014\/10\/afam-LOGO.png\" alt=\"afam LOGO\" width=\"105\" height=\"102\" srcset=\"https:\/\/adopcionpuntodeencuentro.com\/web\/wp-content\/uploads\/2014\/10\/afam-LOGO.png 226w, https:\/\/adopcionpuntodeencuentro.com\/web\/wp-content\/uploads\/2014\/10\/afam-LOGO-52x50.png 52w\" sizes=\"(max-width: 105px) 100vw, 105px\" \/>Con sede en Granada , el\u00a0\u00a0objetivo de \u00a0esta asociaci\u00f3n \u00a0es facilitar informaci\u00f3n, ayuda y apoyo a toda persona interesada en la adopci\u00f3n y acogimiento de menores. Estableciendo un espacio donde compartir e intercambiar la experiencia personal de la adopci\u00f3n y el acogimiento de menores. Desarrollan actividades sociales, culturales y de ocio entre sus asociados y ayudan a orfanatos, asociaciones o fundaciones dedicadas a la atenci\u00f3n de menores.<\/p>\n<p>&nbsp;<\/p>\n","protected":false},"excerpt":{"rendered":"<p>En Adopci\u00f3n punto de encuentro estamos convencidos de la importancia de las asociaciones para ayuda y soporte de las familias que est\u00e1n en proceso de adopci\u00f3n y sabemos que son\u00a0un\u00a0respaldo fundamental para las que ya tienen con ellas a sus hijos. De hecho, en esta web hemos realizado un mapa\u00a0donde hemos ubicado a todas las &#8230;<\/p>\n","protected":false},"author":1,"featured_media":1380,"comment_status":"open","ping_status":"open","sticky":false,"template":"","format":"standard","meta":{"footnotes":""},"categories":[98,1,12],"tags":[27,45,54,55,16],"_links":{"self":[{"href":"https:\/\/adopcionpuntodeencuentro.com\/web\/wp-json\/wp\/v2\/posts\/1363"}],"collection":[{"href":"https:\/\/adopcionpuntodeencuentro.com\/web\/wp-json\/wp\/v2\/posts"}],"about":[{"href":"https:\/\/adopcionpuntodeencuentro.com\/web\/wp-json\/wp\/v2\/types\/post"}],"author":[{"embeddable":true,"href":"https:\/\/adopcionpuntodeencuentro.com\/web\/wp-json\/wp\/v2\/users\/1"}],"replies":[{"embeddable":true,"href":"https:\/\/adopcionpuntodeencuentro.com\/web\/wp-json\/wp\/v2\/comments?post=1363"}],"version-history":[{"count":17,"href":"https:\/\/adopcionpuntodeencuentro.com\/web\/wp-json\/wp\/v2\/posts\/1363\/revisions"}],"predecessor-version":[{"id":1385,"href":"https:\/\/adopcionpuntodeencuentro.com\/web\/wp-json\/wp\/v2\/posts\/1363\/revisions\/1385"}],"wp:featuredmedia":[{"embeddable":true,"href":"https:\/\/adopcionpuntodeencuentro.com\/web\/wp-json\/wp\/v2\/media\/1380"}],"wp:attachment":[{"href":"https:\/\/adopcionpuntodeencuentro.com\/web\/wp-json\/wp\/v2\/media?parent=1363"}],"wp:term":[{"taxonomy":"category","embeddable":true,"href":"https:\/\/adopcionpuntodeencuentro.com\/web\/wp-json\/wp\/v2\/categories?post=1363"},{"taxonomy":"post_tag","embeddable":true,"href":"https:\/\/adopcionpuntodeencuentro.com\/web\/wp-json\/wp\/v2\/tags?post=1363"}],"curies":[{"name":"wp","href":"https:\/\/api.w.org\/{rel}","templated":true}]}}