{"id":13965,"date":"2021-05-31T09:32:55","date_gmt":"2021-05-31T07:32:55","guid":{"rendered":"http:\/\/adopcionpuntodeencuentro.com\/web\/?p=13965"},"modified":"2021-06-07T13:23:44","modified_gmt":"2021-06-07T11:23:44","slug":"juego-de-identificaciones-en-el-adolescente-adoptado-vinyent-mirabent","status":"publish","type":"post","link":"https:\/\/adopcionpuntodeencuentro.com\/web\/juego-de-identificaciones-en-el-adolescente-adoptado-vinyent-mirabent\/","title":{"rendered":"Juego de identificaciones en el adolescente adoptado. Vinyet Mirabent"},"content":{"rendered":"<p>JUEGO DE IDENTIFICACIONES. FANTASIAS CON LOS BIOLOGICOS \/ FANTASIAS CON LOS ADOPTIVOS.<\/p>\n<p><img loading=\"lazy\" decoding=\"async\" class=\"alignleft wp-image-13979 \" src=\"http:\/\/adopcionpuntodeencuentro.com\/web\/wp-content\/uploads\/identidad-0001-1024x710.jpg\" alt=\"\" width=\"681\" height=\"472\" srcset=\"https:\/\/adopcionpuntodeencuentro.com\/web\/wp-content\/uploads\/identidad-0001-1024x710.jpg 1024w, https:\/\/adopcionpuntodeencuentro.com\/web\/wp-content\/uploads\/identidad-0001-450x312.jpg 450w, https:\/\/adopcionpuntodeencuentro.com\/web\/wp-content\/uploads\/identidad-0001-150x104.jpg 150w, https:\/\/adopcionpuntodeencuentro.com\/web\/wp-content\/uploads\/identidad-0001-768x533.jpg 768w, https:\/\/adopcionpuntodeencuentro.com\/web\/wp-content\/uploads\/identidad-0001.jpg 1116w\" sizes=\"(max-width: 681px) 100vw, 681px\" \/>En la adolescencia irrumpen con fuerza interrogantes relacionados con las fantas\u00edas acerca de la reproducci\u00f3n, funci\u00f3n que el adolescente acaba de adquirir. Surgen preguntas como: \u00bfSer\u00e9 yo f\u00e9rtil? \u00bfTendr\u00e9 hijos? \u00bfLos tuvo ella? \u00bfQu\u00e9 clase de personas eran? \u00bfEra ella prostituta&#8230;o un delincuente? \u00bfLo ser\u00e9 yo? \u00bfTendr\u00e9 yo tambi\u00e9n malas experiencias como ellos? La fantas\u00eda muchas veces est\u00e1 marcada por los temores, as\u00ed es m\u00e1s f\u00e1cil que imaginen situaciones negativas, progenitores malas personas o carentes de valores, con todo el miedo a ser parecido a ellos. El chico-a tiene miedo a la gen\u00e9tica, duda de que es lo que se hereda. \u00bfSe hereda tambi\u00e9n la forma de ser, las cualidades personales, los valores de vida? \u00bfTiene el-ella un destino irremediable?<\/p>\n<p>A la vez, si sus progenitores le dejaron, le abandonaron, entonces \u00bfpuede ser abandonado de nuevo, no solo por sus padres, sino tambi\u00e9n por amigos, o su posible pareja? En ese momento en que la relaci\u00f3n con el otro sexo adquiere una gran dimensi\u00f3n e importancia emocional: \u00bfPodre gustar a alguien, soy alguien a quien se puede querer?<\/p>\n<p>Pensando en la prevenci\u00f3n y dando respuesta a estos interrogantes, ser\u00e1 importante a lo largo de la infancia ayudar al hijo a elaborar su propia historia para que llegue a la adolescencia con mas respuestas. En funci\u00f3n de como haya sido este proceso, ahora en la adolescencia ser\u00e1 mas llevadero y menos conflictivo. Se puede comprender, pues, la importancia de la comunicaci\u00f3n familiar, de c\u00f3mo se han ido poniendo palabras al pasado y los or\u00edgenes del hijo-a, de como se ha tratado a los progenitores. \u00bfEran unas malas personas porque le abandonaron? \u00bfO no pudieron hacer m\u00e1s por el e intentaron cuidarle dentro de sus posibilidades? Con lo que su abandono se convierte en mas asimilable. Estos contenidos van a forjar la base con la cual el ni\u00f1o se enfrenta a su adolescencia. Para \u00e9l puede ser muy diferente contar con las palabras que sus padres le han transmitido y con la confianza con la que ha podido preguntar, ya que as\u00ed se podr\u00e1 sentir m\u00e1s seguro y podr\u00e1 reencontrar en su interior la esperanza en la vida que surge ante \u00e9l, en sus posibilidades, sin estar condenado al destino de sus progenitores.<\/p>\n<p>El adolescente adoptado se ve ahora impulsado, por la fuerza de su sexualidad, ahora que ya puede engendrar, a preguntarse abiertamente por las dos parejas de padres de su vida (<a href=\"https:\/\/es.wikipedia.org\/wiki\/Zygmunt_Bauman\" target=\"_blank\" rel=\"noopener noreferrer\">Bauman<\/a>, 1999). Debe resolver e integrar la doble identificaci\u00f3n que tiene: de un lado con los progenitores, desconocidos en la realidad, pero fantaseados en su mente, y por otro lado la identificaci\u00f3n iniciada en la infancia con sus padres adoptivos, ahora menos evidente, debido al cuestionamiento abierto a los adultos, pero esencial igualmente. Es decir, se identifica con unos padres que fueron f\u00e9rtiles, le tuvieron, pero no pudieron cuidarle. Por otro lado se identifica con otros padres que no fueron f\u00e9rtiles -en la mayor\u00eda de ocasiones- o que renunciaron a su fertilidad -padres que s\u00ed pod\u00edan tener hijos biol\u00f3gicos- pero que s\u00ed le cuidaron.<\/p>\n<p>El camino de resoluci\u00f3n no es un proceso f\u00e1cil. As\u00ed, ante las decepciones que puede sentir al percibir los defectos o contradicciones de sus padres, aquello que no le gusta, puede idealizar a los progenitores, \u00abellos s\u00ed le entender\u00edan, con ellos no tendr\u00eda estos problemas, con ellos s\u00ed ser\u00eda feliz.\u00bb. A menudo esta utilizaci\u00f3n de unos en contra de otros en el mundo interno le lleva a enfrentarse con los padres con mayor \u00edmpetu, con el \u00edmpetu de la \u00abdesgracia\u00bb de su origen, pudiendo caer en un victimismo. (\u00abA mi todo el mundo me ha dejado, ahora no me fio de nadie, todo me ocurre a mi&#8230;\u00bb). Como dice<a href=\"http:\/\/evagiberti.com\/\" target=\"_blank\" rel=\"noopener noreferrer\"> Giberti,<\/a> el paso importante que el adolescente debe dar es pasar del \u00bfQu\u00e9 mi hicieron? al \u00bfC\u00f3mo lo he vivido yo y que recursos tengo para salir adelante? (<a href=\"http:\/\/evagiberti.com\/\" target=\"_blank\" rel=\"noopener noreferrer\">Giberti<\/a>, 1994).<\/p>\n<p><img loading=\"lazy\" decoding=\"async\" class=\"alignleft wp-image-13977 \" src=\"http:\/\/adopcionpuntodeencuentro.com\/web\/wp-content\/uploads\/imagen-2-1024x695.jpg\" alt=\"\" width=\"680\" height=\"462\" srcset=\"https:\/\/adopcionpuntodeencuentro.com\/web\/wp-content\/uploads\/imagen-2-1024x695.jpg 1024w, https:\/\/adopcionpuntodeencuentro.com\/web\/wp-content\/uploads\/imagen-2-450x305.jpg 450w, https:\/\/adopcionpuntodeencuentro.com\/web\/wp-content\/uploads\/imagen-2-150x102.jpg 150w, https:\/\/adopcionpuntodeencuentro.com\/web\/wp-content\/uploads\/imagen-2-768x521.jpg 768w, https:\/\/adopcionpuntodeencuentro.com\/web\/wp-content\/uploads\/imagen-2.jpg 1036w\" sizes=\"(max-width: 680px) 100vw, 680px\" \/>Cuando el adolescente, a pesar del conflicto, de las defensas m\u00e1s o menos adecuadas que usa para manejarse en el, puede rescatar las identificaciones internas con sus padres adoptivos, puede entonces apoyarse en ellas para salir adecuadamente del conflicto y no arriesgarse a situaciones dif\u00edciles. Ante las dudas puede apelar a sus aspectos m\u00e1s constructivos y, despu\u00e9s de pasar por momentos de crisis y alguna actuaci\u00f3n, puede elaborar y diferenciarse. Pero siempre en funci\u00f3n de la solidez de los v\u00ednculos y de la crianza con sus padres adoptivos.<\/p>\n<p>En este proceso de<a href=\"https:\/\/es.wikipedia.org\/wiki\/Individuaci%C3%B3n\" target=\"_blank\" rel=\"noopener noreferrer\"> individuaci\u00f3n<\/a> el adolescente se encuentra con una dificultad a\u00f1adida. Tambi\u00e9n puede identificarse con sus padres adoptivos en su infertilidad, tener dudas acerca de su capacidad para reproducirse. As\u00ed, puede llegar a interrogarse acerca de si el-ella podr\u00e1 tener hijos, incluso si lo que debe hacer es tambi\u00e9n adoptar, porque \u00abesto es lo bueno y adecuado\u00bb, tal y como han hecho los padres. Para la chica-o puede ser dif\u00edcil aceptar el propio funcionamiento de una funci\u00f3n org\u00e1nica, la de reproducci\u00f3n, cuando sabe que sus padres no la pudieron tener. Puede sentir que el-ella tiene algo de lo que sus padres carecieron y por tanto puede vivirlo, en funci\u00f3n de la relaci\u00f3n que tenga con ellos, como un triunfo, como una competici\u00f3n o como algo que debe esconder porque pone en evidencia el \u00abfallo\u00bb de los padres.<\/p>\n<p>Se ve ahora la gran importancia que tiene en esta etapa la comunicaci\u00f3n acerca de los or\u00edgenes que padres e hijo hayan tenido en la infancia. Est\u00e1n en juego aspectos esenciales de su identidad y de su desarrollo lo m\u00e1s completo posible de sus posibilidades como persona.<\/p>\n<p>Ser\u00e1 pues muy importante la forma en que precisamente los padres han tratado su infertilidad en la relaci\u00f3n continuada con el hijo, como la han vivido y que le han transmitido, el grado de aceptaci\u00f3n de esta realidad y el grado de satisfacci\u00f3n con su vida a pesar de su infertilidad, por lo tanto, el grado de ilusi\u00f3n por su adopci\u00f3n y su sentimiento de verdadera filiaci\u00f3n. As\u00ed, si est\u00e1n reconciliados con su vida, podr\u00e1n hablar claramente con el hijo de su infertilidad, sin que esta sea una herida abierta que duele cada vez que se la menciona. Podr\u00e1n tambi\u00e9n dar la oportunidad al hijo de que sea el mismo, con su propio destino, con su fertilidad si la tiene, sin que ello represente una fisura para los padres, y podr\u00e1n ilusionarse con el-ella de la vida que se le abre delante, sin entrar en competici\u00f3n con sus capacidades. El hijo-a tendr\u00e1 a la vez el sentimiento de que sus padres le apoyan, le aceptan con toda su realidad.<\/p>\n<p><strong>Vinyet Mirabent Junyent.\u00bb<\/strong><strong>El adolescente adoptado: dificultades a\u00f1adidas en el proceso de construcci\u00f3n de su identidad\u00bb<\/strong><\/p>\n<p><strong>PARA LEER EL ART\u00cdCULO COMPLETO:<\/strong><\/p>\n<p><img loading=\"lazy\" decoding=\"async\" class=\"alignleft wp-image-13968 size-thumbnail\" src=\"http:\/\/adopcionpuntodeencuentro.com\/web\/wp-content\/uploads\/IMAGEN-PDF-132x150.jpg\" alt=\"\" width=\"132\" height=\"150\" srcset=\"https:\/\/adopcionpuntodeencuentro.com\/web\/wp-content\/uploads\/IMAGEN-PDF-132x150.jpg 132w, https:\/\/adopcionpuntodeencuentro.com\/web\/wp-content\/uploads\/IMAGEN-PDF.jpg 267w\" sizes=\"(max-width: 132px) 100vw, 132px\" \/><\/p>\n<p>DESCARGAR EL PDF :<\/p>\n<p><a href=\"http:\/\/adopcionpuntodeencuentro.com\/web\/wp-content\/uploads\/El-adolescente-adoptado-dificultades-a\u00f1adidas-en-el-proceso-de-construcci\u00f3n-de-su-identidad.pdf\">El adolescente adoptado dificultades a\u00f1adidas en el proceso de construcci\u00f3n de su identidad<\/a><\/p>\n<p>&nbsp;<\/p>\n<p>&nbsp;<\/p>\n<p>o L\u00c9ELO EN EL SIGUIENTE ENLACE:<\/p>\n<blockquote class=\"wp-embedded-content\" data-secret=\"AmJmh7fz94\"><p><a href=\"https:\/\/www.temasdepsicoanalisis.org\/2014\/07\/15\/el-adolescente-adoptado-dificultades-anadidas-en-el-proceso-de-construccion-de-su-identidad\/\">EL ADOLESCENTE ADOPTADO: DIFICULTADES A\u00d1ADIDAS EN EL PROCESO DE CONSTRUCCI\u00d3N DE SU IDENTIDAD<\/a><\/p><\/blockquote>\n<p><iframe class=\"wp-embedded-content\" sandbox=\"allow-scripts\" security=\"restricted\" style=\"position: absolute; clip: rect(1px, 1px, 1px, 1px);\" title=\"\u00abEL ADOLESCENTE ADOPTADO: DIFICULTADES A\u00d1ADIDAS EN EL PROCESO DE CONSTRUCCI\u00d3N DE SU IDENTIDAD\u00bb \u2014 Temas de Psicoan\u00e1lisis\" src=\"https:\/\/www.temasdepsicoanalisis.org\/2014\/07\/15\/el-adolescente-adoptado-dificultades-anadidas-en-el-proceso-de-construccion-de-su-identidad\/embed\/#?secret=AmJmh7fz94\" data-secret=\"AmJmh7fz94\" width=\"600\" height=\"338\" frameborder=\"0\" marginwidth=\"0\" marginheight=\"0\" scrolling=\"no\"><\/iframe><\/p>\n<div class='divider' > <\/div>\n<p><a href=\"http:\/\/adopcionpuntodeencuentro.com\/web\/?s=Vinyet+Mirabent+\"><img loading=\"lazy\" decoding=\"async\" class=\"aligncenter size-full wp-image-13971\" src=\"http:\/\/adopcionpuntodeencuentro.com\/web\/wp-content\/uploads\/biografia-VINYET-1.png\" alt=\"\" width=\"1239\" height=\"452\" srcset=\"https:\/\/adopcionpuntodeencuentro.com\/web\/wp-content\/uploads\/biografia-VINYET-1.png 1239w, https:\/\/adopcionpuntodeencuentro.com\/web\/wp-content\/uploads\/biografia-VINYET-1-450x164.png 450w, https:\/\/adopcionpuntodeencuentro.com\/web\/wp-content\/uploads\/biografia-VINYET-1-1024x374.png 1024w, https:\/\/adopcionpuntodeencuentro.com\/web\/wp-content\/uploads\/biografia-VINYET-1-150x55.png 150w, https:\/\/adopcionpuntodeencuentro.com\/web\/wp-content\/uploads\/biografia-VINYET-1-768x280.png 768w\" sizes=\"(max-width: 1239px) 100vw, 1239px\" \/><\/a><\/p>\n<p>&nbsp;<\/p>\n","protected":false},"excerpt":{"rendered":"<p>En la adolescencia irrumpen con fuerza interrogantes relacionados con las fantas\u00edas acerca de la reproducci\u00f3n, funci\u00f3n que el adolescente acaba de adquirir. Surgen preguntas como: \u00bfSer\u00e9 yo f\u00e9rtil? \u00bfTendr\u00e9 hijos?  \u00bfQu\u00e9 clase de personas eran mis progenitores? La fantas\u00eda muchas veces est\u00e1 marcada por los temores.<\/p>\n","protected":false},"author":1,"featured_media":13989,"comment_status":"open","ping_status":"open","sticky":false,"template":"","format":"standard","meta":{"footnotes":""},"categories":[113,75,1],"tags":[56,27,49,184,230,55,114,39],"_links":{"self":[{"href":"https:\/\/adopcionpuntodeencuentro.com\/web\/wp-json\/wp\/v2\/posts\/13965"}],"collection":[{"href":"https:\/\/adopcionpuntodeencuentro.com\/web\/wp-json\/wp\/v2\/posts"}],"about":[{"href":"https:\/\/adopcionpuntodeencuentro.com\/web\/wp-json\/wp\/v2\/types\/post"}],"author":[{"embeddable":true,"href":"https:\/\/adopcionpuntodeencuentro.com\/web\/wp-json\/wp\/v2\/users\/1"}],"replies":[{"embeddable":true,"href":"https:\/\/adopcionpuntodeencuentro.com\/web\/wp-json\/wp\/v2\/comments?post=13965"}],"version-history":[{"count":12,"href":"https:\/\/adopcionpuntodeencuentro.com\/web\/wp-json\/wp\/v2\/posts\/13965\/revisions"}],"predecessor-version":[{"id":14142,"href":"https:\/\/adopcionpuntodeencuentro.com\/web\/wp-json\/wp\/v2\/posts\/13965\/revisions\/14142"}],"wp:featuredmedia":[{"embeddable":true,"href":"https:\/\/adopcionpuntodeencuentro.com\/web\/wp-json\/wp\/v2\/media\/13989"}],"wp:attachment":[{"href":"https:\/\/adopcionpuntodeencuentro.com\/web\/wp-json\/wp\/v2\/media?parent=13965"}],"wp:term":[{"taxonomy":"category","embeddable":true,"href":"https:\/\/adopcionpuntodeencuentro.com\/web\/wp-json\/wp\/v2\/categories?post=13965"},{"taxonomy":"post_tag","embeddable":true,"href":"https:\/\/adopcionpuntodeencuentro.com\/web\/wp-json\/wp\/v2\/tags?post=13965"}],"curies":[{"name":"wp","href":"https:\/\/api.w.org\/{rel}","templated":true}]}}