{"id":14000,"date":"2021-05-24T10:04:26","date_gmt":"2021-05-24T08:04:26","guid":{"rendered":"http:\/\/adopcionpuntodeencuentro.com\/web\/?p=14000"},"modified":"2022-02-21T13:06:56","modified_gmt":"2022-02-21T12:06:56","slug":"abookcion-psicologia-del-bebe-adoptado-montse-lapastora","status":"publish","type":"post","link":"https:\/\/adopcionpuntodeencuentro.com\/web\/abookcion-psicologia-del-bebe-adoptado-montse-lapastora\/","title":{"rendered":"ABOOKCI\u00d3N. Psicolog\u00eda del beb\u00e9 adoptado. Montse Lapastora."},"content":{"rendered":"<p><strong><img loading=\"lazy\" decoding=\"async\" class=\"alignleft wp-image-14006 size-large\" src=\"http:\/\/adopcionpuntodeencuentro.com\/web\/wp-content\/uploads\/Psicologia-del-bebe-adoptado-ape-2-473x768.jpg\" alt=\"\" width=\"473\" height=\"768\" srcset=\"https:\/\/adopcionpuntodeencuentro.com\/web\/wp-content\/uploads\/Psicologia-del-bebe-adoptado-ape-2-473x768.jpg 473w, https:\/\/adopcionpuntodeencuentro.com\/web\/wp-content\/uploads\/Psicologia-del-bebe-adoptado-ape-2-277x450.jpg 277w, https:\/\/adopcionpuntodeencuentro.com\/web\/wp-content\/uploads\/Psicologia-del-bebe-adoptado-ape-2-92x150.jpg 92w, https:\/\/adopcionpuntodeencuentro.com\/web\/wp-content\/uploads\/Psicologia-del-bebe-adoptado-ape-2-768x1247.jpg 768w, https:\/\/adopcionpuntodeencuentro.com\/web\/wp-content\/uploads\/Psicologia-del-bebe-adoptado-ape-2-946x1536.jpg 946w, https:\/\/adopcionpuntodeencuentro.com\/web\/wp-content\/uploads\/Psicologia-del-bebe-adoptado-ape-2-1262x2048.jpg 1262w, https:\/\/adopcionpuntodeencuentro.com\/web\/wp-content\/uploads\/Psicologia-del-bebe-adoptado-ape-2-scaled.jpg 1577w\" sizes=\"(max-width: 473px) 100vw, 473px\" \/>Rese\u00f1a de <a href=\"https:\/\/mercedesmoya.com\/\" target=\"_blank\" rel=\"noopener\">Mercedes Moya<\/a><\/strong><\/p>\n<p>Ya lo dice <a href=\"http:\/\/adopcionpuntodeencuentro.com\/web\/abookcion-rompecabezas-sandra-baita\/\" target=\"_blank\" rel=\"noopener\">Sandra Baita<\/a>\u00a0 en el pr\u00f3logo, hoy por hoy a\u00fan existe el convencimiento en muchas personas que lo sufrido por los beb\u00e9s, incluso antes de nacidos, no repercute negativamente en su vida futura, pese a los muchos esfuerzos, entre los que se incluye este libro, por\u00a0 corregir esta percepci\u00f3n err\u00f3nea, de informar y concienciar que ni los beb\u00e9s (su cerebro) olvidan la adversidad sufrida y que la huella del maltrato queda a veces de forma indeleble en su cerebro, incluso si este ha sufrido negligencia (mal nutrici\u00f3n, consumo de alcohol u otras sustancias) mientras se desarrollaba en el seno materno. Y es que la vida del beb\u00e9 empieza en la gestaci\u00f3n y un embarazo no cuidado, el maltrato prenatal, puede afectar al desarrollo del feto a corto, medio y largo plazo.<\/p>\n<p>Ayudar a entender esto, as\u00ed como conocer las claves para minimizar las consecuencias cuando se han producido, es el motivo de \u201c<strong>PSICOLOG\u00cdA DEL BEB\u00c9 ADOPTADO\u201d. <\/strong>Un libro que resalta la importancia del periodo llamado primal, que es, como explica su autora, el que \u00a0comprende el embarazo, el parto y el primer a\u00f1o de vida. Tambi\u00e9n pone especial \u00e9nfasis en el recorrido emocional de los padres adoptantes, de la necesidad de una elaboraci\u00f3n responsable del deseo y la motivaci\u00f3n para ser padres, de una especial preparaci\u00f3n antes y despu\u00e9s de tener a su hijo con ellos, adem\u00e1s de concienciar sobre los elementos que dificultan o favorecen la vinculaci\u00f3n con el hijo, elementos que van a depender no s\u00f3lo del ni\u00f1o sino tambi\u00e9n de los padres y de sus capacidades. En este aspecto es especialmente interesante es el cap\u00edtulo 5 titulado <strong><em>Imaginario psicol\u00f3gico en la familia adoptada<\/em><\/strong>\u00a0en su totalidad, pero del que resalto dos ep\u00edgrafes :<em>\u201cLas variables de los padres que favorecen o dificultan la vinculaci\u00f3n con el beb\u00e9\u201d<\/em> y \u201c<em>Las variables de personalidad de los padres que influyen en la vinculaci\u00f3n\u201d, p<\/em>or ser\u00a0 este un tema, el de c\u00f3mo construir y mantener un s\u00f3lido vinculo emocional as\u00ed como la manera de estimular la sensibilidad parental, que preocupa y mucho a las familias a lo largo de su trayectoria pre y post adoptiva.<\/p>\n<p><em>Hacer propio al hijo de otro no es f\u00e1cil<\/em>. Y es por esto que <a href=\"http:\/\/www.mlapastora.com\/\" target=\"_blank\" rel=\"noopener\"><strong>Monste Lapastora<\/strong><\/a> en\u00a0 este libro hace un acercamiento a la psicolog\u00eda no s\u00f3lo del beb\u00e9 sino tambi\u00e9n de los dem\u00e1s actores que intervienen en este proceso, y lo subraya con testimonios personales que nos acercan a\u00fan m\u00e1s a la comprensi\u00f3n de los temas que se tratan en el libro con un lenguaje\u00a0 muy claro y totalmente comprensible para quienes no est\u00e9n familiarizados con la Psicolog\u00eda, algo que hace de Montse Lapastora una de las especialistas m\u00e1s accesibles y f\u00e1ciles de leer en el campo de la adopci\u00f3n infantil.<\/p>\n<p><a href=\"http:\/\/www.mlapastora.com\/curriculum-vitae\/\" target=\"_blank\" rel=\"noopener\"><strong>Monste Lapastora<\/strong><\/a>\u00a0es psic\u00f3loga cl\u00ednica y desde 2009 directora de\u00a0<a href=\"https:\/\/psicoveritas.com\/quienes-somos\/\">Psicoveritas,<\/a> como tal trabaja con ni\u00f1os y familias adoptivas en el abordaje de los problemas que pueden generarse en el seno de las familias adoptivas, con los problemas espec\u00edficos de los ni\u00f1os que han sufrido abandono y negligencia as\u00ed como los propios que pueden sufrir los padres y que pueden injerir conflictos y dificultades en la familia.<\/p>\n<p>Dese hace 20 a\u00f1os trabaja en el <strong><em>Turno de Intervenci\u00f3n Profesional en adopci\u00f3n Internacional (TIPAI)<\/em><\/strong> que comprende la elaboraci\u00f3n para la CAM de los informes psicol\u00f3gicos necesarios para obtener el Certificado de Idoneidad por lo que es testigo de c\u00f3mo las personas afrontan el deseo de adoptar. Siendo, adem\u00e1s, coautora del <a href=\"https:\/\/journals.copmadrid.org\/pi\/art\/2d969e2cee8cfa07ce7ca0bb13c7a36d\" target=\"_blank\" rel=\"noopener\">\u00a0CUIDA<\/a> ( Cuestionario para la Evaluaci\u00f3n de Adoptantes, Cuidadores, Tutores y Mediadores), un cuestionario dise\u00f1ado como un instrumento para la evaluaci\u00f3n de los solicitantes de adopci\u00f3n, para medir las variables de personalidad que val\u00faan las capacidades parentales determinantes para ser padres adoptivos, y que surgi\u00f3 por la preocupaci\u00f3n de algunos psic\u00f3logos en ser lo m\u00e1s objetivos posibles en su valoraci\u00f3n.<\/p>\n<p><strong>El Pr\u00f3logo es de <a href=\"http:\/\/adopcionpuntodeencuentro.com\/web\/que-necesita-un-ser-humano-para-desarrollarse-de-manera-adecuada-sandra-baita\/\" target=\"_blank\" rel=\"noopener\">Sandra <\/a><\/strong><strong>Baita.<\/strong> Psic\u00f3loga cl\u00ednica con una amplia formaci\u00f3n en el diagn\u00f3stico y tratamiento del maltrato infantil, trauma complejo y disociaci\u00f3n. Es miembro de la International Society for the Study of Trauma and Dissociation y terapeuta EMDR. Autora del libro <a href=\"http:\/\/adopcionpuntodeencuentro.com\/web\/abookcion-rompecabezas-sandra-baita\/\" target=\"_blank\" rel=\"noopener\">ROMPECABEZAS .Una gu\u00eda introductoria al trauma y la disociaci\u00f3n en la infancia.<\/a><\/p>\n<p>Es un libro no s\u00f3lo para padres adoptantes, personas en proceso de adopci\u00f3n o para profesionales del ramo, este libro ayuda a comprender a los hijos y a reflexionar sobre las propias capacidades parentales. Pertenece a esa selecta colecci\u00f3n <a href=\"https:\/\/www.edesclee.com\/colecciones\/amae\" target=\"_blank\" rel=\"noopener\">AMAE<\/a> de<a href=\"https:\/\/umayquipae.com\/teacher\/loretta-cornejo-parolini\/\" target=\"_blank\" rel=\"noopener\"> Loretta\u00a0 Cornejo Parolini<\/a> que busca aportar un nuevo punto de vista ante de temas de actualidad en nuestro medio social y afectivo, que recoge las inquietudes constantes tanto en padres, como profesores, educadores y terapeutas.<\/p>\n<p>&nbsp;<\/p>\n<h3><a href=\"https:\/\/www.edesclee.com\/colecciones\/amae\/psicologia-del-bebe-adoptado\" target=\"_blank\" rel=\"noopener\"><strong>Rese\u00f1a de la editorial:<\/strong><\/a><\/h3>\n<p><em><img loading=\"lazy\" decoding=\"async\" class=\" wp-image-14003 alignleft\" src=\"http:\/\/adopcionpuntodeencuentro.com\/web\/wp-content\/uploads\/Psicologia-del-bebe-adoptado-331x450.jpg\" alt=\"\" width=\"455\" height=\"619\" srcset=\"https:\/\/adopcionpuntodeencuentro.com\/web\/wp-content\/uploads\/Psicologia-del-bebe-adoptado-331x450.jpg 331w, https:\/\/adopcionpuntodeencuentro.com\/web\/wp-content\/uploads\/Psicologia-del-bebe-adoptado-110x150.jpg 110w, https:\/\/adopcionpuntodeencuentro.com\/web\/wp-content\/uploads\/Psicologia-del-bebe-adoptado.jpg 400w\" sizes=\"(max-width: 455px) 100vw, 455px\" \/>La creencia popular de que los beb\u00e9s olvidan aquellas experiencias negativas que viven durante sus primeros a\u00f1os, no puede ser m\u00e1s err\u00f3nea. Los beb\u00e9s olvidan, pero sus cerebros no. Dichas experiencias quedan guardadas en sus cerebros, influyendo en estos a nivel estructural y funcional.\u00a0<\/em><\/p>\n<p><em>Estas consecuencias se pueden minimizar con un tratamiento profesionalizado y con un buen trato por parte de unos padres nutricios y reparadores. En \u201cPsicolog\u00eda del beb\u00e9 adoptado\u201d se dan las claves para atender a los beb\u00e9s que han sido abandonados, y se explica el cuidado de las madres biol\u00f3gicas que, por diferentes razones, tienen que dar a sus hijos en adopci\u00f3n. Adem\u00e1s, se ense\u00f1a a las madres adoptivas c\u00f3mo pueden conseguir dar el pecho a sus beb\u00e9s.\u00a0<\/em><\/p>\n<p><em>Finalmente, a trav\u00e9s de testimonios personales se da un acercamiento hacia los procesos psicol\u00f3gicos de las personas implicadas en la adopci\u00f3n: beb\u00e9s, madres y padres adoptivos y madres biol\u00f3gicas.<\/em><\/p>\n<ul class=\"a-unordered-list a-nostyle a-vertical a-spacing-none detail-bullet-list\">\n<li><strong>Autor:<\/strong> Monste Lapastora<\/li>\n<li><span class=\"a-list-item\"><span class=\"a-text-bold\"><strong>Editorial<\/strong> :\u00a0<\/span>Descl\u00e9e De Brouwer; N.\u00ba 1 edici\u00f3n (23 abril 2021)<\/span><\/li>\n<li><span class=\"a-list-item\"><span class=\"a-text-bold\"><strong>Idioma<\/strong> :\u00a0<\/span>Espa\u00f1ol<\/span><\/li>\n<li><span class=\"a-list-item\"><span class=\"a-text-bold\"><strong>Tapa blanda<\/strong> :\u00a0<\/span>192 p\u00e1ginas<\/span><\/li>\n<li><span class=\"a-list-item\"><span class=\"a-text-bold\"><strong>ISBN-10<\/strong> :\u00a0<\/span>8433031406<\/span><\/li>\n<li><span class=\"a-list-item\"><span class=\"a-text-bold\"><strong>ISBN-13<\/strong> :\u00a0<\/span>978-8433031402<\/span><\/li>\n<\/ul>\n<h4><\/h4>\n<h4><\/h4>\n<h4>Os invitamos a conocer m\u00e1s en profundidad\u00a0 a Montse Lapastora a trav\u00e9s de los art\u00edculos sobre adopci\u00f3n que ha escrito para Adopci\u00f3n Punto de Encuentro de cuya colaboraci\u00f3n nos sentimos especialmente orgullososos. <a href=\"http:\/\/adopcionpuntodeencuentro.com\/web\/?s=Montse+Lapastora\" target=\"_blank\" rel=\"noopener\">PINCHA AQU\u00cd.<\/a><\/h4>\n<p>&nbsp;<\/p>\n<div class='divider' > <\/div>\n<p><img loading=\"lazy\" decoding=\"async\" class=\"aligncenter wp-image-14002 size-full\" src=\"http:\/\/adopcionpuntodeencuentro.com\/web\/wp-content\/uploads\/biografia-DE-Montse-Lapastora-2021.png\" alt=\"\" width=\"1409\" height=\"415\" srcset=\"https:\/\/adopcionpuntodeencuentro.com\/web\/wp-content\/uploads\/biografia-DE-Montse-Lapastora-2021.png 1409w, https:\/\/adopcionpuntodeencuentro.com\/web\/wp-content\/uploads\/biografia-DE-Montse-Lapastora-2021-450x133.png 450w, https:\/\/adopcionpuntodeencuentro.com\/web\/wp-content\/uploads\/biografia-DE-Montse-Lapastora-2021-1024x302.png 1024w, https:\/\/adopcionpuntodeencuentro.com\/web\/wp-content\/uploads\/biografia-DE-Montse-Lapastora-2021-150x44.png 150w, https:\/\/adopcionpuntodeencuentro.com\/web\/wp-content\/uploads\/biografia-DE-Montse-Lapastora-2021-768x226.png 768w\" sizes=\"(max-width: 1409px) 100vw, 1409px\" \/><\/p>\n<div class='divider' > <\/div>\n<p><a href=\"https:\/\/www.edesclee.com\/colecciones\/amae\/psicologia-del-bebe-adoptado\"><img loading=\"lazy\" decoding=\"async\" class=\"alignleft wp-image-14003\" src=\"http:\/\/adopcionpuntodeencuentro.com\/web\/wp-content\/uploads\/Psicologia-del-bebe-adoptado-110x150.jpg\" alt=\"\" width=\"175\" height=\"238\" srcset=\"https:\/\/adopcionpuntodeencuentro.com\/web\/wp-content\/uploads\/Psicologia-del-bebe-adoptado-110x150.jpg 110w, https:\/\/adopcionpuntodeencuentro.com\/web\/wp-content\/uploads\/Psicologia-del-bebe-adoptado-331x450.jpg 331w, https:\/\/adopcionpuntodeencuentro.com\/web\/wp-content\/uploads\/Psicologia-del-bebe-adoptado.jpg 400w\" sizes=\"(max-width: 175px) 100vw, 175px\" \/><\/a><\/p>\n<p>&nbsp;<\/p>\n","protected":false},"excerpt":{"rendered":"<p> Monste Lapastora en  este libro hace un acercamiento a la psicolog\u00eda no s\u00f3lo del beb\u00e9 sino tambi\u00e9n de los dem\u00e1s actores que intervienen en este proceso. Un libro no s\u00f3lo para padres adoptantes, personas en proceso de adopci\u00f3n o para profesionales del ramo, es un libro que ayuda a comprender a los ni\u00f1os y a reflexionar sobre las propias capacidades parentales.<\/p>\n","protected":false},"author":1,"featured_media":14017,"comment_status":"open","ping_status":"open","sticky":false,"template":"","format":"standard","meta":{"footnotes":""},"categories":[113,75,31,269,255,327],"tags":[27,45,49,32,28,79,15],"_links":{"self":[{"href":"https:\/\/adopcionpuntodeencuentro.com\/web\/wp-json\/wp\/v2\/posts\/14000"}],"collection":[{"href":"https:\/\/adopcionpuntodeencuentro.com\/web\/wp-json\/wp\/v2\/posts"}],"about":[{"href":"https:\/\/adopcionpuntodeencuentro.com\/web\/wp-json\/wp\/v2\/types\/post"}],"author":[{"embeddable":true,"href":"https:\/\/adopcionpuntodeencuentro.com\/web\/wp-json\/wp\/v2\/users\/1"}],"replies":[{"embeddable":true,"href":"https:\/\/adopcionpuntodeencuentro.com\/web\/wp-json\/wp\/v2\/comments?post=14000"}],"version-history":[{"count":11,"href":"https:\/\/adopcionpuntodeencuentro.com\/web\/wp-json\/wp\/v2\/posts\/14000\/revisions"}],"predecessor-version":[{"id":14027,"href":"https:\/\/adopcionpuntodeencuentro.com\/web\/wp-json\/wp\/v2\/posts\/14000\/revisions\/14027"}],"wp:featuredmedia":[{"embeddable":true,"href":"https:\/\/adopcionpuntodeencuentro.com\/web\/wp-json\/wp\/v2\/media\/14017"}],"wp:attachment":[{"href":"https:\/\/adopcionpuntodeencuentro.com\/web\/wp-json\/wp\/v2\/media?parent=14000"}],"wp:term":[{"taxonomy":"category","embeddable":true,"href":"https:\/\/adopcionpuntodeencuentro.com\/web\/wp-json\/wp\/v2\/categories?post=14000"},{"taxonomy":"post_tag","embeddable":true,"href":"https:\/\/adopcionpuntodeencuentro.com\/web\/wp-json\/wp\/v2\/tags?post=14000"}],"curies":[{"name":"wp","href":"https:\/\/api.w.org\/{rel}","templated":true}]}}