{"id":14034,"date":"2021-10-07T09:59:14","date_gmt":"2021-10-07T07:59:14","guid":{"rendered":"http:\/\/adopcionpuntodeencuentro.com\/web\/?p=14034"},"modified":"2021-10-07T09:59:14","modified_gmt":"2021-10-07T07:59:14","slug":"compartiendo-lo-aprendido-escuela-juego-y-aprendizaje-montse-lapastora","status":"publish","type":"post","link":"https:\/\/adopcionpuntodeencuentro.com\/web\/compartiendo-lo-aprendido-escuela-juego-y-aprendizaje-montse-lapastora\/","title":{"rendered":"Compartiendo lo aprendido. Escuela, juego y aprendizaje. Montse Lapastora"},"content":{"rendered":"<p><img loading=\"lazy\" decoding=\"async\" class=\"wp-image-14049 aligncenter\" src=\"http:\/\/adopcionpuntodeencuentro.com\/web\/wp-content\/uploads\/mntse-1b-scaled.jpg\" alt=\"\" width=\"1003\" height=\"759\" srcset=\"https:\/\/adopcionpuntodeencuentro.com\/web\/wp-content\/uploads\/mntse-1b-scaled.jpg 2560w, https:\/\/adopcionpuntodeencuentro.com\/web\/wp-content\/uploads\/mntse-1b-450x341.jpg 450w, https:\/\/adopcionpuntodeencuentro.com\/web\/wp-content\/uploads\/mntse-1b-1015x768.jpg 1015w, https:\/\/adopcionpuntodeencuentro.com\/web\/wp-content\/uploads\/mntse-1b-150x114.jpg 150w, https:\/\/adopcionpuntodeencuentro.com\/web\/wp-content\/uploads\/mntse-1b-768x581.jpg 768w, https:\/\/adopcionpuntodeencuentro.com\/web\/wp-content\/uploads\/mntse-1b-1536x1163.jpg 1536w, https:\/\/adopcionpuntodeencuentro.com\/web\/wp-content\/uploads\/mntse-1b-2048x1550.jpg 2048w\" sizes=\"(max-width: 1003px) 100vw, 1003px\" \/>Iv\u00e1n est\u00e1 movi\u00e9ndose inquieto en su asiento.<\/p>\n<p>Profesor\/a: \u201c\u00a1Iv\u00e1n, estate quieto, por favor!\u201d<\/p>\n<p>Iv\u00e1n: \u201c\u00bfPuedo salir al ba\u00f1o, se\u00f1o?\u201d<\/p>\n<p>Profesor\/a: \u201c\u00a1No Iv\u00e1n,\u00a0 acabas de ir hace un momento!\u201d<\/p>\n<p>Iv\u00e1n \u201c\u00a1Jo se\u00f1o, quiero ir al ba\u00f1o!\u201d<\/p>\n<p>Profesor\/a: \u201c\u00a1Iv\u00e1n, vete al rinc\u00f3n a ver si se te pasan las ganas!\u201d<\/p>\n<p>Iv\u00e1n se va frustrado al rinc\u00f3n y sigue molestando a la clase haciendo ruiditos.<\/p>\n<p>Profesor\/a: \u201c\u00a1Si sigues as\u00ed te echar\u00e9 de clase!\u201d<\/p>\n<p>Iv\u00e1n contin\u00faa y el\/la profesor\/a le manda al pasillo.<\/p>\n<p>Querido profesor\/a, seguramente esta es una de tantas situaciones con las que te encuentras cada d\u00eda en el aula con ni\u00f1os adoptados y no sabes muy bien por qu\u00e9 Iv\u00e1n se comporta as\u00ed.<\/p>\n<p>Voy a empezar por el principio para explicarte el origen de su conducta: Iv\u00e1n naci\u00f3 en un pa\u00eds extranjero de una madre que no se cuid\u00f3 durante el embarazo y le abandon\u00f3 nada m\u00e1s nacer en la calle. A los dos d\u00edas alguien le encontr\u00f3 y le llev\u00f3 a un hospital. Estuvo una semana hospitalizado y de ah\u00ed pas\u00f3 a un orfanato con pocos recursos donde permaneci\u00f3 9 meses, hasta que fue adoptado por sus padres. En ese momento pesaba 4 kilos.<\/p>\n<p>Ahora tiene 7 a\u00f1os, e Iv\u00e1n se ha convertido en un ni\u00f1o inquieto, que, como bien sabes, le cuesta relacionarse con sus amigos, no te obedece y a veces se te enfrenta. Cada vez que su madre va al colegio a explicarte que es un ni\u00f1o adoptado y que necesita una adaptaci\u00f3n diferente, o que no es un ni\u00f1o \u201cmalo\u201d, que lo que le pasa est\u00e1 relacionado con su adopci\u00f3n, la miras con condescendencia dici\u00e9ndole que la adopci\u00f3n no tiene nada que ver con su comportamiento, que quiz\u00e1 le est\u00e9is consintiendo demasiado, y que lo que necesita es que le pong\u00e1is l\u00edmites.<\/p>\n<p><img loading=\"lazy\" decoding=\"async\" class=\"size-full wp-image-14057 alignleft\" src=\"http:\/\/adopcionpuntodeencuentro.com\/web\/wp-content\/uploads\/DIANA-azul.jpg\" alt=\"\" width=\"802\" height=\"570\" srcset=\"https:\/\/adopcionpuntodeencuentro.com\/web\/wp-content\/uploads\/DIANA-azul.jpg 802w, https:\/\/adopcionpuntodeencuentro.com\/web\/wp-content\/uploads\/DIANA-azul-450x320.jpg 450w, https:\/\/adopcionpuntodeencuentro.com\/web\/wp-content\/uploads\/DIANA-azul-150x107.jpg 150w, https:\/\/adopcionpuntodeencuentro.com\/web\/wp-content\/uploads\/DIANA-azul-768x546.jpg 768w\" sizes=\"(max-width: 802px) 100vw, 802px\" \/>Querido profesor\/a, en contra de la opini\u00f3n popular de que los beb\u00e9s o ni\u00f1os muy peque\u00f1os olvidan sus experiencias en ese primer periodo infantil, me gustar\u00eda que supieras que la realidad es bien distinta, es decir, que cuanto m\u00e1s peque\u00f1os son, m\u00e1s repercusiones tendr\u00e1n en ellos los impactos emocionales.<\/p>\n<p>Quisiera que supieras que cuando un beb\u00e9 nace, su cerebro est\u00e1 inmaduro, y su maduraci\u00f3n vendr\u00e1 determinada por el entorno en el que se encuentra y por el afecto que recibe.<\/p>\n<p>Los est\u00edmulos que el ni\u00f1o recibe ir\u00e1n provocando las conexiones neuronales necesarias para que su cerebro se desarrolle de forma sana. Cuando esto no es as\u00ed, cuando un beb\u00e9 sufre negligencia y abandono, cuando no ve satisfechas sus necesidades b\u00e1sicas, su cerebro entra en modo estr\u00e9s, es decir, su sistema fisiol\u00f3gico de alarma se activa porque \u00e9l no sabe si tiene hambre, miedo o fr\u00edo, lo que siente es que se muere. Este estado de alerta permanecer\u00e1 en \u00e9l durante mucho tiempo. Y eso es lo que ves en tu aula cuando Iv\u00e1n y otros ni\u00f1os que han vivido trauma, se comportan de forma diferente, les cuesta seguir tus instrucciones o mantenerse quietos; son sus experiencias negativas las que no le dejan estar tranquilo y seguro. Si t\u00fa te sintieras en peligro, tampoco podr\u00edas trabajar, estar\u00edas preocupado por sobrevivir.<\/p>\n<p>Cuando Iv\u00e1n se siente en peligro, no puede estudiar ni atender, porque el estr\u00e9s es incompatible con el aprendizaje, por lo que puedes entender que su inmaduro cerebro es la causa de sus dificultades.<\/p>\n<p>Querido profesor\/a, el aprendizaje se da a partir del juego, cuando una mam\u00e1 hace pedorretas a su beb\u00e9 en la barriguita, cuando juegan a tirar y coger cosas, cuando celebren sus primeros pasitos, cuando le lleva al parque para que juegue con otros amiguitos, se ir\u00e1n produciendo las conexiones neuronales necesarias para la maduraci\u00f3n de su desarrollo de forma adecuada. La mayor\u00eda de tus alumnos pertenecen a este afortunado grupo, no han pasado por esas experiencias negativas por lo que pueden aprender con facilidad.<\/p>\n<p>Cuando los beb\u00e9s\/ni\u00f1os no han tenido la oportunidad de jugar ni de sentirse queridos, habr\u00e1 un exceso de poda neuronal que ser\u00e1 la responsable de que Iv\u00e1n no pueda estarse quieto, de que no se sienta seguro, de que le cueste entender las matem\u00e1ticas o los conceptos abstractos como espacio y tiempo.<\/p>\n<p>Por eso es importante que les dejemos jugar como si fueran beb\u00e9s o como si fueran m\u00e1s peque\u00f1os de lo que son, eso les ayudar\u00e1 mucho m\u00e1s que si les tenemos toda la tarde haciendo deberes. Solo con el juego y sinti\u00e9ndose seguros y aceptados mejorar\u00e1n su aprendizaje y relaciones sociales. T\u00fa como su profesor, seguro que encuentras formas de que Iv\u00e1n se sienta m\u00e1s seguro, de que colabore contigo, \u00e9l desea que le aceptes y le quieras, t\u00fa eres muy importante para \u00e9l.<\/p>\n<p><img loading=\"lazy\" decoding=\"async\" class=\"alignleft size-large wp-image-14054\" src=\"http:\/\/adopcionpuntodeencuentro.com\/web\/wp-content\/uploads\/LAPICEROS-mm002-1024x578.png\" alt=\"\" width=\"785\" height=\"443\" srcset=\"https:\/\/adopcionpuntodeencuentro.com\/web\/wp-content\/uploads\/LAPICEROS-mm002-1024x578.png 1024w, https:\/\/adopcionpuntodeencuentro.com\/web\/wp-content\/uploads\/LAPICEROS-mm002-450x254.png 450w, https:\/\/adopcionpuntodeencuentro.com\/web\/wp-content\/uploads\/LAPICEROS-mm002-150x85.png 150w, https:\/\/adopcionpuntodeencuentro.com\/web\/wp-content\/uploads\/LAPICEROS-mm002-768x433.png 768w, https:\/\/adopcionpuntodeencuentro.com\/web\/wp-content\/uploads\/LAPICEROS-mm002-1536x867.png 1536w, https:\/\/adopcionpuntodeencuentro.com\/web\/wp-content\/uploads\/LAPICEROS-mm002-2048x1155.png 2048w\" sizes=\"(max-width: 785px) 100vw, 785px\" \/>Querido profesor\/a t\u00fa eres un tutor de resiliencia secundaria, es decir, eres una figura referencial e importante para Iv\u00e1n, tienes mucha influencia sobre \u00e9l, te admirar\u00e1 y te imitar\u00e1 si sabes que a veces necesita atenciones diferentes. Por eso no debes mandarle al pasillo, cuando lo haces le activas su trauma del abandono, no lo vive como un castigo normal, lo vive como otro rechazo.<\/p>\n<p>Cuando veas que se cuela cada d\u00eda en la cola de entrada a clase y quiera ser el primero, no le reprendas o castigues por ello, no lo hace porque sea malo, lo hace porque adem\u00e1s de no aprender de su experiencia, eso le hace sentirse m\u00e1s importante, dada su baja autoestima. H\u00e1blale con cari\u00f1o cada d\u00eda hasta que lo entienda a nivel emocional.<\/p>\n<p>Profesores, cuidadores, padres y psic\u00f3logos tenemos que remar todos en la misma direcci\u00f3n para poder facilitarle el paso por la escuela, haciendo que ese entorno hostil que percibe en ella, se convierta en un lugar seguro y de aprendizaje.<\/p>\n<p>Espero que a partir de todo esto, puedas entender mejor a Iv\u00e1n, y seguramente ayudarle a que se integre mejor en su escuela.<\/p>\n<p>&nbsp;<\/p>\n<p><img loading=\"lazy\" decoding=\"async\" class=\"size-thumbnail wp-image-10757 alignleft\" src=\"http:\/\/adopcionpuntodeencuentro.com\/web\/wp-content\/uploads\/2a-edicion-de-compartiendo-aape-111x150.jpg\" alt=\"\" width=\"111\" height=\"150\" srcset=\"https:\/\/adopcionpuntodeencuentro.com\/web\/wp-content\/uploads\/2a-edicion-de-compartiendo-aape-111x150.jpg 111w, https:\/\/adopcionpuntodeencuentro.com\/web\/wp-content\/uploads\/2a-edicion-de-compartiendo-aape-332x450.jpg 332w, https:\/\/adopcionpuntodeencuentro.com\/web\/wp-content\/uploads\/2a-edicion-de-compartiendo-aape-567x768.jpg 567w, https:\/\/adopcionpuntodeencuentro.com\/web\/wp-content\/uploads\/2a-edicion-de-compartiendo-aape.jpg 583w\" sizes=\"(max-width: 111px) 100vw, 111px\" \/><\/p>\n<p>Esta es la introducci\u00f3n que<a href=\"http:\/\/www.mlapastora.com\/\" target=\"_blank\" rel=\"noopener\"> Montse Lapastora<\/a> hizo al cap\u00edtulo \u00abCAMBIAR EL PARADIGMA DEL NI\u00d1O ADOPTADO\u00bb en el libro:\u00a0 <a href=\"https:\/\/compartiendoloaprendido.com\/\" target=\"_blank\" rel=\"noopener\"><strong>Compartiendo lo aprendido. <\/strong>Desechando los prejuicios sobre adopci\u00f3n y acogimiento<\/a><\/p>\n<p>&nbsp;<\/p>\n<p>&nbsp;<\/p>\n<p>&nbsp;<\/p>\n<div class='divider' > <\/div>\n<p><img loading=\"lazy\" decoding=\"async\" class=\"aligncenter wp-image-14002 size-full\" src=\"http:\/\/adopcionpuntodeencuentro.com\/web\/wp-content\/uploads\/biografia-DE-Montse-Lapastora-2021.png\" alt=\"\" width=\"1409\" height=\"415\" srcset=\"https:\/\/adopcionpuntodeencuentro.com\/web\/wp-content\/uploads\/biografia-DE-Montse-Lapastora-2021.png 1409w, https:\/\/adopcionpuntodeencuentro.com\/web\/wp-content\/uploads\/biografia-DE-Montse-Lapastora-2021-450x133.png 450w, https:\/\/adopcionpuntodeencuentro.com\/web\/wp-content\/uploads\/biografia-DE-Montse-Lapastora-2021-1024x302.png 1024w, https:\/\/adopcionpuntodeencuentro.com\/web\/wp-content\/uploads\/biografia-DE-Montse-Lapastora-2021-150x44.png 150w, https:\/\/adopcionpuntodeencuentro.com\/web\/wp-content\/uploads\/biografia-DE-Montse-Lapastora-2021-768x226.png 768w\" sizes=\"(max-width: 1409px) 100vw, 1409px\" \/><\/p>\n<p>&nbsp;<\/p>\n<p>&nbsp;<\/p>\n<p>&nbsp;<\/p>\n","protected":false},"excerpt":{"rendered":"<p>\u00abCuando Iv\u00e1n se siente en peligro, no puede estudiar ni atender, porque el estr\u00e9s es incompatible con el aprendizaje, por lo que puedes entender que su inmaduro cerebro es la causa de sus dificultades.\u00bb Compartimos la introducci\u00f3n que Montse Lapastora hizo al cap\u00edtulo \u00abCAMBIAR EL PARADIGMA DEL NI\u00d1O ADOPTADO\u00bb en el libro:  Compartiendo lo aprendido. Desechando los prejuicios sobre adopci\u00f3n y acogimiento DE Mar\u00eda mart\u00edn Titos y Mercedes Moya. <\/p>\n","protected":false},"author":1,"featured_media":14060,"comment_status":"open","ping_status":"open","sticky":false,"template":"","format":"standard","meta":{"footnotes":""},"categories":[145,279,278,75,235,31,10,4,11,1,308],"tags":[27,45,37,128,32,79],"_links":{"self":[{"href":"https:\/\/adopcionpuntodeencuentro.com\/web\/wp-json\/wp\/v2\/posts\/14034"}],"collection":[{"href":"https:\/\/adopcionpuntodeencuentro.com\/web\/wp-json\/wp\/v2\/posts"}],"about":[{"href":"https:\/\/adopcionpuntodeencuentro.com\/web\/wp-json\/wp\/v2\/types\/post"}],"author":[{"embeddable":true,"href":"https:\/\/adopcionpuntodeencuentro.com\/web\/wp-json\/wp\/v2\/users\/1"}],"replies":[{"embeddable":true,"href":"https:\/\/adopcionpuntodeencuentro.com\/web\/wp-json\/wp\/v2\/comments?post=14034"}],"version-history":[{"count":10,"href":"https:\/\/adopcionpuntodeencuentro.com\/web\/wp-json\/wp\/v2\/posts\/14034\/revisions"}],"predecessor-version":[{"id":14477,"href":"https:\/\/adopcionpuntodeencuentro.com\/web\/wp-json\/wp\/v2\/posts\/14034\/revisions\/14477"}],"wp:featuredmedia":[{"embeddable":true,"href":"https:\/\/adopcionpuntodeencuentro.com\/web\/wp-json\/wp\/v2\/media\/14060"}],"wp:attachment":[{"href":"https:\/\/adopcionpuntodeencuentro.com\/web\/wp-json\/wp\/v2\/media?parent=14034"}],"wp:term":[{"taxonomy":"category","embeddable":true,"href":"https:\/\/adopcionpuntodeencuentro.com\/web\/wp-json\/wp\/v2\/categories?post=14034"},{"taxonomy":"post_tag","embeddable":true,"href":"https:\/\/adopcionpuntodeencuentro.com\/web\/wp-json\/wp\/v2\/tags?post=14034"}],"curies":[{"name":"wp","href":"https:\/\/api.w.org\/{rel}","templated":true}]}}