{"id":14257,"date":"2021-09-06T09:34:59","date_gmt":"2021-09-06T07:34:59","guid":{"rendered":"http:\/\/adopcionpuntodeencuentro.com\/web\/?p=14257"},"modified":"2021-09-06T09:34:59","modified_gmt":"2021-09-06T07:34:59","slug":"la-violencia-vicaria-violencia-invisible-por-dolores-urizar-nieto","status":"publish","type":"post","link":"https:\/\/adopcionpuntodeencuentro.com\/web\/la-violencia-vicaria-violencia-invisible-por-dolores-urizar-nieto\/","title":{"rendered":"La violencia vicaria, violencia invisible. Por Dolores Urizar Nieto"},"content":{"rendered":"<p><img loading=\"lazy\" decoding=\"async\" class=\"alignleft wp-image-14267 \" src=\"http:\/\/adopcionpuntodeencuentro.com\/web\/wp-content\/uploads\/violencia-vicaria-sombra-1024x682.jpg\" alt=\"\" width=\"696\" height=\"464\" srcset=\"https:\/\/adopcionpuntodeencuentro.com\/web\/wp-content\/uploads\/violencia-vicaria-sombra-1024x682.jpg 1024w, https:\/\/adopcionpuntodeencuentro.com\/web\/wp-content\/uploads\/violencia-vicaria-sombra-450x300.jpg 450w, https:\/\/adopcionpuntodeencuentro.com\/web\/wp-content\/uploads\/violencia-vicaria-sombra-150x100.jpg 150w, https:\/\/adopcionpuntodeencuentro.com\/web\/wp-content\/uploads\/violencia-vicaria-sombra-768x512.jpg 768w, https:\/\/adopcionpuntodeencuentro.com\/web\/wp-content\/uploads\/violencia-vicaria-sombra.jpg 1280w\" sizes=\"(max-width: 696px) 100vw, 696px\" \/>Este post nace de una conversaci\u00f3n con <a href=\"https:\/\/mercedesmoya.com\/profesional\/\" target=\"_blank\" rel=\"noopener\">Mercedes Moya<\/a> en la que me invit\u00f3 a abordar el tema de la violencia vicaria, y que transcurre mientras en la sociedad est\u00e1 de actualidad un caso muy medi\u00e1tico de violencia de g\u00e9nero en el que se hablaba de este termino, <strong>violencia vicaria,<\/strong>\u00a0y otro caso de violencia de g\u00e9nero con violencia vicaria extrema, el de las ni\u00f1as Olivia (6 a\u00f1os) y Anna (1 a\u00f1o) a manos de su padre Tomas Gimeno. D\u00edas antes de que este post se publique la sociedad vuelve a estremecerse con un nuevo caso de violencia vicaria extrema, el asesinato de un ni\u00f1o de dos a\u00f1os (no he podido encontrar como se llama) a manos de su padre, Mart\u00edn Ezequiel.<\/p>\n<p>El primero de los casos, que segu\u00ed durante toda su emisi\u00f3n, me recordaba al de <a href=\"https:\/\/es.wikipedia.org\/wiki\/Ana_Orantes\" target=\"_blank\" rel=\"noopener\">Ana Orantes<\/a>, la mujer que en 1977\u00abpuso palabras a la violencia machista\u00bb y \u00abla convirti\u00f3 en un problema p\u00fablico y social al contar su historia en Canal Sur\u00bb, tal como dice la placa en la calle de Sevilla que lleva su nombre. Gracias a ella la sociedad abri\u00f3 los ojos y empez\u00f3 a considerar la violencia de g\u00e9nero como un problema social sobre el que hab\u00eda que legislar y concienciar.<strong>\u00a0<\/strong><\/p>\n<p>La periodista y escritora del libro \u201c<a href=\"https:\/\/www.clasicasymodernas.org\/antigua\/la-voz-ignorada-ana-orantes-y-el-fin-de-la-impunidad-nuevo-libro-de-nuria-varela\/\" target=\"_blank\" rel=\"noopener\">La<em> voz ignorada. Ana Orantes y el fin de la impunidad<\/em><\/a>\u201d, <a href=\"https:\/\/es.wikipedia.org\/wiki\/Nuria_Varela\" target=\"_blank\" rel=\"noopener\">Nuria Varela<\/a>, explic\u00f3 en una entrada en su blog que el asesinato de <a href=\"https:\/\/es.wikipedia.org\/wiki\/Ana_Orantes\" target=\"_blank\" rel=\"noopener\">Ana Orantes<\/a> \u201c<strong>ya no fue una muerte mas, como titulaban hasta entonces los peri\u00f3dicos<\/strong>\u201d. El 18 de diciembre de 1997 su crimen fue noticia de apertura de algunas televisiones y portada de varios medios que no s\u00f3lo informaron de su caso, sino que lo contextualizaron, lo sumaron a otros con la misma ra\u00edz y le dieron a Ana una categor\u00eda de pertenencia a algo:\u00a0<strong>v\u00edctimas del machismo<\/strong>.<\/p>\n<p>Tambi\u00e9n provoc\u00f3 una revoluci\u00f3n legislativa que comenz\u00f3 con la reforma del C\u00f3digo Penal y culmin\u00f3 con la aprobaci\u00f3n por unanimidad, en diciembre de 2004, de la Ley Integral contra la Violencia de G\u00e9nero. S\u00f3lo tres d\u00edas despu\u00e9s del asesinato de Ana Orantes el\u00a0<strong>Gobierno<\/strong>\u00a0anunci\u00f3 una revisi\u00f3n del C\u00f3digo Penal y de la Ley de Enjuiciamiento Criminal, reformas que se llevaron a cabo en 1999. Se introdujo la violencia ps\u00edquica como delito, las \u00f3rdenes de alejamiento como pena accesoria(en 1997 cuando Ana Orantes fue asesinada, no exist\u00edan \u00f3rdenes de protecci\u00f3n) y la persecuci\u00f3n de oficio de los malos tratos. Se elimin\u00f3 tambi\u00e9n aquella menci\u00f3n a la \u00abdesobediencia\u00bb de la mujer hacia el hombre. En 2002\u00a0el Gobierno y el CGPJ crearon el<strong> Observatorio contra la Violencia Dom\u00e9stica (despu\u00e9s ampliado a de G\u00e9nero)<\/strong>, que estudia y categoriza las sentencias sobre malos tratos. En 2003 se ampli\u00f3 el cat\u00e1logo de medidas regulando las \u00f3rdenes de protecci\u00f3n. El 28 de diciembre de 2004 el Congreso aprob\u00f3 la primera Ley Integral contra la Violencia de G\u00e9nero de Europa que recoge directrices educativas, sanitarias, formativas, sociales, policiales y penales para el abrigo de las v\u00edctimas y el castigo de los agresores. En 2007 el Gobierno aprob\u00f3 la <strong>Ley de Igualdad<\/strong> y\u00a0<strong>se cre\u00f3 el tel\u00e9fono contra el maltrato: 016. <\/strong>En 2015 se aprob\u00f3 la\u00a0<strong>Ley de Infancia<\/strong>, gracias a la cual ya se considera a los hijos e hijas como v\u00edctimas de violencia machista. En 2017 el Congreso aprob\u00f3 el pacto de Estado contra la violencia de g\u00e9nero. El 24 de mayo de\u00a0 2021 se aprob\u00f3 la Ley Org\u00e1nica de protecci\u00f3n de la infancia y la adolescencia frente a la violencia.\u00a0 \u00a0Por eso cuando empec\u00e9 a escribir este post lo primero que reson\u00f3 en mi cabeza fue la frase <strong><em>\u201cDe lo que no se habla, no existe. Y lo que no existe, se margina\u201d. <\/em><\/strong>A partir de esta frase podemos reflexionar sobre la importancia que tiene el lenguaje en nuestro modo de ver y situarnos en el mundo. El lenguaje no es algo innato, natural ni biol\u00f3gico, es un hecho cultural, y social y que, por tanto, sirve para consolidar creencias y comportamientos da\u00f1inos si se usa de esa manera. De todas las definiciones que hay mi favorita es la de la<a href=\"https:\/\/es.unesco.org\/\" target=\"_blank\" rel=\"noopener\"> UNESCO<\/a>: <strong><em>\u201cEl lenguaje no es una creaci\u00f3n arbitraria de la mente humana, sino un producto social e hist\u00f3rico que influye en nuestra percepci\u00f3n de la realidad. Al transmitir socialmente al ser humano las experiencias acumuladas de generaciones anteriores, el lenguaje condiciona nuestro pensamiento y determina nuestra visi\u00f3n del mundo\u201d. <\/em><\/strong>Podemos entonces afirmar que el lenguaje es un\u00a0<em>producto social<\/em>\u00a0cargado de\u00a0<em>estereotipos, prejuicios y buenos sentimientos<\/em>. Refleja la sociedad de la que viene y a la que sirve y lo m\u00e1s importante, como cualquier experiencia humana,\u00a0<em>admite cambios.\u00a0<\/em><\/p>\n<p><img loading=\"lazy\" decoding=\"async\" class=\"alignleft wp-image-14269 \" src=\"http:\/\/adopcionpuntodeencuentro.com\/web\/wp-content\/uploads\/Foto-de-NEOSiAM-2021-en-Pexels-lila-s.jpg\" alt=\"\" width=\"714\" height=\"455\" srcset=\"https:\/\/adopcionpuntodeencuentro.com\/web\/wp-content\/uploads\/Foto-de-NEOSiAM-2021-en-Pexels-lila-s.jpg 1000w, https:\/\/adopcionpuntodeencuentro.com\/web\/wp-content\/uploads\/Foto-de-NEOSiAM-2021-en-Pexels-lila-s-450x287.jpg 450w, https:\/\/adopcionpuntodeencuentro.com\/web\/wp-content\/uploads\/Foto-de-NEOSiAM-2021-en-Pexels-lila-s-150x96.jpg 150w, https:\/\/adopcionpuntodeencuentro.com\/web\/wp-content\/uploads\/Foto-de-NEOSiAM-2021-en-Pexels-lila-s-768x489.jpg 768w\" sizes=\"(max-width: 714px) 100vw, 714px\" \/>Cuando empec\u00e9 a trabajar con NNyA (ni\u00f1os, ni\u00f1as y adolescentes) y sus familias, en el 2015, tuve una experiencia con una adolescente, a la que me referir\u00e9 con el nombre ficticio de Mar\u00eda, que da sentido y ejemplifica esta frase. Mar\u00eda era una adolescente hija de una victima de violencia de g\u00e9nero, y desde ese mismo a\u00f1o tambi\u00e9n victima directa gracias a la <a href=\"https:\/\/www.boe.es\/eli\/es\/lo\/2015\/07\/22\/8\" target=\"_blank\" rel=\"noopener\">Ley Org\u00e1nica 8\/2015, de 22 de julio<\/a>, y a la <a href=\"https:\/\/www.boe.es\/buscar\/act.php?id=BOE-A-2015-8470\" target=\"_blank\" rel=\"noopener\">Ley 26\/2015, de 28 de julio<\/a>, de modificaci\u00f3n del sistema de protecci\u00f3n a la infancia y a la adolescencia, y sufr\u00eda los efectos negativos de la exposici\u00f3n a la violencia de g\u00e9nero, especialmente alteraciones emocionales y de conducta, pero no \u201creconoc\u00eda\u201d a su madre como victima, y mucho menos a ella misma.<\/p>\n<p>Dise\u00f1\u00e9 entonces unas sesiones para trabajar con ella el tema de la violencia de g\u00e9nero, para que esto le permitiera identificar actitudes y comportamientos maltratantes en las relaciones de pareja, que cuando son normalizados dan lugar a relaciones basadas en la desigualdad, el control y la dependencia. Fueron unas sesiones emocionalmente intensas y de gran impacto para Mar\u00eda al empezar a reconocer a su madre como victima de violencia de g\u00e9nero y a su padre como maltratador, descubriendo los diferentes tipos de violencia de g\u00e9nero que su padre hab\u00eda ejercido, y segu\u00eda ejerciendo sobre la familia: f\u00edsica, psicol\u00f3gica, econ\u00f3mica y vicaria. Hasta ese momento ella solo reconoc\u00eda como violencia de g\u00e9nero la violencia f\u00edsica, y cuando empezamos a hablar de las diferentes clases de violencia de g\u00e9nero (f\u00edsica, psicol\u00f3gica, econ\u00f3mica, social, sexual, patrimonial o vicaria)Mar\u00eda en voz baja,\u00a0 y con inmensa tristeza, dec\u00eda \u201cLoli, esto tambi\u00e9n lo hac\u00eda\/hace mi padre\u201d&#8230; Y otro paso mas que dio, y creo para ella el mas sanador, fue reconocerse a ella misma como victima de violencia de g\u00e9nero, victima directa, pues solo desde ah\u00ed pudo entender sus conductas, manifestaciones de su inmenso sufrimiento, y dar sentido a su modelo relacional. Este trabajo creo que fue un importante punto de inflexi\u00f3n en la intervenci\u00f3n familiar que est\u00e1bamos haciendo y que le permiti\u00f3 iniciar su proceso resiliente.<\/p>\n<p>Llegadas a este punto podemos darle la vuelta a la frase y decir <strong><em>\u201cDe lo que se habla, si existe. Y se puede cambiar.\u201d <\/em><\/strong>Ana Orantes fue el principio del cambio y estoy segura que Mar\u00eda, con la que sigo en contacto, ser\u00e1 capaz de identificar comportamientos, actitudes, comentarios u omisiones que son manifestaciones de la violencia de g\u00e9nero y que ella ser\u00e1 una mas de las personas, que con su activismo, contribuya al cambio, no todo lo r\u00e1pido que querr\u00edamos, hacia una sociedad igualitaria y libre de violencia.<\/p>\n<p><strong>LA VIOLENCIA VICARIA NO ES VIOLENCIA DE G\u00c9NERO<\/strong><\/p>\n<p>En este post hablar\u00e9 de la violencia vicaria en violencia de g\u00e9nero para diferenciarla de la violencia vicaria. Para explicar lo anterior transcribo de manera literal un post de <a href=\"https:\/\/es.wikipedia.org\/wiki\/Miguel_Lorente_Acosta\" target=\"_blank\" rel=\"noopener\"><strong>Miguel Lorente Acosta<\/strong>,<\/a> pues no creo que yo sea capaz de explicarlo de manera mas clara:<\/p>\n<p><span style=\"color: #666699;\">\u201c<em>La violencia vicaria no es violencia de g\u00e9nero,\u00a0<\/em><em>se puede utilizar dentro de la violencia de g\u00e9nero<\/em><em>, pero\u00a0<\/em><em>tambi\u00e9n en otros contextos violentos\u00a0<\/em><em>cuando\u00a0<\/em><em>se anteponga una persona para ocasionar un da\u00f1o a otra<\/em><em>. Es lo que ocurre cuando alguien busca ajustar cuentas y secuestra a un hijo o a una hija de su objetivo y lo utiliza como forma de chantaje o para da\u00f1arlo directamente, situaci\u00f3n que se produce con alguna frecuencia entre grupos criminales o en ajustes de cuentas entre organizaciones, o para obtener alg\u00fan tipo de beneficio cuando se utiliza con empresarios o con alguien de la pol\u00edtica. <\/em><em>Desde mi punto de vista creo que\u00a0se debe ser prudente al utilizar de manera generalizada este concepto como si s\u00f3lo fuera violencia de g\u00e9nero, y lo pienso por varias razones, entre ellas:<\/em><\/span><\/p>\n<ul>\n<li><span style=\"color: #666699;\"><em>Aunque su uso se relaciona con los casos de violencia de g\u00e9nero que hemos conocido \u00faltimamente, especialmente con el terrible asesinato de Olivia y Anna, su planteamiento\u00a0centra la idea de la violencia en el hecho en s\u00ed de la agresi\u00f3n, no en el contexto de la violencia del que surge.<\/em><\/span><\/li>\n<\/ul>\n<ul>\n<li><span style=\"color: #666699;\"><em>Su uso aparece cargado de\u00a0neutralidad y facilita la confusi\u00f3n,\u00a0pues se puede utilizar tanto para situaciones de violencia de g\u00e9nero, como ha ocurrido en<a style=\"color: #666699;\" href=\"https:\/\/www.elperiodico.com\/es\/sociedad\/20210611\/ninas-tenerife-violencia-vicaria-machista-11815142\" target=\"_blank\" rel=\"noopener\"> Tenerife<\/a>, como para otras circunstancias violentas, como ha sucedido estos mismos d\u00edas en el caso de <a style=\"color: #666699;\" href=\"https:\/\/www.elmundo.es\/cataluna\/2021\/06\/11\/60c3a6c7fdddff45448b45cf.html\" target=\"_blank\" rel=\"noopener\">la madre que ha asesinado a su hija Yaiza en Barcelona<\/a>.<\/em><\/span><\/li>\n<\/ul>\n<ul>\n<li><span style=\"color: #666699;\"><em>La utilizaci\u00f3n del t\u00e9rmino bajo estas referencias\u00a0oculta la violencia diaria que sufren los ni\u00f1os y ni\u00f1as dentro de la violencia de g\u00e9nero.\u00a0Una violencia contra los menores que es\u00a0parte esencial en la estrategia de dominio y amenaza\u00a0que utilizan los agresores para conseguir su objetivo, que\u00a0no es el da\u00f1o de la madre, sino su control.\u00a0El da\u00f1o es parte de la estrategia y tambi\u00e9n puede ser el\u00a0castigo final\u00a0cuando percibe que ha fracasado en su intenci\u00f3n de dominarla y someterla.\u00a0<\/em><\/span><\/li>\n<\/ul>\n<ul>\n<li><span style=\"color: #666699;\"><em>La violencia de g\u00e9nero, cuando la definimos en los a\u00f1os 90 como una violencia diferente al resto de las violencias interpersonales, destacamos que tiene una serie de elementos diferenciales, entre ellos tratarse de una\u00a0\u201cviolencia extendida\u201d, es decir, no limitada exclusivamente a la mujer con la que comparte la relaci\u00f3n y\u00a0abarcar a los hijos e hijas de manera sistem\u00e1tica,\u00a0as\u00ed como a otras personas de los entornos que de manera puntual puedan ocupar una posici\u00f3n importante, con el objeto de reforzar el control que se consigue con la violencia directa sobre la mujer.<\/em><\/span><\/li>\n<\/ul>\n<ul>\n<li><span style=\"color: #666699;\"><em>Por lo tanto, la violencia contra los hijos e hijas\u00a0no se limita a acciones puntuales, ni se utiliza s\u00f3lo para producir da\u00f1o,\u00a0sino que es una constante que sufren los<strong>\u00a01.678.959 ni\u00f1os y ni\u00f1as\u00a0que seg\u00fan la Macro encuesta 2019 viven en hogares donde el padre maltrata a la madre.<\/strong><\/em><\/span><\/li>\n<\/ul>\n<p><span style=\"color: #666699;\"><em>Hablar de violencia vicaria para referirnos a la violencia que sufren los hijos e hijas dentro de la violencia de g\u00e9nero\u00a0debe acompa\u00f1arse de su menci\u00f3n expl\u00edcita,\u00a0y hablar de\u00a0\u201cviolencia vicaria en violencia de g\u00e9nero\u201d, de lo contrario se volver\u00e1 a ocultar el verdadero origen de esta violencia contra los ni\u00f1os y ni\u00f1as, y se perder\u00e1 el significado de <strong>una violencia caracterizada por la\u00a0continuidad y constancia,\u00a0<\/strong>no s\u00f3lo por ataques puntuales.\u201d<\/em><\/span><\/p>\n<p>Fuente:\u00a0<em><a href=\"https:\/\/miguelorenteautopsia.wordpress.com\/2021\/06\/15\/violencia-vicaria\/\" target=\"_blank\" rel=\"noreferrer noopener\" aria-label=\"https:\/\/miguelorenteautopsia.wordpress.com\/2021\/06\/15\/violencia-vicaria\/ (se abre en una nueva pesta\u00f1a)\">https:\/\/miguelorenteautopsia.wordpress.com\/2021\/06\/15\/violencia-vicaria\/<\/a><\/em><\/p>\n<h2><strong><em>\u00a0<\/em>El concepto vicario<\/strong><\/h2>\n<p><img loading=\"lazy\" decoding=\"async\" class=\"alignleft wp-image-14270 \" src=\"http:\/\/adopcionpuntodeencuentro.com\/web\/wp-content\/uploads\/Imagen-de-Gerd-Altmann-en-Pixabay-marco-1024x681.png\" alt=\"\" width=\"705\" height=\"469\" srcset=\"https:\/\/adopcionpuntodeencuentro.com\/web\/wp-content\/uploads\/Imagen-de-Gerd-Altmann-en-Pixabay-marco-1024x681.png 1024w, https:\/\/adopcionpuntodeencuentro.com\/web\/wp-content\/uploads\/Imagen-de-Gerd-Altmann-en-Pixabay-marco-450x299.png 450w, https:\/\/adopcionpuntodeencuentro.com\/web\/wp-content\/uploads\/Imagen-de-Gerd-Altmann-en-Pixabay-marco-150x100.png 150w, https:\/\/adopcionpuntodeencuentro.com\/web\/wp-content\/uploads\/Imagen-de-Gerd-Altmann-en-Pixabay-marco-768x511.png 768w, https:\/\/adopcionpuntodeencuentro.com\/web\/wp-content\/uploads\/Imagen-de-Gerd-Altmann-en-Pixabay-marco.png 1280w\" sizes=\"(max-width: 705px) 100vw, 705px\" \/>Hace referencia a la sustituci\u00f3n de un individuo por otro en el ejercicio de una funci\u00f3n, y<strong> el termino de violencia vicaria lo acu\u00f1\u00f3 la psic\u00f3loga cl\u00ednica <a href=\"https:\/\/www.soniavaccaro.com\/\" target=\"_blank\" rel=\"noopener\">Sonia Vaccaro<\/a> <\/strong>hace casi una d\u00e9cada, cuando analizaba un tipo de violencia que sol\u00eda producirse con mas intensidad tras la separaci\u00f3n. La violencia vicaria en violencia de g\u00e9nero es una escalada en un largo proceso de violencia, que puede incluir la violencia f\u00edsica, econ\u00f3mica y siempre la psicol\u00f3gica o de control, porque<strong> control es la palabra clave<\/strong>.<strong> Es una violencia instrumental que consiste en utilizar a l@s hij@s para infligir dolor, un dolor extremo, y control hacia las madres, y no es una violencia aislada sino la culminaci\u00f3n de un proceso de control y maltrato que sufren muchas mujeres.<\/strong> Para ejercer esta violencia el padre deshumaniza a los hijos, les quita la categor\u00eda de personas y los pone en la categor\u00eda de objeto (los cosifica), de instrumento con el que da\u00f1ar a la madre, vulnera y menoscaba su integridad f\u00edsica o psicol\u00f3gica, en una violencia que causa dolor extremo a la madre, mayor que si la da\u00f1ara a ella directamente, que despierta en ella sufrimiento, dolor y sensaci\u00f3n de culpa por no poder proteger a sus hij@s, sobre todo en el caso mas extremo de la violencia vicaria, el asesinato, cuyo dolor durar\u00e1 toda la vida.<\/p>\n<p>En el momento de la separaci\u00f3n el maltratador pierde el control y el poder sobre su pareja, ya no tiene derechos sobre la mujer o forma de seguir maltrat\u00e1ndola, pero conserva el poder sobre l@s hij@s a l@s que desde ese momento transforma en objetos para continuar el maltrato y la violencia. Por eso la importancia que tiene que la justicia y las instituciones no les dejen esa puerta abierta para que sigan en contacto con la victima y haci\u00e9ndole da\u00f1o, y una manera de cerrarles la puerta es que las instituciones y la sociedad entienda que <strong>un maltratador no es un buen padre, <\/strong>por el fuerte impacto quela violencia de g\u00e9nero tiene en el rol materno, y en todas las \u00e1reas de la vida de las mujeres. La violencia de g\u00e9nero afecta no s\u00f3lo a las mujeres, sino tambi\u00e9n a sus hij@s. La mujer que vive una situaci\u00f3n de maltrato est\u00e1, para garantizar su supervivencia, en un permanente estado de hipervigilancia y toda su energ\u00eda est\u00e1 puesta en el intento de anticipar posibles ataques. Vive instalada en el miedo y la angustia, se siente aislada y desamparada y el estr\u00e9s y el agotamiento que esto les genera son obst\u00e1culos a la hora de brindarles a sus hij@s el cuidado, protecci\u00f3n y atenci\u00f3n que necesitan. El maltratador destruye su autoestima con continuas desvalorizaciones, descalificaciones y humillaciones que denigran su rol como madre. No tienen libertad, fuerza ni autonom\u00eda para ejercer plenamente su maternidad. Yo siempre he pensado que <strong>l@s hij@s de estas madres son doblemente victimas: son v\u00edctimas de la violencia de g\u00e9nero que viven en sus hogares y, al mismo tiempo, son v\u00edctimas porque quien se ocupa de ellos es una madre v\u00edctima de violencia, que tiene sobre s\u00ed misma el deterioro y el da\u00f1o que esto causa, lo que le dificulta ejercer adecuadamente su rol marental.<\/strong> Esto genera en l@s ni\u00f1@s sensaci\u00f3n de desprotecci\u00f3n, ven alterada su visi\u00f3n del mundo, de los v\u00ednculos entre las personas y de la familia y esto puede afectar la relaci\u00f3n que tienen con sus pares, con otros adultos y tener efectos negativos en su salud y en su capacidad de aprendizaje. L@s ni\u00f1@s que viven en hogares donde existe la violencia de g\u00e9nero, est\u00e1n en una situaci\u00f3n de alarma permanente, porque la amenaza es constante. <strong>Por esta raz\u00f3n, al igual que las madres, desarrollan procesos de control del entorno, con la esperanza de predecir lo que va a ocurrir y poder defenderse, y en otros casos, por el contrario, pierden completamente el control: dejan de percibir el riesgo, porque no asocian la causa con el efecto.<\/strong> Son los casos de abusos de sustancias, conductas de riesgo&#8230;<\/p>\n<p>Es muy importante reconocer las dificultades con las que se encuentran las mujeres v\u00edctimas de violencia de g\u00e9nero en su desempe\u00f1o como madres, no juzgarlas ni descalificarlas. La sociedad debe impedir que la estructura patriarcal, los mandatos sociales y los mitos en torno al \u201cideal de madre\u201d y el papel de las mujeres en la familia tradicional refuerzan estas situaciones. Nuestra sociedad debe desterrar el mito de que \u201cpase lo que pase\u201d las mujeres sean buenas madres, protectoras, atentas y cuidadosas con sus hij@s, como si<strong> la violencia no afectara tambi\u00e9n la capacidad de maternaje.<\/strong> El impacto de la violencia de g\u00e9nero en el rol materno debe ser visibilizado. Es necesario para que las mujeres reconquisten la confianza y, desde un v\u00ednculo de protecci\u00f3n y cuidado con sus hij@s, transitar juntos el proceso de recuperaci\u00f3n.<\/p>\n<p><b>Dolores Trinidad Urizar Nieto<\/b><\/p>\n<div class='divider' > <\/div>\n<p><img loading=\"lazy\" decoding=\"async\" class=\"aligncenter wp-image-13203 size-full\" src=\"http:\/\/adopcionpuntodeencuentro.com\/web\/wp-content\/uploads\/loli-urizar-biografia-loli-urizar2.jpg\" alt=\"\" width=\"1325\" height=\"486\" srcset=\"https:\/\/adopcionpuntodeencuentro.com\/web\/wp-content\/uploads\/loli-urizar-biografia-loli-urizar2.jpg 1325w, https:\/\/adopcionpuntodeencuentro.com\/web\/wp-content\/uploads\/loli-urizar-biografia-loli-urizar2-450x165.jpg 450w, https:\/\/adopcionpuntodeencuentro.com\/web\/wp-content\/uploads\/loli-urizar-biografia-loli-urizar2-1024x376.jpg 1024w, https:\/\/adopcionpuntodeencuentro.com\/web\/wp-content\/uploads\/loli-urizar-biografia-loli-urizar2-150x55.jpg 150w, https:\/\/adopcionpuntodeencuentro.com\/web\/wp-content\/uploads\/loli-urizar-biografia-loli-urizar2-768x282.jpg 768w\" sizes=\"(max-width: 1325px) 100vw, 1325px\" \/> [\/divider]\n<h2><strong>Os invitamos a leer otros art\u00edculos que atesoramos en esta web escritos por Dolores Urizar Nieto:<\/strong><\/h2>\n<blockquote class=\"wp-embedded-content\" data-secret=\"k6UCYkWvM7\"><p><a href=\"http:\/\/adopcionpuntodeencuentro.com\/web\/que-hay-detras-de-un-joven-ex-tutelad-por-dolores-urizar-nieto\/\">\u00bfQu\u00e9 hay detr\u00e1s de un@ joven ex tutelad@? Por Dolores Urizar Nieto.<\/a><\/p><\/blockquote>\n<p><iframe class=\"wp-embedded-content\" sandbox=\"allow-scripts\" security=\"restricted\" style=\"position: absolute; clip: rect(1px, 1px, 1px, 1px);\" title=\"\u00ab\u00bfQu\u00e9 hay detr\u00e1s de un@ joven ex tutelad@? Por Dolores Urizar Nieto.\u00bb \u2014 adopci\u00f3n punto de encuentro\" src=\"http:\/\/adopcionpuntodeencuentro.com\/web\/que-hay-detras-de-un-joven-ex-tutelad-por-dolores-urizar-nieto\/embed\/#?secret=k6UCYkWvM7\" data-secret=\"k6UCYkWvM7\" width=\"600\" height=\"338\" frameborder=\"0\" marginwidth=\"0\" marginheight=\"0\" scrolling=\"no\"><\/iframe><\/p>\n<p>&nbsp;<\/p>\n<blockquote class=\"wp-embedded-content\" data-secret=\"fZHmfYIcSw\"><p><a href=\"http:\/\/adopcionpuntodeencuentro.com\/web\/el-gran-secreto-de-luar-ayudando-a-los-peques-en-su-proceso-de-adopcion\/\">El gran secreto de Luar. Ayudando a los peques en su proceso de adopci\u00f3n.<\/a><\/p><\/blockquote>\n<p><iframe class=\"wp-embedded-content\" sandbox=\"allow-scripts\" security=\"restricted\" style=\"position: absolute; clip: rect(1px, 1px, 1px, 1px);\" title=\"\u00abEl gran secreto de Luar. Ayudando a los peques en su proceso de adopci\u00f3n.\u00bb \u2014 adopci\u00f3n punto de encuentro\" src=\"http:\/\/adopcionpuntodeencuentro.com\/web\/el-gran-secreto-de-luar-ayudando-a-los-peques-en-su-proceso-de-adopcion\/embed\/#?secret=fZHmfYIcSw\" data-secret=\"fZHmfYIcSw\" width=\"600\" height=\"338\" frameborder=\"0\" marginwidth=\"0\" marginheight=\"0\" scrolling=\"no\"><\/iframe><\/p>\n<p>&nbsp;<\/p>\n<p>&nbsp;<\/p>\n","protected":false},"excerpt":{"rendered":"<p>La violencia contra los hijos e hijas no se limita a acciones puntuales, ni se utiliza s\u00f3lo para producir da\u00f1o, sino que es una constante que sufren los 1.678.959 ni\u00f1os y ni\u00f1as que seg\u00fan la Macro encuesta 2019 viven en hogares donde el padre maltrata a la madre. Es una violencia instrumental que consiste en utilizar a l@s hij@s para infligir dolor, un dolor extremo, y control hacia las madres, y no es una violencia aislada sino la culminaci\u00f3n de un proceso de control y maltrato que sufren muchas mujeres.<\/p>\n","protected":false},"author":1,"featured_media":14271,"comment_status":"open","ping_status":"open","sticky":false,"template":"","format":"standard","meta":{"footnotes":""},"categories":[113,75,261,11,1,295],"tags":[49,230,221],"_links":{"self":[{"href":"https:\/\/adopcionpuntodeencuentro.com\/web\/wp-json\/wp\/v2\/posts\/14257"}],"collection":[{"href":"https:\/\/adopcionpuntodeencuentro.com\/web\/wp-json\/wp\/v2\/posts"}],"about":[{"href":"https:\/\/adopcionpuntodeencuentro.com\/web\/wp-json\/wp\/v2\/types\/post"}],"author":[{"embeddable":true,"href":"https:\/\/adopcionpuntodeencuentro.com\/web\/wp-json\/wp\/v2\/users\/1"}],"replies":[{"embeddable":true,"href":"https:\/\/adopcionpuntodeencuentro.com\/web\/wp-json\/wp\/v2\/comments?post=14257"}],"version-history":[{"count":12,"href":"https:\/\/adopcionpuntodeencuentro.com\/web\/wp-json\/wp\/v2\/posts\/14257\/revisions"}],"predecessor-version":[{"id":14292,"href":"https:\/\/adopcionpuntodeencuentro.com\/web\/wp-json\/wp\/v2\/posts\/14257\/revisions\/14292"}],"wp:featuredmedia":[{"embeddable":true,"href":"https:\/\/adopcionpuntodeencuentro.com\/web\/wp-json\/wp\/v2\/media\/14271"}],"wp:attachment":[{"href":"https:\/\/adopcionpuntodeencuentro.com\/web\/wp-json\/wp\/v2\/media?parent=14257"}],"wp:term":[{"taxonomy":"category","embeddable":true,"href":"https:\/\/adopcionpuntodeencuentro.com\/web\/wp-json\/wp\/v2\/categories?post=14257"},{"taxonomy":"post_tag","embeddable":true,"href":"https:\/\/adopcionpuntodeencuentro.com\/web\/wp-json\/wp\/v2\/tags?post=14257"}],"curies":[{"name":"wp","href":"https:\/\/api.w.org\/{rel}","templated":true}]}}