{"id":14281,"date":"2021-09-01T11:02:55","date_gmt":"2021-09-01T09:02:55","guid":{"rendered":"http:\/\/adopcionpuntodeencuentro.com\/web\/?p=14281"},"modified":"2021-09-01T11:02:55","modified_gmt":"2021-09-01T09:02:55","slug":"grupo-de-preadopcion-una-actividad-preventiva-por-montse-lapastora","status":"publish","type":"post","link":"https:\/\/adopcionpuntodeencuentro.com\/web\/grupo-de-preadopcion-una-actividad-preventiva-por-montse-lapastora\/","title":{"rendered":"Grupo de preadopci\u00f3n. Una actividad preventiva Por Montse Lapastora."},"content":{"rendered":"<p><a href=\"https:\/\/psicoveritas.com\/cursos-de-formacion\/\"><img loading=\"lazy\" decoding=\"async\" class=\"alignleft wp-image-14282\" src=\"http:\/\/adopcionpuntodeencuentro.com\/web\/wp-content\/uploads\/grupo-preadopcion.jpg\" alt=\"\" width=\"586\" height=\"824\" srcset=\"https:\/\/adopcionpuntodeencuentro.com\/web\/wp-content\/uploads\/grupo-preadopcion.jpg 768w, https:\/\/adopcionpuntodeencuentro.com\/web\/wp-content\/uploads\/grupo-preadopcion-320x450.jpg 320w, https:\/\/adopcionpuntodeencuentro.com\/web\/wp-content\/uploads\/grupo-preadopcion-546x768.jpg 546w, https:\/\/adopcionpuntodeencuentro.com\/web\/wp-content\/uploads\/grupo-preadopcion-107x150.jpg 107w\" sizes=\"(max-width: 586px) 100vw, 586px\" \/><\/a>La experiencia obtenida durante los a\u00f1os que hemos formado grupos de postadopci\u00f3n ha sido muy enriquecedora. Los miembros del mismo nos han expresado en reiteradas ocasiones que <em>\u201cojal\u00e1 hubi\u00e9ramos \u00a0podido saber todo lo que estamos\u00a0 aprendiendo ahora, antes de haber adoptado a nuestros hijos\u201d.<\/em> Hay alguna familia en el actual grupo que est\u00e1 en periodo de espera y que se siente muy satisfecha por todo lo que est\u00e1 aprendiendo.<\/p>\n<p>Todo ello nos ha animado a crear<strong><a href=\"https:\/\/psicoveritas.com\/cursos-de-formacion\/\" target=\"_blank\" rel=\"noopener\"> un grupo de preadopci\u00f3n<\/a><\/strong>. Estoy convencida de que es una actividad totalmente preventiva. Cuanta mayor preparaci\u00f3n tengan las familias sobre c\u00f3mo abordar las dificultades que puedan ir surgiendo, m\u00e1s f\u00e1cil ser\u00e1 la integraci\u00f3n del ni\u00f1o o ni\u00f1a en el n\u00facleo familiar y por lo tanto, mayor ser\u00e1 su seguridad en \u00e9l.<\/p>\n<p>Los ni\u00f1os y ni\u00f1as son simplemente eso, ni\u00f1os y ni\u00f1as, y para todos hay patrones de crianza v\u00e1lidos, pero en los infantes cuyos primeros d\u00edas, meses o a\u00f1os de vida han vivido situaciones de abandono y negligencia se dan una serie de consecuencias f\u00edsicas, emocionales y cognitivas que necesitan de algunos cuidados e intervenciones parentales diferentes. Por eso, al conocerlas, se pueden evitar actitudes inadecuadas con la consiguiente repercusi\u00f3n negativa en el desarrollo. Por ejemplo, hay padres y madres que castigan a sus hijos o hijas sin la merienda. Si castigamos con esto a un menor que haya pasado hambre y que no haya tenido sus necesidades b\u00e1sicas cubiertas, el da\u00f1o que se le hace puede ser irreparable, mientras que en un ni\u00f1o o ni\u00f1a que nunca haya pasado hambre ni negligencia, le causar\u00e1 un malestar pasajero, pero no tendr\u00e1 mayores consecuencias.<\/p>\n<p>A trav\u00e9s de este grupo se pretende crear un espacio en que los futuros padres puedan expresar sus dudas, tanto a nivel personal como de crianza adoptiva. Es frecuente que las madres y padres expresen inseguridad en su decisi\u00f3n, miedo ante su pr\u00f3xima paternidad u otros temores que fuera del grupo no se atreven a expresar<strong> \u00bfC\u00f3mo van a comentar que se sienten inseguros en su decisi\u00f3n, despu\u00e9s de todo el recorrido burocr\u00e1tico y emocional que han tenido que pasar hasta llegar a ese momento en el que su hijo o hija est\u00e1 tan cerca?<\/strong> El entorno, probablemente, no lo entender\u00eda y criticar\u00eda esas dudas, lo que no les har\u00eda ning\u00fan bien en sus emociones y sentimientos.<\/p>\n<p>En el grupo podr\u00e1n expresar estas dudas y cualquier otra, en un entorno seguro y sin temor a la cr\u00edtica, podr\u00e1n manifestar la angustia de la espera sinti\u00e9ndose comprendidos, animados, y reconfortados por los otros miembros del grupo, no se sentir\u00e1n tan solos en ese largo periodo de espera, sino que se ver\u00e1n comprendidos y apoyados.<\/p>\n<p>Por otro lado, tambi\u00e9n se abordar\u00e1n aspectos importantes relacionados con la adopci\u00f3n, ofreciendo una visi\u00f3n realista de las particularidades de las ni\u00f1as y ni\u00f1os adoptados que no todos manifiestan, pero que s\u00ed son frecuentes en los que han vivido abandono y trauma.<\/p>\n<p>La crianza adoptiva tiene unas caracter\u00edsticas espec\u00edficas que es necesario conocer, por ejemplo, <strong>\u00bfC\u00f3mo y cu\u00e1ndo hay que hablarles de adopci\u00f3n? \u00bfC\u00f3mo abordar el primer encuentro?\u00a0 \u00bfC\u00f3mo preparar a la familia extensa? \u00bfC\u00f3mo preparar su habitaci\u00f3n?<\/strong><\/p>\n<p>Todo esto, y otras muchas estrategias, ser\u00e1n abordadas y dirigidas por un profesional que guiar\u00e1 el grupo y que se sumar\u00e1 al aprendizaje generado por todos y cada uno de los miembros que lo componen.<\/p>\n<p><a href=\"http:\/\/www.mlapastora.com\/\" target=\"_blank\" rel=\"noopener\"><strong>Montse Lapastora<\/strong><\/a><\/p>\n<p>Cartel informativo: <a href=\"http:\/\/adopcionpuntodeencuentro.com\/web\/wp-content\/uploads\/2021-08-17-Grupo-preadopcion.pdf\">2021 08 17 Grupo preadopci\u00f3n<\/a><\/p>\n<p>Os recomendamos escuchar la charla entre Beatriz Alc\u00f3n (@elmonitodeale ) y la Psic\u00f3loga Cl\u00ednica y especialista en Adopci\u00f3n Montserrat Lapastora, en la que nos cuenta en que consisten los Grupos de Familias adoptivas que se realizan en su centro Psicoveritas, v\u00eda online y que funcionan como una maravillosa red de apoyo y aprendizaje.<\/p>\n<p><iframe loading=\"lazy\" title=\"YouTube video player\" src=\"https:\/\/www.youtube.com\/embed\/zoT2jRalzUI\" width=\"560\" height=\"315\" frameborder=\"0\" allowfullscreen=\"allowfullscreen\"><\/iframe><\/p>\n<p><strong>Tambi\u00e9n os invitamos a conocer m\u00e1s en profundidad\u00a0 a Montse Lapastora a trav\u00e9s de los art\u00edculos sobre adopci\u00f3n que ha escrito para Adopci\u00f3n Punto de Encuentro de cuya colaboraci\u00f3n nos sentimos especialmente orgullososos. <a href=\"http:\/\/adopcionpuntodeencuentro.com\/web\/?s=Montse+Lapastora\" target=\"_blank\" rel=\"noopener\">PINCHA AQU\u00cd.<\/a><\/strong><\/p>\n<div class='divider' > <\/div>\n<p><img loading=\"lazy\" decoding=\"async\" class=\"aligncenter wp-image-14002 size-full\" src=\"http:\/\/adopcionpuntodeencuentro.com\/web\/wp-content\/uploads\/biografia-DE-Montse-Lapastora-2021.png\" alt=\"\" width=\"1409\" height=\"415\" srcset=\"https:\/\/adopcionpuntodeencuentro.com\/web\/wp-content\/uploads\/biografia-DE-Montse-Lapastora-2021.png 1409w, https:\/\/adopcionpuntodeencuentro.com\/web\/wp-content\/uploads\/biografia-DE-Montse-Lapastora-2021-450x133.png 450w, https:\/\/adopcionpuntodeencuentro.com\/web\/wp-content\/uploads\/biografia-DE-Montse-Lapastora-2021-1024x302.png 1024w, https:\/\/adopcionpuntodeencuentro.com\/web\/wp-content\/uploads\/biografia-DE-Montse-Lapastora-2021-150x44.png 150w, https:\/\/adopcionpuntodeencuentro.com\/web\/wp-content\/uploads\/biografia-DE-Montse-Lapastora-2021-768x226.png 768w\" sizes=\"(max-width: 1409px) 100vw, 1409px\" \/><\/p>\n","protected":false},"excerpt":{"rendered":"<p>Montse Lapastora nos habla de la necesidad y la motivaci\u00f3n por la que ha creado con su equipo de Psicov\u00e9ritas un grupo de preadopci\u00f3n , \u00abCuanta mayor preparaci\u00f3n tengan las familias sobre c\u00f3mo abordar las dificultades que puedan ir surgiendo, m\u00e1s f\u00e1cil ser\u00e1 la integraci\u00f3n del ni\u00f1o o ni\u00f1a en el n\u00facleo familiar y por lo tanto, mayor ser\u00e1 su seguridad en \u00e9l.\u00bb<\/p>\n","protected":false},"author":1,"featured_media":14285,"comment_status":"open","ping_status":"open","sticky":false,"template":"","format":"standard","meta":{"footnotes":""},"categories":[3,8,113,75,147,1,12],"tags":[27,38,230,55,20,16,79],"_links":{"self":[{"href":"https:\/\/adopcionpuntodeencuentro.com\/web\/wp-json\/wp\/v2\/posts\/14281"}],"collection":[{"href":"https:\/\/adopcionpuntodeencuentro.com\/web\/wp-json\/wp\/v2\/posts"}],"about":[{"href":"https:\/\/adopcionpuntodeencuentro.com\/web\/wp-json\/wp\/v2\/types\/post"}],"author":[{"embeddable":true,"href":"https:\/\/adopcionpuntodeencuentro.com\/web\/wp-json\/wp\/v2\/users\/1"}],"replies":[{"embeddable":true,"href":"https:\/\/adopcionpuntodeencuentro.com\/web\/wp-json\/wp\/v2\/comments?post=14281"}],"version-history":[{"count":2,"href":"https:\/\/adopcionpuntodeencuentro.com\/web\/wp-json\/wp\/v2\/posts\/14281\/revisions"}],"predecessor-version":[{"id":14287,"href":"https:\/\/adopcionpuntodeencuentro.com\/web\/wp-json\/wp\/v2\/posts\/14281\/revisions\/14287"}],"wp:featuredmedia":[{"embeddable":true,"href":"https:\/\/adopcionpuntodeencuentro.com\/web\/wp-json\/wp\/v2\/media\/14285"}],"wp:attachment":[{"href":"https:\/\/adopcionpuntodeencuentro.com\/web\/wp-json\/wp\/v2\/media?parent=14281"}],"wp:term":[{"taxonomy":"category","embeddable":true,"href":"https:\/\/adopcionpuntodeencuentro.com\/web\/wp-json\/wp\/v2\/categories?post=14281"},{"taxonomy":"post_tag","embeddable":true,"href":"https:\/\/adopcionpuntodeencuentro.com\/web\/wp-json\/wp\/v2\/tags?post=14281"}],"curies":[{"name":"wp","href":"https:\/\/api.w.org\/{rel}","templated":true}]}}