{"id":14699,"date":"2022-01-13T09:54:12","date_gmt":"2022-01-13T08:54:12","guid":{"rendered":"http:\/\/adopcionpuntodeencuentro.com\/web\/?p=14699"},"modified":"2022-01-13T09:54:12","modified_gmt":"2022-01-13T08:54:12","slug":"preparadopcion-las-munecas-de-carla-por-loli-urizar-nieto","status":"publish","type":"post","link":"https:\/\/adopcionpuntodeencuentro.com\/web\/preparadopcion-las-munecas-de-carla-por-loli-urizar-nieto\/","title":{"rendered":"PREPARADOPCI\u00d3N. Las mu\u00f1ecas de Carla. Por Loli Urizar Nieto."},"content":{"rendered":"<p><img loading=\"lazy\" decoding=\"async\" class=\"alignleft wp-image-14705 \" src=\"http:\/\/adopcionpuntodeencuentro.com\/web\/wp-content\/uploads\/las-munecas1.jpg\" alt=\"\" width=\"603\" height=\"429\" srcset=\"https:\/\/adopcionpuntodeencuentro.com\/web\/wp-content\/uploads\/las-munecas1.jpg 834w, https:\/\/adopcionpuntodeencuentro.com\/web\/wp-content\/uploads\/las-munecas1-450x320.jpg 450w, https:\/\/adopcionpuntodeencuentro.com\/web\/wp-content\/uploads\/las-munecas1-150x107.jpg 150w, https:\/\/adopcionpuntodeencuentro.com\/web\/wp-content\/uploads\/las-munecas1-768x546.jpg 768w\" sizes=\"(max-width: 603px) 100vw, 603px\" \/><\/p>\n<p>Uno de los momentos que m\u00e1s me gusta de mi trabajo, deseado y esperado tambi\u00e9n, es cuando mis compa\u00f1eras me dicen \u201cLoli vete escribiendo un cuento para &#8230; nos han comunicado que han encontrado una familia\u201d. Ah\u00ed empieza un trabajo especifico para acompa\u00f1ar al ni\u00f1o o a la ni\u00f1a en su transici\u00f3n de una medida de protecci\u00f3n a otra. Lo primero que pienso es que nuestr@s ni\u00f1@s han sufrido situaciones de cambio, perdidas de un entorno conocido y adaptaci\u00f3n a uno nuevo desconocido, en el que la mayor\u00eda de sus estrategias de supervivencia no son funcionales, que han vivido con sentimientos de perdida, de incomprensi\u00f3n, de culpabilidad, y provocando en ellos miedo, tristeza, rabia, indefensi\u00f3n \u2026 por eso hay que acompa\u00f1ar esta nueva transici\u00f3n acompa\u00f1ando sus sentimientos y emociones, explicaciones que les permitan afrontarla no como una nueva perdida\/abandono sino con sentimiento de continuidad.<\/p>\n<p>El cuento lo escribo con la ayuda de todo el equipo de Educador@s que me trasladan la informaci\u00f3n sobre las aficiones, intereses, personas significativas, momentos\u2026 Una vez empiezo el trabajo especifico son esos Educadores o Educadoras quienes, durante todo el proceso tambi\u00e9n acompa\u00f1an desde la cotidianidad, de una manera sensible y en especial estado de alerta para detectar cualquier se\u00f1al que indique un estado de sufrimiento emoci\u00f3n o desregulaci\u00f3n, que validaran y acompa\u00f1aran, en el\/la ni\u00f1@ y quienes me van a ir devolviendo el feedback para ajustar el proceso de transici\u00f3n. Todo el proceso de acompa\u00f1amiento se hace teniendo en cuenta los ritmos y cuidados que la\/el ni\u00f1@ necesita en este momento vital.<\/p>\n<p>Cada ni\u00f1@ es unic@ y por eso el cuento con el que trabajar su proceso tambi\u00e9n. La ni\u00f1a para la que escrib\u00ed \u201cLas mu\u00f1ecas de Carla\u201d ten\u00eda una mejor amiga que se llamaba igual que ella pero sin \u201ch\u201d (el nombre Elena\/Helena es ficticio) y por eso la inclu\u00ed para poder trabajar con ella lo que significa vivir en una familia.\u00a0 Ella hab\u00eda estado siempre en Centros de Acogimiento Residencial, hab\u00eda sufrido una adopci\u00f3n fallida y hab\u00eda que integrar en su historia que ella no hab\u00eda sido la \u201cculpable\u201d de ese fracaso sino la victima, y por otro lado hacerla sentir que las personas que hab\u00edamos cuidado de ella hasta ese momento \u00edbamos a seguir estando disponibles para ella y asegur\u00e1ndonos de que ella iba a estar cuidada y querida como necesitaba.<\/p>\n<p><img loading=\"lazy\" decoding=\"async\" class=\"alignleft wp-image-14706 \" src=\"http:\/\/adopcionpuntodeencuentro.com\/web\/wp-content\/uploads\/las-munecas2.jpg\" alt=\"\" width=\"607\" height=\"431\" srcset=\"https:\/\/adopcionpuntodeencuentro.com\/web\/wp-content\/uploads\/las-munecas2.jpg 951w, https:\/\/adopcionpuntodeencuentro.com\/web\/wp-content\/uploads\/las-munecas2-450x320.jpg 450w, https:\/\/adopcionpuntodeencuentro.com\/web\/wp-content\/uploads\/las-munecas2-150x107.jpg 150w, https:\/\/adopcionpuntodeencuentro.com\/web\/wp-content\/uploads\/las-munecas2-768x546.jpg 768w\" sizes=\"(max-width: 607px) 100vw, 607px\" \/>El cuento es una herramienta base que nos permite hacer diferentes actividades. En este caso con unos mu\u00f1equitos de madera hicimos una familia, los pintamos con rotuladores y luego los pusimos en una caja para guardarlos pues no pod\u00edan ser los pap\u00e1s de Elena; tambi\u00e9n decoramos unos mu\u00f1ecos de trapo que le hice y con los que jugamos en la casita que hay en la sala, a los que les ense\u00f1amos algunas canciones y coreograf\u00edas de su cantante favorita y les hablamos de sus aficiones, lo que le gustaba y lo que no, lo que le daba miedo y lo que le divert\u00eda, sus sue\u00f1os y deseos\u2026 Fue un ensayo \u201cgeneral\u201d para el d\u00eda en que empezara a tener contacto con sus padres.<\/p>\n<p>Para finalizar quiero incorporar un texto que aparece en el \u201cProtocolo de transici\u00f3n de acogimiento familiar o residencial a adopci\u00f3n\u201d que la Federaci\u00f3n Coordinadora de Asociaciones de Adopci\u00f3n y Acogimiento (CORA) y la Asociaci\u00f3n Estatal de Acogimiento Familiar (ASEAF) han elaborado, y que pod\u00e9is descargar en <a href=\"http:\/\/www.coraenlared.org\">www.coraenlared.org<\/a>, y que da sentido a mi trabajo de acompa\u00f1amiento:<\/p>\n<p>\u201c\u2026 E<em>l impacto del proceso de transici\u00f3n es mucho mayor para la NNA debido a su edad, a su\u00a0<\/em><em>inmadurez y a que es un sujeto pasivo que se ve obligado a asumir un nuevo cambio que le viene impuesto y que no siempre entiende ni quiere. Que dicho cambio constituye un\u00a0<\/em><em>eslab\u00f3n fundamental en la vida de la NNA, se debe trabajar propiciando el sentido y la integraci\u00f3n en su historia de vida, favoreciendo que la separaci\u00f3n sea vivida como un paso adelante, como un cambio que puedan entender y que, en ning\u00fan caso, lo sientan como una ruptura, como un nuevo abandono.\u201d<\/em><\/p>\n<p><img loading=\"lazy\" decoding=\"async\" class=\"wp-image-14672 size-medium alignleft\" src=\"http:\/\/adopcionpuntodeencuentro.com\/web\/wp-content\/uploads\/LOGOPREPARADOPCION-450x125.jpg\" alt=\"\" width=\"450\" height=\"125\" srcset=\"https:\/\/adopcionpuntodeencuentro.com\/web\/wp-content\/uploads\/LOGOPREPARADOPCION-450x125.jpg 450w, https:\/\/adopcionpuntodeencuentro.com\/web\/wp-content\/uploads\/LOGOPREPARADOPCION-1024x285.jpg 1024w, https:\/\/adopcionpuntodeencuentro.com\/web\/wp-content\/uploads\/LOGOPREPARADOPCION-150x42.jpg 150w, https:\/\/adopcionpuntodeencuentro.com\/web\/wp-content\/uploads\/LOGOPREPARADOPCION-768x214.jpg 768w, https:\/\/adopcionpuntodeencuentro.com\/web\/wp-content\/uploads\/LOGOPREPARADOPCION-1536x428.jpg 1536w, https:\/\/adopcionpuntodeencuentro.com\/web\/wp-content\/uploads\/LOGOPREPARADOPCION.jpg 2014w\" sizes=\"(max-width: 450px) 100vw, 450px\" \/><\/p>\n<h4><\/h4>\n<h5>Es una secci\u00f3n donde se recogen herramientas, experiencias e instrumentos en los que podr\u00e1n apoyarse los profesionales para que puedan preparar tanto al ni\u00f1o o ni\u00f1a como a los futuros padres para la adopci\u00f3n. Ya que han de ser \u00a0instruidos y capacitados para ser adoptados y ser adoptantes. Ni\u00f1os, ni\u00f1as y padres y madres.<\/h5>\n<div class='divider' > <\/div>\n<p><strong><a href=\"http:\/\/adopcionpuntodeencuentro.com\/web\/wp-content\/uploads\/Las-munecas-de-Carla-de-Loli-Urizar.pdf.pdf\" target=\"_blank\" rel=\"noopener\"><img loading=\"lazy\" decoding=\"async\" class=\"alignleft size-thumbnail wp-image-14705\" src=\"http:\/\/adopcionpuntodeencuentro.com\/web\/wp-content\/uploads\/las-munecas1-150x107.jpg\" alt=\"\" width=\"150\" height=\"107\" srcset=\"https:\/\/adopcionpuntodeencuentro.com\/web\/wp-content\/uploads\/las-munecas1-150x107.jpg 150w, https:\/\/adopcionpuntodeencuentro.com\/web\/wp-content\/uploads\/las-munecas1-450x320.jpg 450w, https:\/\/adopcionpuntodeencuentro.com\/web\/wp-content\/uploads\/las-munecas1-768x546.jpg 768w, https:\/\/adopcionpuntodeencuentro.com\/web\/wp-content\/uploads\/las-munecas1.jpg 834w\" sizes=\"(max-width: 150px) 100vw, 150px\" \/><\/a><\/strong><\/p>\n<p>&nbsp;<\/p>\n<p><strong><a href=\"http:\/\/adopcionpuntodeencuentro.com\/web\/wp-content\/uploads\/Las-munecas-de-Carla-de-Loli-Urizar.pdf.pdf\" target=\"_blank\" rel=\"noopener\">Las mu\u00f1ecas de Carla de Loli Urizar. PDF<\/a><\/strong><\/p>\n<p>&nbsp;<\/p>\n<p>&nbsp;<\/p>\n<p><img loading=\"lazy\" decoding=\"async\" class=\" wp-image-12755 alignleft\" src=\"http:\/\/adopcionpuntodeencuentro.com\/web\/wp-content\/uploads\/caratula-luar-150x150.png\" alt=\"\" width=\"118\" height=\"118\" srcset=\"https:\/\/adopcionpuntodeencuentro.com\/web\/wp-content\/uploads\/caratula-luar-150x150.png 150w, https:\/\/adopcionpuntodeencuentro.com\/web\/wp-content\/uploads\/caratula-luar-450x447.png 450w, https:\/\/adopcionpuntodeencuentro.com\/web\/wp-content\/uploads\/caratula-luar-773x768.png 773w, https:\/\/adopcionpuntodeencuentro.com\/web\/wp-content\/uploads\/caratula-luar-768x763.png 768w, https:\/\/adopcionpuntodeencuentro.com\/web\/wp-content\/uploads\/caratula-luar-320x320.png 320w, https:\/\/adopcionpuntodeencuentro.com\/web\/wp-content\/uploads\/caratula-luar-80x80.png 80w, https:\/\/adopcionpuntodeencuentro.com\/web\/wp-content\/uploads\/caratula-luar-380x380.png 380w, https:\/\/adopcionpuntodeencuentro.com\/web\/wp-content\/uploads\/caratula-luar-67x67.png 67w, https:\/\/adopcionpuntodeencuentro.com\/web\/wp-content\/uploads\/caratula-luar.png 1275w\" sizes=\"(max-width: 118px) 100vw, 118px\" \/><\/p>\n<p>De Loli Urizar tambi\u00e9n os recomendamos <a href=\"http:\/\/adopcionpuntodeencuentro.com\/web\/el-gran-secreto-de-luar-ayudando-a-los-peques-en-su-proceso-de-adopcion\/\" target=\"_blank\" rel=\"noopener\">El gran secreto de Luar. Ayudando a los peques en su proceso de adopci\u00f3n.\u00a0<\/a>Un recurso para ayudar y\u00a0 apoyar ni\u00f1os\/as peque\u00f1os en la transici\u00f3n de un centro de menores a una familia adoptiva.<\/p>\n<p>&nbsp;<\/p>\n<div class='divider' > <\/div><img loading=\"lazy\" decoding=\"async\" class=\"aligncenter wp-image-14703 size-full\" src=\"http:\/\/adopcionpuntodeencuentro.com\/web\/wp-content\/uploads\/loli-urizar-biografia2022.jpg\" alt=\"\" width=\"1325\" height=\"528\" srcset=\"https:\/\/adopcionpuntodeencuentro.com\/web\/wp-content\/uploads\/loli-urizar-biografia2022.jpg 1325w, https:\/\/adopcionpuntodeencuentro.com\/web\/wp-content\/uploads\/loli-urizar-biografia2022-450x179.jpg 450w, https:\/\/adopcionpuntodeencuentro.com\/web\/wp-content\/uploads\/loli-urizar-biografia2022-1024x408.jpg 1024w, https:\/\/adopcionpuntodeencuentro.com\/web\/wp-content\/uploads\/loli-urizar-biografia2022-150x60.jpg 150w, https:\/\/adopcionpuntodeencuentro.com\/web\/wp-content\/uploads\/loli-urizar-biografia2022-768x306.jpg 768w\" sizes=\"(max-width: 1325px) 100vw, 1325px\" \/><\/p>\n<p>&nbsp;<\/p>\n<p>&nbsp;<\/p>\n","protected":false},"excerpt":{"rendered":"<p>Nuestros ni\u00f1os y ni\u00f1as han sufrido situaciones de cambio, perdidas de un entorno conocido y adaptaci\u00f3n a uno nuevo desconocido, en el que la mayor\u00eda de sus estrategias de supervivencia no son funcionales, que han vivido con sentimientos de perdida, de incomprensi\u00f3n, de culpabilidad, y provocando en ellos miedo, tristeza, rabia, indefensi\u00f3n \u2026 por eso hay que acompa\u00f1ar esta nueva transici\u00f3n acompa\u00f1ando sus sentimientos y emociones, con explicaciones que les permitan afrontarla no como una nueva perdida\/abandono sino con sentimiento de continuidad.<\/p>\n","protected":false},"author":1,"featured_media":14711,"comment_status":"open","ping_status":"open","sticky":false,"template":"","format":"standard","meta":{"footnotes":""},"categories":[113,75,325,327,1],"tags":[],"_links":{"self":[{"href":"https:\/\/adopcionpuntodeencuentro.com\/web\/wp-json\/wp\/v2\/posts\/14699"}],"collection":[{"href":"https:\/\/adopcionpuntodeencuentro.com\/web\/wp-json\/wp\/v2\/posts"}],"about":[{"href":"https:\/\/adopcionpuntodeencuentro.com\/web\/wp-json\/wp\/v2\/types\/post"}],"author":[{"embeddable":true,"href":"https:\/\/adopcionpuntodeencuentro.com\/web\/wp-json\/wp\/v2\/users\/1"}],"replies":[{"embeddable":true,"href":"https:\/\/adopcionpuntodeencuentro.com\/web\/wp-json\/wp\/v2\/comments?post=14699"}],"version-history":[{"count":9,"href":"https:\/\/adopcionpuntodeencuentro.com\/web\/wp-json\/wp\/v2\/posts\/14699\/revisions"}],"predecessor-version":[{"id":14729,"href":"https:\/\/adopcionpuntodeencuentro.com\/web\/wp-json\/wp\/v2\/posts\/14699\/revisions\/14729"}],"wp:featuredmedia":[{"embeddable":true,"href":"https:\/\/adopcionpuntodeencuentro.com\/web\/wp-json\/wp\/v2\/media\/14711"}],"wp:attachment":[{"href":"https:\/\/adopcionpuntodeencuentro.com\/web\/wp-json\/wp\/v2\/media?parent=14699"}],"wp:term":[{"taxonomy":"category","embeddable":true,"href":"https:\/\/adopcionpuntodeencuentro.com\/web\/wp-json\/wp\/v2\/categories?post=14699"},{"taxonomy":"post_tag","embeddable":true,"href":"https:\/\/adopcionpuntodeencuentro.com\/web\/wp-json\/wp\/v2\/tags?post=14699"}],"curies":[{"name":"wp","href":"https:\/\/api.w.org\/{rel}","templated":true}]}}