{"id":14817,"date":"2022-01-28T09:41:36","date_gmt":"2022-01-28T08:41:36","guid":{"rendered":"https:\/\/adopcionpuntodeencuentro.com\/web\/?p=14817"},"modified":"2022-01-28T09:41:36","modified_gmt":"2022-01-28T08:41:36","slug":"adopcine-con-jose-ignacio-diaz-carvajal-los-chicos-de-diciembre","status":"publish","type":"post","link":"https:\/\/adopcionpuntodeencuentro.com\/web\/adopcine-con-jose-ignacio-diaz-carvajal-los-chicos-de-diciembre\/","title":{"rendered":"ADOPCINE con Jos\u00e9 Ignacio D\u00edaz Carvajal. Los chicos de diciembre."},"content":{"rendered":"<p>Los chicos de diciembre, es una pel\u00edcula australiana de 2007, con un Daniel Radcliffe ni\u00f1o, entre los protagonistas.<\/p>\n<p>Trata de unas vacaciones de cuatro amigos de un orfanato, que va a poder terminar en la adopci\u00f3n de uno de ellos. Y conocen a la posible familia, y entran en una cantidad de dudas y contradicciones, y en una competencia, que desvirt\u00faa su amistad y el propio sentido de aquellas vacaciones por su cumplea\u00f1os en diciembre.<\/p>\n<p>Es una pel\u00edcula que refleja muchas de las situaciones que se dan en ni\u00f1os mayores institucionalizados, y su dificultad para ser adoptados o acogidos. Y c\u00f3mo forman entre ellos una verdadera familia. (En este caso)<\/p>\n<p>Una pel\u00edcula que merece verse, por nuestros temas de adopci\u00f3n, aunque fue una pel\u00edcula menor que pas\u00f3 desapercibida.<\/p>\n<p><strong><img loading=\"lazy\" decoding=\"async\" class=\"wp-image-14546 size-medium alignleft\" src=\"http:\/\/adopcionpuntodeencuentro.com\/web\/wp-content\/uploads\/logo-new-1-450x224.png\" alt=\"\" width=\"450\" height=\"224\" srcset=\"https:\/\/adopcionpuntodeencuentro.com\/web\/wp-content\/uploads\/logo-new-1-450x224.png 450w, https:\/\/adopcionpuntodeencuentro.com\/web\/wp-content\/uploads\/logo-new-1-150x75.png 150w, https:\/\/adopcionpuntodeencuentro.com\/web\/wp-content\/uploads\/logo-new-1-768x382.png 768w, https:\/\/adopcionpuntodeencuentro.com\/web\/wp-content\/uploads\/logo-new-1.png 954w\" sizes=\"(max-width: 450px) 100vw, 450px\" \/><\/strong><\/p>\n<p>&nbsp;<\/p>\n<p>&nbsp;<\/p>\n<p><strong>Es el cine desde la mirada adoptiva.\u00a0Secci\u00f3n dirigida por\u00a0<a style=\"font-weight: bold;\" title=\"JIgnacio biograf\u00eda\" href=\"http:\/\/wp.me\/p56Gk1-p9\" target=\"_blank\" rel=\"noopener noreferrer\">J.Ignacio D\u00edaz Carvajal,<\/a><b> que\u00a0 nos propone una pel\u00edcula o documental con tem\u00e1tica adoptiva\u00a0 y adem\u00e1s nos brinda una sinopsis y toda la informaci\u00f3n sobre el t\u00edtulo que nos sugiere.<\/b><\/strong><\/p>\n<h1><\/h1>\n<h1 class=\"post-title entry-title\"><span style=\"color: #ed1358;\">Los chicos de diciembre (Un verano para toda la vida) (December Boys) (2007)<\/span><\/h1>\n<p><img loading=\"lazy\" decoding=\"async\" class=\"alignleft wp-image-14818\" src=\"http:\/\/adopcionpuntodeencuentro.com\/web\/wp-content\/uploads\/los-chicos-de-diciembre-.jpeg\" alt=\"\" width=\"360\" height=\"503\" srcset=\"https:\/\/adopcionpuntodeencuentro.com\/web\/wp-content\/uploads\/los-chicos-de-diciembre-.jpeg 317w, https:\/\/adopcionpuntodeencuentro.com\/web\/wp-content\/uploads\/los-chicos-de-diciembre--107x150.jpeg 107w\" sizes=\"(max-width: 360px) 100vw, 360px\" \/>Director: Rod Hardy<br \/>\n2007<br \/>\nAustralia<br \/>\n105 minutos<\/p>\n<p>Daniel Radcliffe<\/p>\n<p>Drama<br \/>\nSinopsis: Cuatro hu\u00e9rfanos salen del orfanato durante el verano para pasar las vacaciones en un pueblo de mar. Pero el id\u00edlico plan se ver\u00e1 enturbiado por el rumor de la posible adopci\u00f3n de uno de ellos, lo que causar\u00e1 tensiones en el grupo, ya que todos anhelan formar parte de una familia. Los cuatro j\u00f3venes competir\u00e1n por ganarse el afecto de la pareja poniendo a prueba su amistad. (FILMAFFINITY)<\/p>\n<p>Valoraci\u00f3n cin\u00e9fila 6\/10<br \/>\nValoraci\u00f3n adopci\u00f3n 8\/10<\/p>\n<p>Pel\u00edcula menor (desde un punto de vista cin\u00e9filo) , y que a veces se pierde por muchos sitios. Pierde ritmo y tiene mal definidos algunos personajes,&#8230;pero para el tema que nos interesa tiene peso, pues trata de unos ni\u00f1os, amigos, que pugnan para ganarse la elecci\u00f3n de una pareja, como hijo adoptivo.<br \/>\nEsta situaci\u00f3n ser\u00eda inconcebible en nuestros sistemas de protecci\u00f3n, pues lo que se debe hacer no es que la pareja de padres elija al hijo que m\u00e1s les guste, pues esto no implica ni el mayor inter\u00e9s del menor, ni tampoco que se haya elegido bien la familia para el muchacho.<br \/>\nPor otro lado se carga del lado de los chicos una responsabilidad de gustar y de ser elegidos, intolerable, pues los que quedan excluidos viven un nuevo abandono, por parte de los que pudieron casi ser sus padres y con los que han convivido.<br \/>\nUn desastre, en cierto sentido.<br \/>\nPero por todo eso y porque refleja las problem\u00e1ticas de los ni\u00f1os mayores no adoptados, y a veces no adoptables, as\u00ed como sus esperanzas, sus desconfianzas, etc. Creo que es una pel\u00edcula que se debe ver. Y que da mucho juego si se quiere compartir con los ni\u00f1os nuestros, claro que explicando que aqu\u00ed no se va a dar eso , y que no es justo que a un ni\u00f1o se la haga sentir esa responsabilidad.<\/p>\n<p>Como curiosidad Daniel Radcliffe, en la edad que hac\u00eda de Harry Potter, haciendo de un papel dram\u00e1tico.<\/p>\n<p><iframe loading=\"lazy\" title=\"YouTube video player\" src=\"https:\/\/www.youtube.com\/embed\/6wLaSDNpVjI\" width=\"560\" height=\"315\" frameborder=\"0\" allowfullscreen=\"allowfullscreen\"><\/iframe><\/p>\n<p>Se puede encontrar en alquiler en varias plataformas e incluso en alguna es gratis si se inscriben.<\/p>\n<div class='divider' > <\/div>\n<a href=\"http:\/\/peliculasyadopcion.blogspot.com.es\/\"><img loading=\"lazy\" decoding=\"async\" class=\"aligncenter wp-image-13617 size-full\" src=\"http:\/\/adopcionpuntodeencuentro.com\/web\/wp-content\/uploads\/JOSEIGNACIOBIOGRAF\u00cdA-2021.jpg\" alt=\"\" width=\"1043\" height=\"373\" srcset=\"https:\/\/adopcionpuntodeencuentro.com\/web\/wp-content\/uploads\/JOSEIGNACIOBIOGRAF\u00cdA-2021.jpg 1043w, https:\/\/adopcionpuntodeencuentro.com\/web\/wp-content\/uploads\/JOSEIGNACIOBIOGRAF\u00cdA-2021-450x161.jpg 450w, https:\/\/adopcionpuntodeencuentro.com\/web\/wp-content\/uploads\/JOSEIGNACIOBIOGRAF\u00cdA-2021-1024x366.jpg 1024w, https:\/\/adopcionpuntodeencuentro.com\/web\/wp-content\/uploads\/JOSEIGNACIOBIOGRAF\u00cdA-2021-150x54.jpg 150w, https:\/\/adopcionpuntodeencuentro.com\/web\/wp-content\/uploads\/JOSEIGNACIOBIOGRAF\u00cdA-2021-768x275.jpg 768w\" sizes=\"(max-width: 1043px) 100vw, 1043px\" \/><\/a><\/p>\n<h3><strong>Para saber m\u00e1s sobre Jos\u00e9 Ignacio D\u00edaz Carvajal pincha en la imagen.<br \/>\n<\/strong><\/h3>\n<p>&nbsp;<\/p>\n","protected":false},"excerpt":{"rendered":"<p>Una pel\u00edcula australiana que trata de unas vacaciones de cuatro amigos de un orfanato, que va a poder terminar en la adopci\u00f3n de uno de ellos. Y que refleja muchas de las situaciones que se dan en ni\u00f1os mayores institucionalizados, y su dificultad para ser adoptados o acogidos. Y c\u00f3mo forman entre ellos una verdadera familia. (En este caso)<\/p>\n","protected":false},"author":1,"featured_media":14818,"comment_status":"open","ping_status":"open","sticky":false,"template":"","format":"standard","meta":{"footnotes":""},"categories":[86,113],"tags":[],"_links":{"self":[{"href":"https:\/\/adopcionpuntodeencuentro.com\/web\/wp-json\/wp\/v2\/posts\/14817"}],"collection":[{"href":"https:\/\/adopcionpuntodeencuentro.com\/web\/wp-json\/wp\/v2\/posts"}],"about":[{"href":"https:\/\/adopcionpuntodeencuentro.com\/web\/wp-json\/wp\/v2\/types\/post"}],"author":[{"embeddable":true,"href":"https:\/\/adopcionpuntodeencuentro.com\/web\/wp-json\/wp\/v2\/users\/1"}],"replies":[{"embeddable":true,"href":"https:\/\/adopcionpuntodeencuentro.com\/web\/wp-json\/wp\/v2\/comments?post=14817"}],"version-history":[{"count":2,"href":"https:\/\/adopcionpuntodeencuentro.com\/web\/wp-json\/wp\/v2\/posts\/14817\/revisions"}],"predecessor-version":[{"id":14820,"href":"https:\/\/adopcionpuntodeencuentro.com\/web\/wp-json\/wp\/v2\/posts\/14817\/revisions\/14820"}],"wp:featuredmedia":[{"embeddable":true,"href":"https:\/\/adopcionpuntodeencuentro.com\/web\/wp-json\/wp\/v2\/media\/14818"}],"wp:attachment":[{"href":"https:\/\/adopcionpuntodeencuentro.com\/web\/wp-json\/wp\/v2\/media?parent=14817"}],"wp:term":[{"taxonomy":"category","embeddable":true,"href":"https:\/\/adopcionpuntodeencuentro.com\/web\/wp-json\/wp\/v2\/categories?post=14817"},{"taxonomy":"post_tag","embeddable":true,"href":"https:\/\/adopcionpuntodeencuentro.com\/web\/wp-json\/wp\/v2\/tags?post=14817"}],"curies":[{"name":"wp","href":"https:\/\/api.w.org\/{rel}","templated":true}]}}