{"id":14934,"date":"2022-03-17T08:36:36","date_gmt":"2022-03-17T07:36:36","guid":{"rendered":"http:\/\/adopcionpuntodeencuentro.com\/web\/?p=14934"},"modified":"2022-03-17T08:59:19","modified_gmt":"2022-03-17T07:59:19","slug":"preparadopcion-la-importancia-de-reparar-por-amparo-sanchez-alegre","status":"publish","type":"post","link":"https:\/\/adopcionpuntodeencuentro.com\/web\/preparadopcion-la-importancia-de-reparar-por-amparo-sanchez-alegre\/","title":{"rendered":"Preparadopci\u00f3n.LA IMPORTANCIA DE \u201cREPARAR\u201d. Por Amparo S\u00e1nchez Alegre."},"content":{"rendered":"<p><img loading=\"lazy\" decoding=\"async\" class=\"alignleft wp-image-14953 \" src=\"http:\/\/adopcionpuntodeencuentro.com\/web\/wp-content\/uploads\/cartoon-gb59123700_1280-1-768x768.jpg\" alt=\"\" width=\"552\" height=\"552\" srcset=\"https:\/\/adopcionpuntodeencuentro.com\/web\/wp-content\/uploads\/cartoon-gb59123700_1280-1-768x768.jpg 768w, https:\/\/adopcionpuntodeencuentro.com\/web\/wp-content\/uploads\/cartoon-gb59123700_1280-1-450x450.jpg 450w, https:\/\/adopcionpuntodeencuentro.com\/web\/wp-content\/uploads\/cartoon-gb59123700_1280-1-150x150.jpg 150w, https:\/\/adopcionpuntodeencuentro.com\/web\/wp-content\/uploads\/cartoon-gb59123700_1280-1-320x320.jpg 320w, https:\/\/adopcionpuntodeencuentro.com\/web\/wp-content\/uploads\/cartoon-gb59123700_1280-1-80x80.jpg 80w, https:\/\/adopcionpuntodeencuentro.com\/web\/wp-content\/uploads\/cartoon-gb59123700_1280-1-380x380.jpg 380w, https:\/\/adopcionpuntodeencuentro.com\/web\/wp-content\/uploads\/cartoon-gb59123700_1280-1-67x67.jpg 67w, https:\/\/adopcionpuntodeencuentro.com\/web\/wp-content\/uploads\/cartoon-gb59123700_1280-1.jpg 1280w\" sizes=\"(max-width: 552px) 100vw, 552px\" \/>No s\u00e9 si ya has o\u00eddo decir que las familias adoptivas deber\u00edamos ser familias \u201creparadoras\u201d, terap\u00e9uticas.<\/p>\n<p>Nuestros hijos, a diferencia de un hijo biol\u00f3gico, traen experiencias vividas en su vida anterior a nosotros, por m\u00ednima que esta haya sido. Esas experiencias, les han dejado una herida profunda y es nuestra misi\u00f3n ir repar\u00e1ndolas y creando un v\u00ednculo seguro con ellos. Atendiendo sus necesidades f\u00edsicas pero, sobre todo, emocionales, generando una conexi\u00f3n que es dif\u00edcil crear desde la crianza tradicional. Por ello, deberemos aprender tambi\u00e9n de otros tipos de crianzas m\u00e1s conectivas, m\u00e1s terap\u00e9uticas, para que crezcan sanos de una manera integral.<\/p>\n<p>Cuando nosotros nos ofrecimos como familia adoptiva, hace m\u00e1s de 17 a\u00f1os, no sab\u00eda nada de todo esto, nada. Y ha sido un camino de aprendizaje, de consciencia, y sobre todo, de desaprendizaje de como cre\u00eda que las cosas ten\u00edan que ser.<\/p>\n<p>As\u00ed que, en esta preparaci\u00f3n para la adopci\u00f3n, te voy a contar porque creo que, <strong>los primeros que nos tenemos que reparar, somos nosotros<\/strong>.<\/p>\n<p>S\u00ed, nosotros. No podremos acompa\u00f1ar a nuestros hijos en este camino, si primero no lo hemos recorrido en nosotros mismos.<\/p>\n<p>\u201cTienes que digerir tu propia historia, para luego digerir la de tu hijo y ayudarle a digerir su propia historia\u00bb (de la pel\u00edcula \u201cEn buenas manos\u201d)<\/p>\n<p>F\u00edjate, nosotros adoptamos 2 hermanos y no tuvimos con ellos ni \u201cluna de miel\u201d, nos dimos cuenta bien r\u00e1pido que iba a ser m\u00e1s complicado de lo que esper\u00e1bamos.<\/p>\n<p>Ellos mostraban una conducta dif\u00edcil de manejar fruto del miedo, de que no nos conoc\u00edamos, de su cambio radical de situaci\u00f3n, hab\u00eda muchos detonadores.\u00a0Para nosotros tambi\u00e9n. Nosotros tambi\u00e9n ten\u00edamos nuestros propios disparadores.<\/p>\n<p><strong>De repente, nos descubrimos en un rol desconocido: el de padres. <\/strong><strong>Os aseguro que no es f\u00e1cil manejarlo. <\/strong><strong>Ni te reconoces a ti mismo, ni reconoces en ocasiones a tu pareja, que ya no es solo tu pareja, ahora tambi\u00e9n es padre de unos ni\u00f1os que apenas conoces.<\/strong><br \/>\nHay mucho que ir trabajando ah\u00ed.<\/p>\n<p>Hay veces que te sientes como un pollo sin cabeza.<br \/>\nConfieso tener la sensaci\u00f3n de haber hecho cosas mal y otras muy mal, para qu\u00e9 nos vamos a enga\u00f1ar. Me he disculpado ya muchas veces por ello con mis hijos.<br \/>\nTambi\u00e9n os digo: hicimos lo que pudimos, con lo que sab\u00edamos y en nuestras circunstancias.<br \/>\nSi os carg\u00e1is de culpa, tampoco va a ser una buena compa\u00f1era de viaje.<\/p>\n<p>\u00bfQu\u00e9 es lo que hice yo?<br \/>\nEmpezar a formarme: libros, charlas, escuelas, cursos, talleres, jornadas\u2026<\/p>\n<p>Buscaba remedios para los disparadores de mis hijos, para los retos que iban surgiendo en las distintas etapas de crecimiento, sin darme cuenta que, si no me pon\u00eda la mascarilla de ox\u00edgeno yo primero, como pasa en los aviones, no se la pod\u00eda poner a ellos.<br \/>\nAnte las dificultades del entorno, yo me estaba sintiendo totalmente mareada por esa falta de ox\u00edgeno.<\/p>\n<p>\u00bfQuieres saber qu\u00e9 me mareaba?<br \/>\n\u2022 Lo que yo cre\u00eda que ten\u00eda que ser la maternidad: mis creencias.<br \/>\n\u2022 Mis expectativas sobre como ten\u00edan que ir las cosas en el cole, la familia, los amigos, etc<br \/>\n\u2022 Mis duelos no resueltos de lo que ya nunca iba a ser (un hijo bio con parecido gen\u00e9tico a nosotros)<br \/>\n\u2022 Mi estilo educativo, ese con el que me hab\u00edan criado y que pensaba que ten\u00eda que funcionar.<br \/>\n\u2022 Mi estilo de apego, como reaccionaba yo ante el resto de la gente cuando hab\u00eda problemas.<br \/>\n\u2022 Mis propias heridas, esas que a\u00fan no hab\u00eda resuelto.<\/p>\n<p><img loading=\"lazy\" decoding=\"async\" class=\"alignleft wp-image-14954\" src=\"http:\/\/adopcionpuntodeencuentro.com\/web\/wp-content\/uploads\/mochila-768x768.png\" alt=\"\" width=\"572\" height=\"572\" srcset=\"https:\/\/adopcionpuntodeencuentro.com\/web\/wp-content\/uploads\/mochila-768x768.png 768w, https:\/\/adopcionpuntodeencuentro.com\/web\/wp-content\/uploads\/mochila-450x450.png 450w, https:\/\/adopcionpuntodeencuentro.com\/web\/wp-content\/uploads\/mochila-150x150.png 150w, https:\/\/adopcionpuntodeencuentro.com\/web\/wp-content\/uploads\/mochila-320x320.png 320w, https:\/\/adopcionpuntodeencuentro.com\/web\/wp-content\/uploads\/mochila-80x80.png 80w, https:\/\/adopcionpuntodeencuentro.com\/web\/wp-content\/uploads\/mochila-380x380.png 380w, https:\/\/adopcionpuntodeencuentro.com\/web\/wp-content\/uploads\/mochila-67x67.png 67w, https:\/\/adopcionpuntodeencuentro.com\/web\/wp-content\/uploads\/mochila.png 1280w\" sizes=\"(max-width: 572px) 100vw, 572px\" \/>Todo esto acaba suponiendo un peso enorme en nuestra mochila.<br \/>\nSe habla mucho en adopci\u00f3n de la mochila que traen los ni\u00f1os, pero demasiado poco de la que llevamos nosotros, con toda nuestra historia, y que tanto nos cuesta abrir, mirar y descargar.<br \/>\nMientras no la descarguemos, mal vamos a ayudarles a llevar la suya.<\/p>\n<p>\u00bfQu\u00e9 hacemos entonces?<br \/>\nCaer en la trampa de llevarlos a ellos, y solo a ellos, a terapia.<br \/>\nPonerles alguna \u201cetiqueta\u201d que solucione la papeleta, que le de una explicaci\u00f3n l\u00f3gica y admisible, especialmente en el sistema educativo, para todo aquello que pasa.<br \/>\nEllos pasan a ser los desatentos, disruptivos, hiperactivos, retadores, opositores\u2026<\/p>\n<p>Ver\u00e1s que la presi\u00f3n del entorno en este aspecto es muy fuerte, si argumentas que es por su historia previa, por la institucionalizaci\u00f3n, en resumen, por la adversidad temprana te vas a o\u00edr cosas como estas:<\/p>\n<p>\u2022 Que era muy peque\u00f1o cuando lleg\u00f3 y no se puede acordar.<br \/>\n\u2022 Que ya ha pasado mucho tiempo de aquello.<br \/>\n\u2022 Que eres una sobreprotectora.<\/p>\n<p>Es posible que ellos necesiten una valoraci\u00f3n para descartar cualquier dificultad, no ser\u00e9 yo la que diga que el amor todo lo puede, no. Hay que saber qu\u00e9 est\u00e1 pasando, hay que saber como poder ayudar, que herramientas utilizar, como repararlos en nuestro d\u00eda a d\u00eda, como ser padres terap\u00e9uticos pero, para eso, vas a tener que ir y buscar la ayuda t\u00fa, no solo mandarlos a ellos.<\/p>\n<p>Necesitan de nosotros la protecci\u00f3n y la seguridad que nunca han sentido y, para ello, nosotros tenemos que sentir esa seguridad. Sino, mal vamos.<\/p>\n<p>Necesitan que apuntalemos su autoestima, que les transmitamos lo valiosos que son.<br \/>\nSer\u00e1 m\u00e1s f\u00e1cil si t\u00fa te sientes valiosa, como familia, como persona.<\/p>\n<p>El rol de la familia extensa es otro cap\u00edtulo.<br \/>\nLas hay que se forman, que apoyan, que leen\u2026 y otras que no.<br \/>\nY hay que saber c\u00f3mo manejarlo.<br \/>\nSi nos desestabiliza como familia, no va a ser nada f\u00e1cil para ellos.<br \/>\nSi te amilanas, si te desregulas ante los comentarios de tu padre, de tu suegra, de la cu\u00f1ada que lo sabe todo, de esa prima experta&#8230;vas a tener un problema.<br \/>\nY el problema es tuyo, no de los ni\u00f1os.<br \/>\nRevisa como te sientes frente a todo esto, que lugar tienes en tu familia de origen, y que lugar van a ocupar ellos cuando lleguen.<\/p>\n<p><img loading=\"lazy\" decoding=\"async\" class=\"alignleft wp-image-14956\" src=\"http:\/\/adopcionpuntodeencuentro.com\/web\/wp-content\/uploads\/reparar01-733x768.jpg\" alt=\"\" width=\"574\" height=\"601\" srcset=\"https:\/\/adopcionpuntodeencuentro.com\/web\/wp-content\/uploads\/reparar01-733x768.jpg 733w, https:\/\/adopcionpuntodeencuentro.com\/web\/wp-content\/uploads\/reparar01-430x450.jpg 430w, https:\/\/adopcionpuntodeencuentro.com\/web\/wp-content\/uploads\/reparar01-143x150.jpg 143w, https:\/\/adopcionpuntodeencuentro.com\/web\/wp-content\/uploads\/reparar01-768x804.jpg 768w, https:\/\/adopcionpuntodeencuentro.com\/web\/wp-content\/uploads\/reparar01-1467x1536.jpg 1467w, https:\/\/adopcionpuntodeencuentro.com\/web\/wp-content\/uploads\/reparar01.jpg 1697w\" sizes=\"(max-width: 574px) 100vw, 574px\" \/>Hay veces, como me pas\u00f3 a m\u00ed, que la vida te da un revolc\u00f3n, y te obliga a mirarte y ver qu\u00e9 est\u00e1s haciendo, y c\u00f3mo. No queda otra. Te revisas s\u00ed o s\u00ed.<\/p>\n<p>A m\u00ed no me qued\u00f3 otra de tomar consciencia sobre como estaba viviendo y como quer\u00eda seguir viviendo. Qu\u00e9 quer\u00eda y pod\u00eda aportar.<br \/>\nY me toc\u00f3 repararme, como hacen los japoneses con la cer\u00e1mica (Kintsugi), para poder aportar m\u00e1s valor a mi vida, a la de mis hijos y, porque no, a la de otras personas.<\/p>\n<p>Mi experiencia, es que solo reparando en nosotros, podemos acompa\u00f1arles desde ese amor incondicional que necesitan, verlos como son, y aceptarlos as\u00ed, sin expectativa sobre como querr\u00edamos que fueran. Son \u00fanicos y distintos a nosotros.<\/p>\n<p>Llegar\u00e1 un momento, en el que tomar\u00e1 fuerza la construcci\u00f3n de su identidad, normalmente en la adolescencia. Es un momento complicado porque no se ven en nosotros, menos a\u00fan si hay diferencias raciales. Empiezan a mostrar una personalidad que, en ocasiones, choca mucho con la nuestra, y ellos necesitan reforzar esa identidad propia \u201cYo no soy como t\u00fa\u201d y ah\u00ed es donde tienes que echar el resto para demostrar que, a pesar de las diferencias, el v\u00ednculo es indestructible, que siempre vas a estar ah\u00ed. SIEMPRE. Pase lo que pase.<\/p>\n<p>Esa adolescencia suya, a veces desregulada y ca\u00f3tica, hace de espejo al adolescente que fuiste t\u00fa, y quiz\u00e1, ah\u00ed tambi\u00e9n quedaron cosas pendientes que tu propia historia que te toca trabajar ahora.<\/p>\n<p>Cuando hablo con las madres a las que acompa\u00f1o, e investigamos porque las dispara lo que las dispara de los comportamientos de sus hijos, porque se sienten como se sienten, o porque se desbordadan, siempre hay debajo un tema propio no atendido, en forma de herida, de creencia, de expectativa, de duelo\u2026<\/p>\n<p>Para m\u00ed, ha habido un cambio radical poniendo el foco en m\u00ed, tomando consciencia en mi autocuidado, en mis necesidades y qu\u00e9 hacer con ellas, en como me comunico, trabajar mi autocontrol para atenderlos en sus necesidades, que no son las mismas, pero son igual de importantes.<\/p>\n<p>Y por \u00faltimo, nos vamos a enfadar, nos vamos a equivocar, vamos a meter la pata \u00a1Claro que s\u00ed, somos humanos! Pero si la mirada es la correcta, vas a saber reparar y generar un v\u00ednculo fuerte y seguro, que es de lo que se trata.<\/p>\n<p>En mi blog<strong><a href=\"https:\/\/www.adopcionconsciente.com\/\" target=\"_blank\" rel=\"noopener\"> adopcionconsciente.com<\/a><\/strong> te puedes descargar una gu\u00eda, totalmente gratuita, de <strong>\u201cLas 10 cosas que me hubiera gustado aprender antes de adoptar\u201d.<\/strong><br \/>\nSon 10 temas en los que me parece imprescindible profundizar, preferiblemente, antes de que llegue el momento de ser familia pero, si ya has formado una familia y a\u00fan no los has mirado, todav\u00eda est\u00e1s a tiempo, cada d\u00eda tenemos una nueva oportunidad de empezar de nuevo, de mirar de nuevo, de hacer las cosas con otra mirada, hacia nosotros y hacia ellos.<br \/>\n<img loading=\"lazy\" decoding=\"async\" class=\"wp-image-14672 size-medium alignleft\" src=\"http:\/\/adopcionpuntodeencuentro.com\/web\/wp-content\/uploads\/LOGOPREPARADOPCION-450x125.jpg\" alt=\"\" width=\"450\" height=\"125\" srcset=\"https:\/\/adopcionpuntodeencuentro.com\/web\/wp-content\/uploads\/LOGOPREPARADOPCION-450x125.jpg 450w, https:\/\/adopcionpuntodeencuentro.com\/web\/wp-content\/uploads\/LOGOPREPARADOPCION-1024x285.jpg 1024w, https:\/\/adopcionpuntodeencuentro.com\/web\/wp-content\/uploads\/LOGOPREPARADOPCION-150x42.jpg 150w, https:\/\/adopcionpuntodeencuentro.com\/web\/wp-content\/uploads\/LOGOPREPARADOPCION-768x214.jpg 768w, https:\/\/adopcionpuntodeencuentro.com\/web\/wp-content\/uploads\/LOGOPREPARADOPCION-1536x428.jpg 1536w, https:\/\/adopcionpuntodeencuentro.com\/web\/wp-content\/uploads\/LOGOPREPARADOPCION.jpg 2014w\" sizes=\"(max-width: 450px) 100vw, 450px\" \/><\/p>\n<h4><\/h4>\n<h3>(PARA ADOPTANTES)<\/h3>\n<p>En esta secci\u00f3n\u00a0 se recogen herramientas, experiencias e instrumentos\u00a0 para\u00a0 prepararse\u00a0 los futuros padres para la adopci\u00f3n porque para ser adoptantes han de informarse y capacitarse.<\/p>\n<div class='divider' > <\/div>\n<p><a href=\"http:\/\/https:\/\/www.adopcionconsciente.com\/\"><img loading=\"lazy\" decoding=\"async\" class=\"aligncenter size-full wp-image-14935\" src=\"http:\/\/adopcionpuntodeencuentro.com\/web\/wp-content\/uploads\/BIOGRAFIA-AMPARO-2022.jpg\" alt=\"\" width=\"1264\" height=\"472\" srcset=\"https:\/\/adopcionpuntodeencuentro.com\/web\/wp-content\/uploads\/BIOGRAFIA-AMPARO-2022.jpg 1264w, https:\/\/adopcionpuntodeencuentro.com\/web\/wp-content\/uploads\/BIOGRAFIA-AMPARO-2022-450x168.jpg 450w, https:\/\/adopcionpuntodeencuentro.com\/web\/wp-content\/uploads\/BIOGRAFIA-AMPARO-2022-1024x382.jpg 1024w, https:\/\/adopcionpuntodeencuentro.com\/web\/wp-content\/uploads\/BIOGRAFIA-AMPARO-2022-150x56.jpg 150w, https:\/\/adopcionpuntodeencuentro.com\/web\/wp-content\/uploads\/BIOGRAFIA-AMPARO-2022-768x287.jpg 768w\" sizes=\"(max-width: 1264px) 100vw, 1264px\" \/><\/a><\/p>\n<p>&nbsp;<\/p>\n","protected":false},"excerpt":{"rendered":"<p>De repente, nos descubrimos en un rol desconocido: el de padres. Ni te reconoces a ti mismo, ni reconoces en ocasiones a tu pareja, que ya no es solo tu pareja, ahora tambi\u00e9n es padre de unos ni\u00f1os que apenas conoces. Hay mucho que ir trabajando ah\u00ed. Hay que saber qu\u00e9 est\u00e1 pasando, hay que saber c\u00f3mo poder ayudar, que herramientas utilizar, como repararlos en nuestro d\u00eda a d\u00eda, como ser padres terap\u00e9uticos.<\/p>\n","protected":false},"author":1,"featured_media":14976,"comment_status":"open","ping_status":"open","sticky":false,"template":"","format":"standard","meta":{"footnotes":""},"categories":[113,75,325,328,1],"tags":[14,230,55,20,16],"_links":{"self":[{"href":"https:\/\/adopcionpuntodeencuentro.com\/web\/wp-json\/wp\/v2\/posts\/14934"}],"collection":[{"href":"https:\/\/adopcionpuntodeencuentro.com\/web\/wp-json\/wp\/v2\/posts"}],"about":[{"href":"https:\/\/adopcionpuntodeencuentro.com\/web\/wp-json\/wp\/v2\/types\/post"}],"author":[{"embeddable":true,"href":"https:\/\/adopcionpuntodeencuentro.com\/web\/wp-json\/wp\/v2\/users\/1"}],"replies":[{"embeddable":true,"href":"https:\/\/adopcionpuntodeencuentro.com\/web\/wp-json\/wp\/v2\/comments?post=14934"}],"version-history":[{"count":8,"href":"https:\/\/adopcionpuntodeencuentro.com\/web\/wp-json\/wp\/v2\/posts\/14934\/revisions"}],"predecessor-version":[{"id":14973,"href":"https:\/\/adopcionpuntodeencuentro.com\/web\/wp-json\/wp\/v2\/posts\/14934\/revisions\/14973"}],"wp:featuredmedia":[{"embeddable":true,"href":"https:\/\/adopcionpuntodeencuentro.com\/web\/wp-json\/wp\/v2\/media\/14976"}],"wp:attachment":[{"href":"https:\/\/adopcionpuntodeencuentro.com\/web\/wp-json\/wp\/v2\/media?parent=14934"}],"wp:term":[{"taxonomy":"category","embeddable":true,"href":"https:\/\/adopcionpuntodeencuentro.com\/web\/wp-json\/wp\/v2\/categories?post=14934"},{"taxonomy":"post_tag","embeddable":true,"href":"https:\/\/adopcionpuntodeencuentro.com\/web\/wp-json\/wp\/v2\/tags?post=14934"}],"curies":[{"name":"wp","href":"https:\/\/api.w.org\/{rel}","templated":true}]}}