{"id":15180,"date":"2022-11-22T10:42:44","date_gmt":"2022-11-22T09:42:44","guid":{"rendered":"http:\/\/adopcionpuntodeencuentro.com\/web\/?p=15180"},"modified":"2022-11-22T10:42:44","modified_gmt":"2022-11-22T09:42:44","slug":"preparacion-del-tiempo-de-espera-en-los-ninos-que-van-a-ser-adoptados-por-montse-lapastora","status":"publish","type":"post","link":"https:\/\/adopcionpuntodeencuentro.com\/web\/preparacion-del-tiempo-de-espera-en-los-ninos-que-van-a-ser-adoptados-por-montse-lapastora\/","title":{"rendered":"Preparaci\u00f3n del tiempo de espera en los ni\u00f1os que van a ser adoptados. Por Montse Lapastora"},"content":{"rendered":"<p><img loading=\"lazy\" decoding=\"async\" class=\"alignleft wp-image-15184 \" src=\"http:\/\/adopcionpuntodeencuentro.com\/web\/wp-content\/uploads\/pexels-juan-pablo-serrano-arenas-8-1024x682.jpg\" alt=\"\" width=\"600\" height=\"400\" srcset=\"https:\/\/adopcionpuntodeencuentro.com\/web\/wp-content\/uploads\/pexels-juan-pablo-serrano-arenas-8-1024x682.jpg 1024w, https:\/\/adopcionpuntodeencuentro.com\/web\/wp-content\/uploads\/pexels-juan-pablo-serrano-arenas-8-450x300.jpg 450w, https:\/\/adopcionpuntodeencuentro.com\/web\/wp-content\/uploads\/pexels-juan-pablo-serrano-arenas-8-150x100.jpg 150w, https:\/\/adopcionpuntodeencuentro.com\/web\/wp-content\/uploads\/pexels-juan-pablo-serrano-arenas-8-768x512.jpg 768w, https:\/\/adopcionpuntodeencuentro.com\/web\/wp-content\/uploads\/pexels-juan-pablo-serrano-arenas-8-1536x1024.jpg 1536w, https:\/\/adopcionpuntodeencuentro.com\/web\/wp-content\/uploads\/pexels-juan-pablo-serrano-arenas-8-2048x1365.jpg 2048w\" sizes=\"(max-width: 600px) 100vw, 600px\" \/>Hasta ahora se ha dado mucho \u00e9nfasis a lo que los padres que van a adoptar un ni\u00f1o o ni\u00f1a pueden hacer o sentir en el tiempo de espera, pero poco se ha hablado de la espera de los ni\u00f1os.<br \/>\nCuando los ni\u00f1os y ni\u00f1as est\u00e1n esperando para ser adoptados, es f\u00e1cil entender la angustia o ansiedad que pueden sentir, pues lo que se les presenta, que no siempre se les ha explicado con detalle, es dejar todo su entorno, y aunque este no sea el mejor para ellos, es el suyo, es el que conocen, es su mundo conocido y eso siempre da cierta seguridad, para adentrarse en uno totalmente desconocido, que como tal generar\u00e1 inseguridad y miedo.<br \/>\nParte de la informaci\u00f3n que pueden tener, es saber que unos se\u00f1ores se les llevar\u00e1n a un lugar tambi\u00e9n desconocido. Si no se les ha informado de todo lo nuevo que van a conocer y de los cambios que van a experimentar, es l\u00f3gico entender la angustia que pueden sentir. Los cambios a todos nos generan incertidumbre, aunque sepamos que sean para mejor. Pensemos en la vulnerabilidad de estos ni\u00f1os y ni\u00f1as, que les llevan de un lado a otro sin que muchas veces se les pregunte, sin saber qu\u00e9 les va a pasar.<br \/>\nCualquier persona en esta situaci\u00f3n se sentir\u00eda vulnerable y con ansiedad, y me refiero a en personas adultas, con una personalidad hecha, con recursos para defenderse. \u00a1Ellos no tienen nada de eso!<br \/>\nVamos a ver qu\u00e9 cosas podemos hacer para que la espera no sea tan estresante.<\/p>\n<h2><strong>Beb\u00e9s de 0 a 2 a\u00f1os<\/strong><\/h2>\n<p>Si es un beb\u00e9 el que est\u00e1 en espera de ser adoptado, su cerebro estar\u00e1 en modo alerta, no sabr\u00e1 qu\u00e9 va a pasar, pero la incertidumbre estar\u00e1 grabada en su mente. Seg\u00fan Fran\u00e7oise Dolt\u00f3, una reconocida psicoanalista francesa, a los beb\u00e9s tambi\u00e9n hay que explicarles lo que va a pasar, hay que cogerles en brazos, mirarles a los ojos y decirles, por ejemplo, que pronto vendr\u00e1n sus pap\u00e1s a buscarle, que dentro de poco estar\u00e1 en una familia que le cuidar\u00e1 para siempre, que entendemos su miedo, que est\u00e9 asustado, pero que esta situaci\u00f3n pasar\u00e1 y que en un tiempo estar\u00e1 en los brazos de unos padres que siempre le querr\u00e1n.<br \/>\nCada persona que est\u00e9 con el beb\u00e9 podr\u00e1 decirle algo parecido con sus propias palabras, con su estilo personal y tendr\u00e1 que repet\u00edrselo muchas veces, no es\u00a0suficiente dec\u00edrselo solo una vez. Tanto los beb\u00e9s como los ni\u00f1os, necesitan muchas repeticiones para ir integrando la informaci\u00f3n, sea esta a nivel sensitivo, emocional, corporal o cognitivo.<\/p>\n<p>En este periodo de espera, lo ideal ser\u00eda que el cuidador siempre fuera el mismo, para que pudiera establecer un v\u00ednculo con \u00e9l, eso no solo le dar\u00eda m\u00e1s seguridad, tanto en la espera como en su vida futura, sino que el beb\u00e9 aprender\u00eda a vincular, algo que solo se aprende con la experiencia, si un beb\u00e9 no ha vinculado nunca con nadie ser\u00e1 dif\u00edcil que lo haga m\u00e1s adelante con otras personas, al menos de una forma adecuada.<\/p>\n<h2><strong>Ni\u00f1os y ni\u00f1as a partir de dos a\u00f1os<\/strong><\/h2>\n<p><img loading=\"lazy\" decoding=\"async\" class=\"alignleft wp-image-15187 \" src=\"http:\/\/adopcionpuntodeencuentro.com\/web\/wp-content\/uploads\/Imagen-de-Artur-Skoniecki-en-Pixabay-1024x682.png\" alt=\"\" width=\"602\" height=\"401\" srcset=\"https:\/\/adopcionpuntodeencuentro.com\/web\/wp-content\/uploads\/Imagen-de-Artur-Skoniecki-en-Pixabay-1024x682.png 1024w, https:\/\/adopcionpuntodeencuentro.com\/web\/wp-content\/uploads\/Imagen-de-Artur-Skoniecki-en-Pixabay-450x300.png 450w, https:\/\/adopcionpuntodeencuentro.com\/web\/wp-content\/uploads\/Imagen-de-Artur-Skoniecki-en-Pixabay-150x100.png 150w, https:\/\/adopcionpuntodeencuentro.com\/web\/wp-content\/uploads\/Imagen-de-Artur-Skoniecki-en-Pixabay-768x512.png 768w, https:\/\/adopcionpuntodeencuentro.com\/web\/wp-content\/uploads\/Imagen-de-Artur-Skoniecki-en-Pixabay.png 1280w\" sizes=\"(max-width: 602px) 100vw, 602px\" \/>En estas edades tambi\u00e9n habr\u00e1 que explicarles c\u00f3mo va a ser el proceso de adopci\u00f3n, qu\u00e9 va a pasar, c\u00f3mo se va a realizar y recurrir al pensamiento concreto de los ni\u00f1os y ni\u00f1as para que sea m\u00e1s f\u00e1cil incorporar la informaci\u00f3n.<\/p>\n<p>Por ejemplo, se les puede decir que dentro de un tiempo vendr\u00e1 a buscarle un se\u00f1or y una se\u00f1ora<\/p>\n<p>(o como sea su futura familia), que estar\u00e1n conoci\u00e9ndole durante un tiempo, que les llevar\u00e1n a pasear, a jugar, a montar en columpios, a comprar golosinas, etc. y que esos se\u00f1ores se convertir\u00e1n en sus pap\u00e1s, en su familia para siempre.<\/p>\n<p>En el centro de acogida o en la instituci\u00f3n en la que se encuentren, habr\u00e1 ni\u00f1os y ni\u00f1as que se vayan marchando con sus familias y otros que se quedar\u00e1n. A estos habr\u00e1 que\u00a0 explicarles que, si a ellos todav\u00eda no les han adoptado, <strong>no es por su culpa<\/strong>, <strong>no es porque ellos hayan hecho algo malo<\/strong>, sino que es porque todav\u00eda no han encontrado a una familia adecuada para ellos.<\/p>\n<p>Tanto en el primer caso, cuando van a ser adoptados en breve como en los que se quedan, hay que permitirles que pregunten todo lo que quieran, habr\u00e1 que escucharles, tanto en el lenguaje expl\u00edcito \u201cpor qu\u00e9 a m\u00ed no me adoptan\u201d como en el impl\u00edcito, por ejemplo, si un ni\u00f1o est\u00e1 m\u00e1s enfadado que de costumbre o empieza a hacerse pis cuando se ha ido un compa\u00f1ero, habr\u00e1 que poner palabras a ese hecho: \u201cparece que est\u00e1s triste porque se ha ido tu amigo\u201d, \u201ctengo la sensaci\u00f3n que desde que sabes que te vas a ir est\u00e1s m\u00e1s nervioso, a lo mejor es que te da miedo irte\u201d. Tanto en el caso de que el ni\u00f1o o ni\u00f1a exprese de forma expl\u00edcita o impl\u00edcita sus temores, habr\u00e1 que recogerlos, aceptarlos y validarlos y calmarles explic\u00e1ndoles lo que necesiten saber, adem\u00e1s de ir desmontando las fantas\u00edas que puedan haber elaborado respecto a su marcha o a su permanencia en el centro.<\/p>\n<p>Animarles en todos los casos a que hagan preguntas y por otro lado explicarles lo que puede pasar y lo que pueden sentir. Los ni\u00f1os y ni\u00f1as deben saber que cuando se vayan con sus pap\u00e1s, un se\u00f1or y una se\u00f1ora (o como sea su futura familia),, desconocidos para ellos, pueden sentir miedo, soledad, que no encajan con esas personas, confusi\u00f3n, alegr\u00eda, incertidumbre e inseguridad. Hay que explicarles que es normal que al principio no quieran a esos se\u00f1ores, que incluso les tengan miedo, pero que poco a poco sus sentimientos hacia ellos ir\u00e1n apareciendo, que con el paso del tiempo les querr\u00e1n, pero que no tienen que obligarse a quererles de forma repentina.<\/p>\n<p><img loading=\"lazy\" decoding=\"async\" class=\"alignleft wp-image-15189 \" src=\"http:\/\/adopcionpuntodeencuentro.com\/web\/wp-content\/uploads\/pexels-nicolas-postiglioni-1927156-1-576x768.jpg\" alt=\"\" width=\"432\" height=\"576\" srcset=\"https:\/\/adopcionpuntodeencuentro.com\/web\/wp-content\/uploads\/pexels-nicolas-postiglioni-1927156-1-576x768.jpg 576w, https:\/\/adopcionpuntodeencuentro.com\/web\/wp-content\/uploads\/pexels-nicolas-postiglioni-1927156-1-338x450.jpg 338w, https:\/\/adopcionpuntodeencuentro.com\/web\/wp-content\/uploads\/pexels-nicolas-postiglioni-1927156-1-113x150.jpg 113w, https:\/\/adopcionpuntodeencuentro.com\/web\/wp-content\/uploads\/pexels-nicolas-postiglioni-1927156-1-768x1024.jpg 768w, https:\/\/adopcionpuntodeencuentro.com\/web\/wp-content\/uploads\/pexels-nicolas-postiglioni-1927156-1-1152x1536.jpg 1152w, https:\/\/adopcionpuntodeencuentro.com\/web\/wp-content\/uploads\/pexels-nicolas-postiglioni-1927156-1-1536x2048.jpg 1536w, https:\/\/adopcionpuntodeencuentro.com\/web\/wp-content\/uploads\/pexels-nicolas-postiglioni-1927156-1-scaled.jpg 1920w\" sizes=\"(max-width: 432px) 100vw, 432px\" \/>Cuando van a salir en adopci\u00f3n es necesario explicarles todo con mucho detalle, ense\u00f1arles fotos de sus futuros pap\u00e1s, de la casa, del entorno. Ense\u00f1arles en un mapa el lugar al que van a ir, c\u00f3mo van a realizar el viaje, en coche, en tren, en avi\u00f3n, etc., qu\u00e9 cosas o costumbres importantes hay donde van a ir. L\u00f3gicamente todo esto habr\u00e1 que ir transmiti\u00e9ndolo poco a poco y seg\u00fan la capacidad de asimilaci\u00f3n del ni\u00f1o, se trata, por ejemplo, de que cuando vaya a subir a un avi\u00f3n sepa lo que es y no haga el viaje aterrorizado porque nadie le explic\u00f3 lo que era un avi\u00f3n. Recuerdo un ni\u00f1o que me cont\u00f3 que cuando subi\u00f3 al avi\u00f3n (ven\u00eda de Rusia) estuvo todo el tiempo aterrorizado porque no sab\u00eda en qu\u00e9 momento la se\u00f1ora que ven\u00eda con \u00e9l iba a quitarse el cintur\u00f3n de sus vaqueros y le iba a pegar con \u00e9l. \u00a1Algo que nosotros ni consideramos, para ellos puede ser una fuente de terror!<\/p>\n<p>Hay que explicarles lo que es una familia, lo que es una mam\u00e1 y un pap\u00e1, c\u00f3mo va a ser su familia en concreto, si est\u00e1 compuesta por una mam\u00e1 sola, si por dos mam\u00e1s, si por un pap\u00e1 y una mam\u00e1, si por dos pap\u00e1s, si hay hermanos, mascota, etc.<\/p>\n<p>Pedirle que haga dibujos de su familia futura, de c\u00f3mo se imagina cuando est\u00e9 en su casa, de que le gustar\u00eda tener, qu\u00e9 no le gustar\u00eda tener, etc. se trata de que pueda ir proyectando en un papel sus deseos, sus miedos, fortalezas, etc.<\/p>\n<p>Buscar algo que le d\u00e9 continuidad cuando se vaya, fotos de las cuidadoras, de sus amiguitos, piedrecitas u hojas de los \u00e1rboles del jard\u00edn o cercanos, m\u00fasica del lugar, grabar la voz de su cuidadora principal, algo que puedan tocar y que pertenezca a su mundo preadoptivo.<\/p>\n<p>A lo largo de todo el proceso de espera permitirles que hagan todas las preguntas que se les ocurra sobre sus padres y sobre todo lo nuevo que va a vivir, preguntarles tambi\u00e9n qu\u00e9 les gustar\u00eda que supieran sus padres de \u00e9l o ella.<\/p>\n<p>Aunque algunos ni\u00f1os no pregunten, ser\u00e1n los adultos los que den respuestas a lo que el ni\u00f1o o ni\u00f1a puede tener en su cabeza. Por ejemplo, \u201csupongo que estar\u00e1s\u00a0asustado\/a al tener que irte de aqu\u00ed\u201d, \u201cseguramente te preguntar\u00e1s c\u00f3mo ser\u00e1n esos se\u00f1ores, si te van a tratar bien\u201d, etc.<\/p>\n<p><img loading=\"lazy\" decoding=\"async\" class=\"alignleft wp-image-15186 \" src=\"http:\/\/adopcionpuntodeencuentro.com\/web\/wp-content\/uploads\/Imagen-de-Victoria-Model-en-Pixabay-1024x681.png\" alt=\"\" width=\"654\" height=\"435\" srcset=\"https:\/\/adopcionpuntodeencuentro.com\/web\/wp-content\/uploads\/Imagen-de-Victoria-Model-en-Pixabay-1024x681.png 1024w, https:\/\/adopcionpuntodeencuentro.com\/web\/wp-content\/uploads\/Imagen-de-Victoria-Model-en-Pixabay-450x299.png 450w, https:\/\/adopcionpuntodeencuentro.com\/web\/wp-content\/uploads\/Imagen-de-Victoria-Model-en-Pixabay-150x100.png 150w, https:\/\/adopcionpuntodeencuentro.com\/web\/wp-content\/uploads\/Imagen-de-Victoria-Model-en-Pixabay-768x511.png 768w, https:\/\/adopcionpuntodeencuentro.com\/web\/wp-content\/uploads\/Imagen-de-Victoria-Model-en-Pixabay.png 1280w\" sizes=\"(max-width: 654px) 100vw, 654px\" \/>Aunque los adultos demos por hecho el que van a ser bien tratados, ellos no tienen por qu\u00e9 pensar as\u00ed, puesto que su experiencia no es la nuestra, por lo tanto, transmitirle que nos hemos asegurado de que sus futuros pap\u00e1s le van a tratar bien, que nos hemos asegurado de que <strong>no le van a hacer da\u00f1o.<\/strong><\/p>\n<p>Se les puede proporcionar un cuaderno en el que vayan apuntando todas las preguntas que se les ocurran respecto a sus padres y a su futuro, responderlas y dejar en blanco las que no se sepan para que luego las vayan rellenando con las respuestas que obtengan con su nueva familia.<\/p>\n<p>Este cuaderno se lo llevar\u00e1n, junto con las cosas que hayan ido recopilando para mantener una continuidad lo mejor que se pueda. Este cuaderno tambi\u00e9n puede ser un buen regalo por si en el futuro quieren hacer su b\u00fasqueda de or\u00edgenes. Cuando son peque\u00f1os, ser\u00e1 su cuidador quien vaya escribi\u00e9ndolo todo para que tengan ese maravilloso recuerdo.<\/p>\n<p>En lo que se pueda, mantener los v\u00ednculos que haya establecido, con una cuidadora, con una mam\u00e1 de acogida, con un profesor, con un t\u00edo, con cualquiera que haya formado parte del mundo afectivo del menor, eso siempre es enriquecedor y le dar\u00e1 cierta seguridad.<\/p>\n<p>En el proceso de espera de los ni\u00f1os y ni\u00f1as que van a ser adoptados, se trata de calmar lo m\u00e1s posible toda la angustia que puedan tener cuando no saben qu\u00e9 va a pasar con ellos, se trata de aportarles la mayor seguridad posible para que se sientan libres de preguntar todo lo que les preocupe, de que expresen sus miedos de que la incertidumbre por la que necesariamente tienen que pasar se minimice.<\/p>\n<p>Repetir, como si fuera un mantra, que no son malos, que ellos no tienen la culpa de lo que est\u00e1 pasando, ni del tiempo de espera ni de nada.<\/p>\n<p><strong>Habl\u00e9mosles de lo que les va a pasar, es su vida, les pertenece y tienen derecho a saberlo.<\/strong><\/p>\n<div class='divider' > <\/div>\n<p><img loading=\"lazy\" decoding=\"async\" class=\"aligncenter wp-image-14002 size-full\" src=\"http:\/\/adopcionpuntodeencuentro.com\/web\/wp-content\/uploads\/biografia-DE-Montse-Lapastora-2021.png\" alt=\"\" width=\"1409\" height=\"415\" srcset=\"https:\/\/adopcionpuntodeencuentro.com\/web\/wp-content\/uploads\/biografia-DE-Montse-Lapastora-2021.png 1409w, https:\/\/adopcionpuntodeencuentro.com\/web\/wp-content\/uploads\/biografia-DE-Montse-Lapastora-2021-450x133.png 450w, https:\/\/adopcionpuntodeencuentro.com\/web\/wp-content\/uploads\/biografia-DE-Montse-Lapastora-2021-1024x302.png 1024w, https:\/\/adopcionpuntodeencuentro.com\/web\/wp-content\/uploads\/biografia-DE-Montse-Lapastora-2021-150x44.png 150w, https:\/\/adopcionpuntodeencuentro.com\/web\/wp-content\/uploads\/biografia-DE-Montse-Lapastora-2021-768x226.png 768w\" sizes=\"(max-width: 1409px) 100vw, 1409px\" \/><\/p>\n<p>Os invitamos a conocer m\u00e1s en profundidad\u00a0 a <a href=\"https:\/\/adopcionpuntodeencuentro.com\/web\/?s=Montse+Lapastora\" target=\"_blank\" rel=\"noopener\"><strong>Montse Lapastora<\/strong> <\/a>a trav\u00e9s de los art\u00edculos sobre adopci\u00f3n que ha escrito para Adopci\u00f3n Punto de Encuentro de cuya colaboraci\u00f3n nos sentimos especialmente orgullosos. <a href=\"https:\/\/adopcionpuntodeencuentro.com\/web\/?s=Montse+Lapastora\" target=\"_blank\" rel=\"noopener\">PINCHA AQU\u00cd.<\/a><\/p>\n<div class='divider' > <\/div>\n<p><a href=\"https:\/\/adopcionpuntodeencuentro.com\/web\/category\/preparadopcion-punto-de-encuentro\/\" target=\"_blank\" rel=\"noopener\"><img decoding=\"async\" class=\"alignleft\" src=\"http:\/\/adopcionpuntodeencuentro.com\/web\/wp-content\/uploads\/LOGOPREPARADOPCION-450x125.jpg\" \/><\/a><\/p>\n<h4><\/h4>\n<h5>Es una secci\u00f3n donde se recogen herramientas, experiencias e instrumentos en los que podr\u00e1n apoyarse los profesionales para que puedan preparar tanto al ni\u00f1o o ni\u00f1a como a los futuros padres para la adopci\u00f3n. Ya que han de ser \u00a0instruidos y capacitados para ser adoptados y ser adoptantes. Ni\u00f1os, ni\u00f1as y padres y madres. <a href=\"https:\/\/adopcionpuntodeencuentro.com\/web\/category\/preparadopcion-punto-de-encuentro\/\" target=\"_blank\" rel=\"noopener\">\u00bfQuieres saber m\u00e1s?<\/a><\/h5>\n<p>&nbsp;<\/p>\n","protected":false},"excerpt":{"rendered":"<p>\u201cCuando los ni\u00f1os y ni\u00f1as est\u00e1n esperando para ser adoptados, es f\u00e1cil entender la angustia o ansiedad que pueden sentir al dejar todo su entorno, para adentrarse en uno totalmente desconocido, que como tal generar\u00e1 inseguridad y miedo.\u201d \u00abEn el proceso de espera de los ni\u00f1os y ni\u00f1as que van a ser adoptados, se trata de calmar lo m\u00e1s posible toda la angustia que puedan tener cuando no saben qu\u00e9 va a pasar con ellos,  de aportarles la mayor seguridad posible.\u00bb<\/p>\n","protected":false},"author":1,"featured_media":15195,"comment_status":"open","ping_status":"open","sticky":false,"template":"","format":"standard","meta":{"footnotes":""},"categories":[305,113,75,324,325,1],"tags":[27,49,72,20],"_links":{"self":[{"href":"https:\/\/adopcionpuntodeencuentro.com\/web\/wp-json\/wp\/v2\/posts\/15180"}],"collection":[{"href":"https:\/\/adopcionpuntodeencuentro.com\/web\/wp-json\/wp\/v2\/posts"}],"about":[{"href":"https:\/\/adopcionpuntodeencuentro.com\/web\/wp-json\/wp\/v2\/types\/post"}],"author":[{"embeddable":true,"href":"https:\/\/adopcionpuntodeencuentro.com\/web\/wp-json\/wp\/v2\/users\/1"}],"replies":[{"embeddable":true,"href":"https:\/\/adopcionpuntodeencuentro.com\/web\/wp-json\/wp\/v2\/comments?post=15180"}],"version-history":[{"count":11,"href":"https:\/\/adopcionpuntodeencuentro.com\/web\/wp-json\/wp\/v2\/posts\/15180\/revisions"}],"predecessor-version":[{"id":15199,"href":"https:\/\/adopcionpuntodeencuentro.com\/web\/wp-json\/wp\/v2\/posts\/15180\/revisions\/15199"}],"wp:featuredmedia":[{"embeddable":true,"href":"https:\/\/adopcionpuntodeencuentro.com\/web\/wp-json\/wp\/v2\/media\/15195"}],"wp:attachment":[{"href":"https:\/\/adopcionpuntodeencuentro.com\/web\/wp-json\/wp\/v2\/media?parent=15180"}],"wp:term":[{"taxonomy":"category","embeddable":true,"href":"https:\/\/adopcionpuntodeencuentro.com\/web\/wp-json\/wp\/v2\/categories?post=15180"},{"taxonomy":"post_tag","embeddable":true,"href":"https:\/\/adopcionpuntodeencuentro.com\/web\/wp-json\/wp\/v2\/tags?post=15180"}],"curies":[{"name":"wp","href":"https:\/\/api.w.org\/{rel}","templated":true}]}}