{"id":15201,"date":"2023-01-13T20:05:24","date_gmt":"2023-01-13T19:05:24","guid":{"rendered":"http:\/\/adopcionpuntodeencuentro.com\/web\/?p=15201"},"modified":"2023-01-13T20:07:24","modified_gmt":"2023-01-13T19:07:24","slug":"re-evolucion-consciente-por-amparo-sanchez-alegre","status":"publish","type":"post","link":"https:\/\/adopcionpuntodeencuentro.com\/web\/re-evolucion-consciente-por-amparo-sanchez-alegre\/","title":{"rendered":"RE-EVOLUCI\u00d3N CONSCIENTE. Por Amparo S\u00e1nchez Alegre."},"content":{"rendered":"<p><img loading=\"lazy\" decoding=\"async\" class=\" wp-image-15204 alignleft\" src=\"http:\/\/adopcionpuntodeencuentro.com\/web\/wp-content\/uploads\/fotor_2023-1-13_19_31_12-450x353.png\" alt=\"\" width=\"502\" height=\"394\" srcset=\"https:\/\/adopcionpuntodeencuentro.com\/web\/wp-content\/uploads\/fotor_2023-1-13_19_31_12-450x353.png 450w, https:\/\/adopcionpuntodeencuentro.com\/web\/wp-content\/uploads\/fotor_2023-1-13_19_31_12-150x118.png 150w, https:\/\/adopcionpuntodeencuentro.com\/web\/wp-content\/uploads\/fotor_2023-1-13_19_31_12.png 466w\" sizes=\"(max-width: 502px) 100vw, 502px\" \/>Ya hace casi 3 a\u00f1os que comenc\u00e9 este proyecto de <strong>Adopci\u00f3n Consciente<\/strong>.<\/p>\n<p>Empez\u00f3, al poco tiempo de estar confinados en casa, como un <strong>blog<\/strong> en el que quer\u00eda reflexionar sobre mi experiencia y mi mirada sobre la adopci\u00f3n.<\/p>\n<p><strong>Poner consciencia en esas cosas que nos pasan en el d\u00eda a d\u00eda con nuestros hijos. <\/strong><\/p>\n<p>Y tambi\u00e9n poner consciencia en las situaciones que vivimos nosotras y como nos ayudan a empatizar con las vivencias de nuestros hijos.<\/p>\n<p>Despu\u00e9s el confinamiento se alarg\u00f3\u2026<\/p>\n<p>La pandemia se alarg\u00f3\u2026<\/p>\n<p>Y a m\u00ed me diagnosticaron un c\u00e1ncer de mama que me tuvo en casa, aislada, y la vida me dio un vuelco tremendo.<\/p>\n<p>Aprovech\u00e9 el tiempo para seguir form\u00e1ndome y empec\u00e9 a hacer acompa\u00f1amientos a familias.<\/p>\n<p>Y luego vinieron las publicaciones de art\u00edculos en esta p\u00e1gina, que tanto agradezco a<a href=\"https:\/\/mercedesmoya.com\/\" target=\"_blank\" rel=\"noopener\"> Mercedes Moya<\/a> que me abriera esta ventana, y las participaciones en charlas, entrevistas y congresos sobre adopci\u00f3n.<\/p>\n<p>Toda una aventura\u2026<\/p>\n<p><strong>A d\u00eda de hoy son ya muchas las familias que he acompa\u00f1ado de una manera u otra. <\/strong><\/p>\n<p><strong>\u00a0<\/strong>Hay quien dice que la adopci\u00f3n ya no es prioritaria, que han bajado mucho las adopciones, hoy incluso he le\u00eddo que no hay ni\u00f1os para adoptar\u2026<\/p>\n<p>Ojal\u00e1\u2026<\/p>\n<p>Yo hablo con muchas familias en distintos momentos del proceso y no es eso lo que detecto:<\/p>\n<p>Los que est\u00e1n a la espera, en tr\u00e1mites, con la idoneidad&#8230;siguen con las mismas incertidumbres, y con much\u00edsima ilusi\u00f3n.\u00a0 Y con mucha necesidad de escucha, de formaci\u00f3n, de saber a qu\u00e9 atenerse.<\/p>\n<p>Luego est\u00e1n los que tienen a los ni\u00f1os peque\u00f1os y batallan con el cole, con la alta demanda de atenci\u00f3n de sus hijos, necesitan saber como crear un buen v\u00ednculo, como atender las necesidades espec\u00edficas que van surgiendo.\u00a0Y las que est\u00e1n en la pre adolescencia y en la adolescencia que son, sin duda, las etapas que m\u00e1s miedos despiertan, que m\u00e1s apoyo necesitan las familias, ser escuchadas, poder desahogarse, tener herramientas, hacer red con otras familias con las que poder hablar de lo que pasa realmente en el d\u00eda a d\u00eda y de c\u00f3mo se sienten.<\/p>\n<p>Por eso estoy muy muy feliz de haber podido cumplir un sue\u00f1o en este 2022 que acaba de terminar:<\/p>\n<p><img loading=\"lazy\" decoding=\"async\" class=\"alignleft wp-image-15206\" src=\"http:\/\/adopcionpuntodeencuentro.com\/web\/wp-content\/uploads\/fotor_2023-1-13_19_39_21.png\" alt=\"\" width=\"400\" height=\"398\" srcset=\"https:\/\/adopcionpuntodeencuentro.com\/web\/wp-content\/uploads\/fotor_2023-1-13_19_39_21.png 332w, https:\/\/adopcionpuntodeencuentro.com\/web\/wp-content\/uploads\/fotor_2023-1-13_19_39_21-150x150.png 150w, https:\/\/adopcionpuntodeencuentro.com\/web\/wp-content\/uploads\/fotor_2023-1-13_19_39_21-80x80.png 80w, https:\/\/adopcionpuntodeencuentro.com\/web\/wp-content\/uploads\/fotor_2023-1-13_19_39_21-67x67.png 67w\" sizes=\"(max-width: 400px) 100vw, 400px\" \/>He conseguido crear la <strong>Escuela de familias Adopci\u00f3n Consciente<\/strong> (E.F.A.C)<\/p>\n<p><strong>\u00a0<\/strong>Consta de 3 aulas seg\u00fan el momento vital de cada familia:<\/p>\n<p>&#8211; Aula a la espera (para familias a\u00fan en proceso de idoneidad o asignaci\u00f3n)<\/p>\n<p>&#8211; Aula de infancia (para familias con hijos hasta 12 a\u00f1os)<\/p>\n<p>&#8211; Aula de adolescencia (para familias con hijos a partir de 13 a\u00f1os)<\/p>\n<p>As\u00ed podemos tratar las necesidades espec\u00edficas de cada edad y las familias se sienten compartiendo y creando red con otras familias en situaciones similares.<\/p>\n<p>Puedes informarte aqu\u00ed de todo si te resuena:<br \/>\n<a href=\"https:\/\/www.adopcionconsciente.com\/escuela-de-familias\/\" target=\"_blank\" rel=\"noopener\">https:\/\/www.adopcionconsciente.com\/escuela-de-familias\/<\/a><\/p>\n<p>Es tan importante tener una red de apoyo y poder hablar con otras familias de lo que realmente sentimos y de lo que nos pasa en el d\u00eda a d\u00eda, y tener una mirada objetiva y con experiencia sobre todo eso\u2026<strong><br \/>\n<\/strong>Y, por supuesto, se han multiplicado las publicaciones en redes sociales.<\/p>\n<p>Y el proyecto ha ido evolucionando.<\/p>\n<p>Actualmente, estoy realizando varias actividades todos los meses, lo cual supone una revoluci\u00f3n de trabajo y de creaciones, ideas, etc.<\/p>\n<p>Llevo ya varios meses con <strong>charlas online por Zoom.<\/strong><\/p>\n<p>Este mes de enero hablar\u00e9 sobre <strong>\u201cEscuela y Adopci\u00f3n\u201d,<\/strong> a las que ya me hab\u00e9is le\u00eddo, ya sab\u00e9is que opino que el cole es nuestra gran batalla, y lo conseguimos all\u00ed, se vuelve muchas veces en contra del v\u00ednculo con nuestros hijos que deber\u00eda ser nuestra \u00fanica prioridad.<\/p>\n<p>As\u00ed que vamos a ponerle consciencia y vamos a ver como gestionarlo.<\/p>\n<p><img loading=\"lazy\" decoding=\"async\" class=\"size-medium wp-image-15207 alignleft\" src=\"http:\/\/adopcionpuntodeencuentro.com\/web\/wp-content\/uploads\/Clipboard01-5-450x447.jpg\" alt=\"\" width=\"450\" height=\"447\" srcset=\"https:\/\/adopcionpuntodeencuentro.com\/web\/wp-content\/uploads\/Clipboard01-5-450x447.jpg 450w, https:\/\/adopcionpuntodeencuentro.com\/web\/wp-content\/uploads\/Clipboard01-5-150x150.jpg 150w, https:\/\/adopcionpuntodeencuentro.com\/web\/wp-content\/uploads\/Clipboard01-5-768x763.jpg 768w, https:\/\/adopcionpuntodeencuentro.com\/web\/wp-content\/uploads\/Clipboard01-5-80x80.jpg 80w, https:\/\/adopcionpuntodeencuentro.com\/web\/wp-content\/uploads\/Clipboard01-5-67x67.jpg 67w, https:\/\/adopcionpuntodeencuentro.com\/web\/wp-content\/uploads\/Clipboard01-5.jpg 773w\" sizes=\"(max-width: 450px) 100vw, 450px\" \/>Ser\u00e1 el <strong>mi\u00e9rcoles 18 de enero a las 19h<\/strong> (hora de Madrid).<\/p>\n<p>Si quieres apuntarte solo tienes que inscribirte en este enlace:<br \/>\n<a href=\"https:\/\/www.adopcionconsciente.com\/enero-23-inscripcion-charla\/\" target=\"_blank\" rel=\"noopener\">https:\/\/www.adopcionconsciente.com\/enero-23-inscripcion-charla\/<\/a><\/p>\n<p>Otra actividad que est\u00e1 funcionando desde hace unos meses, son los <strong>directos en Instagram hablando de diversos temas con personas adoptadas adultas<\/strong> que tienen tanto que ense\u00f1arnos y que tienen la generosidad de compartir desde su experiencia vital, y en este caso, tambi\u00e9n desde su experiencia profesional.<\/p>\n<p>Ten\u00e9is los directos que ya se han hecho en mi perfil <a href=\"https:\/\/www.instagram.com\/adopcionconsciente_coach\/\">https:\/\/www.instagram.com\/adopcionconsciente_coach\/\u00a0<\/a>con <strong>Beatriz Ben\u00e9itez P\u00e9rez<\/strong> y <strong>Vandita Garc\u00eda Garrido<\/strong>.<\/p>\n<p>Y os anticipo que el de este mes ser\u00e1 el <strong>mi\u00e9rcoles 25 a las 18h<\/strong> (hora de Madrid) con <strong>Irene R. Gonz\u00e1lez<\/strong> y hablaremos sobre <strong>\u201cLa construcci\u00f3n de la identidad en nuestros hijos\u201d<\/strong><\/p>\n<p>Nuestros hijos tienen que conformar su identidad en la adolescencia, la mayor\u00eda de las veces, sin espejos biol\u00f3gicos, y muchas veces, sin referentes de su raza, de su cultura\u2026<br \/>\nNos toca integrar esos referentes en nuestra vida, en nuestra familia, que es la suya, para que ellos no se sientan como extra\u00f1os en su propia casa.<\/p>\n<p>Y la \u00faltima aventura en la que me he embarcado ha sido realizar talleres con otras profesionales.<br \/>\nHemos empezado con un <strong>Taller sobre Libro de Vida<\/strong> con mi amiga <strong>Den\u00ed Rayn<\/strong> que consta de 2 sesiones de 2h cada una en las que se aprende a realizar el libro de vida para nuestros hijos, desde su nacimiento, con la informaci\u00f3n que tengamos, e ir avanzando poco a poco conforme van creciendo, o si ya son mayores, hacerlo de toda su vida hasta este momento.<\/p>\n<p>Es una bonita actividad que ayuda a crear y fortalecer el v\u00ednculo, integrando su historia y componi\u00e9ndola para que no haya quiebros.<\/p>\n<p>Tienes toda la informaci\u00f3n aqu\u00ed:<\/p>\n<p><a href=\"https:\/\/www.adopcionconsciente.com\/taller-libro-de-vida\/\" target=\"_blank\" rel=\"noopener\">www.adopcionconsciente.com\/taller-libro-de-vida\/<\/a><\/p>\n<p>&nbsp;<\/p>\n<p>Y seguimos&#8230;creando, reflexionando, concienciando, visibilizando, acompa\u00f1ando&#8230;<\/p>\n<p><img loading=\"lazy\" decoding=\"async\" class=\"aligncenter wp-image-15205 size-full\" src=\"http:\/\/adopcionpuntodeencuentro.com\/web\/wp-content\/uploads\/BIOGRAFIA-AMPARO-2023.jpg\" alt=\"\" width=\"1264\" height=\"472\" srcset=\"https:\/\/adopcionpuntodeencuentro.com\/web\/wp-content\/uploads\/BIOGRAFIA-AMPARO-2023.jpg 1264w, https:\/\/adopcionpuntodeencuentro.com\/web\/wp-content\/uploads\/BIOGRAFIA-AMPARO-2023-450x168.jpg 450w, https:\/\/adopcionpuntodeencuentro.com\/web\/wp-content\/uploads\/BIOGRAFIA-AMPARO-2023-1024x382.jpg 1024w, https:\/\/adopcionpuntodeencuentro.com\/web\/wp-content\/uploads\/BIOGRAFIA-AMPARO-2023-150x56.jpg 150w, https:\/\/adopcionpuntodeencuentro.com\/web\/wp-content\/uploads\/BIOGRAFIA-AMPARO-2023-768x287.jpg 768w\" sizes=\"(max-width: 1264px) 100vw, 1264px\" \/><\/p>\n","protected":false},"excerpt":{"rendered":"<p>Informaci\u00f3n sobre las diversas actividades organizadas por Amparo S\u00e1nchez Alegre algunas enfocadas a ayudar a crear y fortalecer el v\u00ednculo, con nuestros hijos \u00abintegrando su historia y componi\u00e9ndola para que no haya quiebro\u00bb otras para tratar las necesidades espec\u00edficas de cada edad y las familias se sienten compartiendo y creando red con otras familias en situaciones similares.\u00bb.<\/p>\n","protected":false},"author":1,"featured_media":15209,"comment_status":"open","ping_status":"open","sticky":false,"template":"","format":"standard","meta":{"footnotes":""},"categories":[113,147,1],"tags":[56,27,45,230,16],"_links":{"self":[{"href":"https:\/\/adopcionpuntodeencuentro.com\/web\/wp-json\/wp\/v2\/posts\/15201"}],"collection":[{"href":"https:\/\/adopcionpuntodeencuentro.com\/web\/wp-json\/wp\/v2\/posts"}],"about":[{"href":"https:\/\/adopcionpuntodeencuentro.com\/web\/wp-json\/wp\/v2\/types\/post"}],"author":[{"embeddable":true,"href":"https:\/\/adopcionpuntodeencuentro.com\/web\/wp-json\/wp\/v2\/users\/1"}],"replies":[{"embeddable":true,"href":"https:\/\/adopcionpuntodeencuentro.com\/web\/wp-json\/wp\/v2\/comments?post=15201"}],"version-history":[{"count":5,"href":"https:\/\/adopcionpuntodeencuentro.com\/web\/wp-json\/wp\/v2\/posts\/15201\/revisions"}],"predecessor-version":[{"id":15212,"href":"https:\/\/adopcionpuntodeencuentro.com\/web\/wp-json\/wp\/v2\/posts\/15201\/revisions\/15212"}],"wp:featuredmedia":[{"embeddable":true,"href":"https:\/\/adopcionpuntodeencuentro.com\/web\/wp-json\/wp\/v2\/media\/15209"}],"wp:attachment":[{"href":"https:\/\/adopcionpuntodeencuentro.com\/web\/wp-json\/wp\/v2\/media?parent=15201"}],"wp:term":[{"taxonomy":"category","embeddable":true,"href":"https:\/\/adopcionpuntodeencuentro.com\/web\/wp-json\/wp\/v2\/categories?post=15201"},{"taxonomy":"post_tag","embeddable":true,"href":"https:\/\/adopcionpuntodeencuentro.com\/web\/wp-json\/wp\/v2\/tags?post=15201"}],"curies":[{"name":"wp","href":"https:\/\/api.w.org\/{rel}","templated":true}]}}