{"id":1557,"date":"2014-12-15T19:26:36","date_gmt":"2014-12-15T18:26:36","guid":{"rendered":"http:\/\/adopcionpuntodeencuentro.com\/web\/?p=1557"},"modified":"2016-03-25T19:46:51","modified_gmt":"2016-03-25T18:46:51","slug":"conchi-martinez-vazquez-el-vaiven-controlado-de-la-resilencia","status":"publish","type":"post","link":"https:\/\/adopcionpuntodeencuentro.com\/web\/conchi-martinez-vazquez-el-vaiven-controlado-de-la-resilencia\/","title":{"rendered":"Conchi Mart\u00ednez V\u00e1zquez. El vaiv\u00e9n controlado de la resiliencia"},"content":{"rendered":"<p><strong>|<a title=\"bio Conchi\" href=\"http:\/\/adopcionpuntodeencuentro.com\/web\/conchi-martinez-vazquez-el-vaiven-controlado-de-la-resilencia\/\" target=\"_blank\">Concepcion Mart\u00ednez V\u00e1zquez<\/a>\u00a0Psic\u00f3loga Diplomada en Trauma\u00a0infantil \u00a0y psicoterapia \u00a0sist\u00e9mica por IFIV.\u00a0Pro-fesora asociada Universitat de Val\u00e8ncia.<\/strong><\/p>\n<p><a href=\"http:\/\/adopcionpuntodeencuentro.com\/web\/wp-content\/uploads\/orientaci\u00f3n-familiar-libro.jpg\"><img loading=\"lazy\" decoding=\"async\" class=\"alignleft wp-image-885 size-thumbnail\" src=\"http:\/\/adopcionpuntodeencuentro.com\/web\/wp-content\/uploads\/orientaci\u00f3n-familiar-libro-105x150.jpg\" alt=\"orientaci\u00f3n familiar libro\" width=\"105\" height=\"150\" srcset=\"https:\/\/adopcionpuntodeencuentro.com\/web\/wp-content\/uploads\/orientaci\u00f3n-familiar-libro-105x150.jpg 105w, https:\/\/adopcionpuntodeencuentro.com\/web\/wp-content\/uploads\/orientaci\u00f3n-familiar-libro-210x300.jpg 210w, https:\/\/adopcionpuntodeencuentro.com\/web\/wp-content\/uploads\/orientaci\u00f3n-familiar-libro.jpg 600w\" sizes=\"(max-width: 105px) 100vw, 105px\" \/><\/a>Posee numerosos trabajos publicados entre ellos: <strong>\u00a0<a title=\"libro conchi1\" href=\"http:\/\/www.tirant.com\/humanidades\/libro\/orientacion-familiar-esther-ciscar-cunat-9788498766899\" target=\"_blank\">Orientaci\u00f3n familiar <\/a><\/strong>\u00a0libro publicado junto con <a href=\"http:\/\/www.tirant.com\/humanidades\/autorList\/esther-ciscar-cunat-99833\">Esther Ciscar Cu\u00f1at<\/a>\u00a0y\u00a0<a href=\"http:\/\/www.tirant.com\/humanidades\/autorList\/paz-canovas-leonhardt-6113\">Paz C\u00e1<\/a><a href=\"http:\/\/www.tirant.com\/humanidades\/autorList\/paz-canovas-leonhardt-6113\">novas Leonhardt<\/a>\u00a0Una publicaci\u00f3n cuyo objetivo es elaborar un cuerpo te\u00f3rico en relaci\u00f3n con la Orientaci\u00f3n Familiar, construido por parte de profesionales procedentes de diversos \u00e1mbitos disciplinarespero no s\u00f3lo se trata de plasmar la fundamentaci\u00f3n te\u00f3rica sobre la que se sustentan los planteamientos de la Orientaci\u00f3n Familiar sino tambi\u00e9n su vertiente pr\u00e1ctica aplicada a diferentes problem\u00e1ticas.<\/p>\n<p>&nbsp;<\/p>\n<p><strong><a href=\"http:\/\/adopcionpuntodeencuentro.com\/web\/wp-content\/uploads\/libro-familias.png\"><img loading=\"lazy\" decoding=\"async\" class=\"alignleft wp-image-887\" src=\"http:\/\/adopcionpuntodeencuentro.com\/web\/wp-content\/uploads\/libro-familias.png\" alt=\"libro familias\" width=\"110\" height=\"161\" srcset=\"https:\/\/adopcionpuntodeencuentro.com\/web\/wp-content\/uploads\/libro-familias.png 431w, https:\/\/adopcionpuntodeencuentro.com\/web\/wp-content\/uploads\/libro-familias-102x150.png 102w, https:\/\/adopcionpuntodeencuentro.com\/web\/wp-content\/uploads\/libro-familias-205x300.png 205w\" sizes=\"(max-width: 110px) 100vw, 110px\" \/><\/a>Familias y menores. Retos y propuestas pedag\u00f3gicas<\/strong>.Libro publicado recientemente junto con\u00a0<span class=\"autor\"><a href=\"http:\/\/www.tirant.com\/humanidades\/autorList\/aguilar-ramosm-carmen-240530\">Aguilar Ramos,m\u00aa Carmen<\/a><\/span> <span class=\"autor\"><a href=\"http:\/\/www.tirant.com\/humanidades\/autorList\/paz-canovas-leonhardt-6113\">Paz C\u00e1novas Leonhardt<\/a><\/span> <span class=\"autor\"><a href=\"http:\/\/www.tirant.com\/humanidades\/autorList\/piedad-m-sahuquillo-mateo-40863\">Piedad M\u00aa Sahuquillo Mateo<\/a><\/span>\u00a0En el que\u00a0se\u00a0reflexiona y profundiza en el conocimiento de la realidad educativa familiar en relaci\u00f3n con el menor, teniendo el bienestar del mismo como prioridad.En el que buecan por entre los entresijos de la\u00a0familia e infancia como realidades emergentes, y en el que a partir de su estudio se articulan estrategias para conseguir mejorar sus condiciones de vida<\/p>\n<p><strong>Conchi Mart\u00ednez V\u00e1zquez<\/strong> es\u00a0una \u00a0 gran persona y excelente profesional que est\u00e1 al pie del ca\u00f1\u00f3n en la relaci\u00f3n de ayuda a familias y ni\u00f1os y ni\u00f1as y que tiene un\u00a0 imprescindible blog llamado \u201c<a title=\"blog Conchi\" href=\"http:\/\/resilienciainfantil.blogspot.com.es\/\" target=\"_blank\">Resiliencia infantil. Apego, parentalidad y buen trato<\/a>\u201d en el que comparte sus experiencias, sus reflexiones y sus conocimientos.<\/p>\n<p>La\u00a0<strong>resiliencia<\/strong>\u00a0es un concepto que en adopci\u00f3n se emplea mucho, una palabra de nueva acu\u00f1aci\u00f3n de la que no todo el mundo conoce o comprende sus dimensiones, su dilatado significado. En\u00a0<strong>Adopci\u00f3n punto de encuentro<\/strong>\u00a0le pedimos \u00a0 que nos explicara el concepto y enseguida se ilusion\u00f3 con el proyecto de esta web y con la idea de explic\u00e1rnoslo ya que en sus matices a veces parece dif\u00edcil y oscuro y nos \u00a0regal\u00f3 una explicaci\u00f3n adem\u00e1s de clara, y llena de luz, bell\u00edsima titulada\u00a0<strong><a title=\"post resiliencia\" href=\"http:\/\/wp.me\/p56Gk1-ew\" target=\"_blank\">RESILIENCIA Y ADOPCI\u00d3N: EL ARTE DE INTERPRETAR MELOD\u00cdAS DEL PASADO<\/a>\u00a0 <\/strong>de la que hacemos un esbozo:<\/p>\n<p><a href=\"http:\/\/adopcionpuntodeencuentro.com\/web\/wp-content\/uploads\/blog-cabecera.png\"><img loading=\"lazy\" decoding=\"async\" class=\"aligncenter wp-image-1544\" src=\"http:\/\/adopcionpuntodeencuentro.com\/web\/wp-content\/uploads\/blog-cabecera-600x172.png\" alt=\"blog cabecera\" width=\"700\" height=\"201\" \/><\/a><br \/>\n<em>\u00abLa resiliencia en la adopci\u00f3n es como el sonido mel\u00f3dico de un acorde\u00f3n. Su dificultad es tan grande como la belleza de sus notas. Manejar un acorde\u00f3n no es f\u00e1cil. \u00a0[\u2026]El ni\u00f1o o la ni\u00f1a adoptados vienen con su caja de resonancia, con sus vivencias, con su historia\u00a0[\u2026]Es f\u00e1cil encontrar acordes desafinados de esta historia en forma de conductas de autoestimulaci\u00f3n, automatismos o movimientos estereotipados o repetitivos. Otras veces hacen perder la armon\u00eda las respuestas desmesuradas o tambi\u00e9n la hostilidad, la falta de atenci\u00f3n, los miedos, el desapego a las cosas y las personas, las mentiras.\u00a0 Leer e interpretar bien la partitura es importante para conseguir que suene una bonita melod\u00eda.Promover la resiliencia en los ni\u00f1os y ni\u00f1as adoptados supone ir m\u00e1s a all\u00e1 de la propia conducta. Significa leer entre l\u00edneas que dichos comportamientos, sin sentido aparente, han sido adquiridos por el ni\u00f1o o la ni\u00f1a para compensar la falta de estimulaci\u00f3n externa, o simplemente para aislarse de un contexto hostil que sobrepasaba su capacidad de integrar sus emociones, sensaciones, representaciones.<\/em><\/p>\n<p><em>[\u2026]Resiliencia en la adopci\u00f3n es ese vaiv\u00e9n controlado, ese ir y venir unas veces avanzando y otras retrocediendo como el acorde\u00f3n, es recobrar el control y la forma cuando las circunstancias o memorias impl\u00edcitas imponen presiones que desestabilizan. Es la capacidad de interpretar melod\u00edas del pasado con ajustes del presente, el poder de superar adversidades y seguir tocando una canci\u00f3n de amor.\u00bb<\/em><\/p>\n<p>Os invitamos a leer el art\u00edculo en su totalidad en nuestra web y a visitar su blog en los que Esta psic\u00f3loga ofrece pautas importantes para comprender y ayudar a nuestros hijos.<\/p>\n","protected":false},"excerpt":{"rendered":"<p>|Concepcion Mart\u00ednez V\u00e1zquez\u00a0Psic\u00f3loga Diplomada en Trauma\u00a0infantil \u00a0y psicoterapia \u00a0sist\u00e9mica por IFIV.\u00a0Pro-fesora asociada Universitat de Val\u00e8ncia. Posee numerosos trabajos publicados entre ellos: \u00a0Orientaci\u00f3n familiar \u00a0libro publicado junto con Esther Ciscar Cu\u00f1at\u00a0y\u00a0Paz C\u00e1novas Leonhardt\u00a0Una publicaci\u00f3n cuyo objetivo es elaborar un cuerpo te\u00f3rico en relaci\u00f3n con la Orientaci\u00f3n Familiar, construido por parte de profesionales procedentes de diversos \u00e1mbitos &#8230;<\/p>\n","protected":false},"author":1,"featured_media":884,"comment_status":"open","ping_status":"open","sticky":false,"template":"","format":"standard","meta":{"footnotes":""},"categories":[113],"tags":[],"_links":{"self":[{"href":"https:\/\/adopcionpuntodeencuentro.com\/web\/wp-json\/wp\/v2\/posts\/1557"}],"collection":[{"href":"https:\/\/adopcionpuntodeencuentro.com\/web\/wp-json\/wp\/v2\/posts"}],"about":[{"href":"https:\/\/adopcionpuntodeencuentro.com\/web\/wp-json\/wp\/v2\/types\/post"}],"author":[{"embeddable":true,"href":"https:\/\/adopcionpuntodeencuentro.com\/web\/wp-json\/wp\/v2\/users\/1"}],"replies":[{"embeddable":true,"href":"https:\/\/adopcionpuntodeencuentro.com\/web\/wp-json\/wp\/v2\/comments?post=1557"}],"version-history":[{"count":5,"href":"https:\/\/adopcionpuntodeencuentro.com\/web\/wp-json\/wp\/v2\/posts\/1557\/revisions"}],"predecessor-version":[{"id":5044,"href":"https:\/\/adopcionpuntodeencuentro.com\/web\/wp-json\/wp\/v2\/posts\/1557\/revisions\/5044"}],"wp:featuredmedia":[{"embeddable":true,"href":"https:\/\/adopcionpuntodeencuentro.com\/web\/wp-json\/wp\/v2\/media\/884"}],"wp:attachment":[{"href":"https:\/\/adopcionpuntodeencuentro.com\/web\/wp-json\/wp\/v2\/media?parent=1557"}],"wp:term":[{"taxonomy":"category","embeddable":true,"href":"https:\/\/adopcionpuntodeencuentro.com\/web\/wp-json\/wp\/v2\/categories?post=1557"},{"taxonomy":"post_tag","embeddable":true,"href":"https:\/\/adopcionpuntodeencuentro.com\/web\/wp-json\/wp\/v2\/tags?post=1557"}],"curies":[{"name":"wp","href":"https:\/\/api.w.org\/{rel}","templated":true}]}}