{"id":1565,"date":"2014-12-26T11:06:22","date_gmt":"2014-12-26T10:06:22","guid":{"rendered":"http:\/\/adopcionpuntodeencuentro.com\/web\/?p=1565"},"modified":"2014-12-26T11:06:22","modified_gmt":"2014-12-26T10:06:22","slug":"charo-blanco-guerrero-las-relaciones-primarias-con-las-figuras-de-apego","status":"publish","type":"post","link":"https:\/\/adopcionpuntodeencuentro.com\/web\/charo-blanco-guerrero-las-relaciones-primarias-con-las-figuras-de-apego\/","title":{"rendered":"Charo Blanco Guerrero. Las relaciones primarias con las figuras de apego"},"content":{"rendered":"<p><strong><a href=\"http:\/\/www.centroconcilia.es\/nosotros\/\">Charo Blanco Guerrero<\/a>\u00a0<\/strong>fundadora del\u00a0<strong><a href=\"http:\/\/www.centroconcilia.es\/\">Centro Concilia<\/a>,\u00a0<\/strong>psic\u00f3loga y psicoterapeuta infantil, experta en mediaci\u00f3n y orientaci\u00f3n familiar y en intervenci\u00f3n con menores adoptados.<\/p>\n<p>Tras licenciarse en Psicolog\u00eda, dirigi\u00f3 su formaci\u00f3n y experiencia profesional hacia la intervenci\u00f3n con familias y menores, adoptados o no, que estuvieran en situaci\u00f3n de conflicto.<br \/>\nDescubri\u00f3 el mundo de la adopci\u00f3n en el a\u00f1o 1999 y sigui\u00f3 ampliando sus conocimientos en el \u00e1rea de familia e infancia cursando la formaci\u00f3n de Experto Universitario en Mediaci\u00f3n y Orientaci\u00f3n Familiar.<\/p>\n<p><a href=\"http:\/\/adopcionpuntodeencuentro.com\/web\/wp-content\/uploads\/concilia-adopci\u00f3n.png\"><img loading=\"lazy\" decoding=\"async\" class=\"alignleft wp-image-1566\" src=\"http:\/\/adopcionpuntodeencuentro.com\/web\/wp-content\/uploads\/concilia-adopci\u00f3n-300x182.png\" alt=\"concilia adopci\u00f3n\" width=\"350\" height=\"213\" srcset=\"https:\/\/adopcionpuntodeencuentro.com\/web\/wp-content\/uploads\/concilia-adopci\u00f3n-300x182.png 300w, https:\/\/adopcionpuntodeencuentro.com\/web\/wp-content\/uploads\/concilia-adopci\u00f3n-150x91.png 150w, https:\/\/adopcionpuntodeencuentro.com\/web\/wp-content\/uploads\/concilia-adopci\u00f3n-600x365.png 600w, https:\/\/adopcionpuntodeencuentro.com\/web\/wp-content\/uploads\/concilia-adopci\u00f3n.png 940w\" sizes=\"(max-width: 350px) 100vw, 350px\" \/><\/a><\/p>\n<p>Trabajando con <a href=\"http:\/\/www.centroconcilia.es\/adopcion\/\">ni\u00f1os adoptados<\/a> ha comprobado que en los ni\u00f1os las dificultades son muy diversas y vienen asociadas a las condiciones adversas sufridas por estos debido a\u00a0la situaci\u00f3n de los pa\u00edses de los que proceden y por estar mucho tiempo en instituciones. En un principio, se relacionaba siempre adopci\u00f3n con hiperactividad y d\u00e9ficit de atenci\u00f3n en el contexto escolar, pero en realidad estos comportamientos van muy relacionados con los trastornos de apego, con el miedo y la desconfianza de los ni\u00f1os.<\/p>\n<p>Empez\u00f3 a interesarle especialmente la atenci\u00f3n a <a href=\"http:\/\/www.centroconcilia.es\/adolescentes\/\">ni\u00f1os y adolescentes con trastornos de la vinculaci\u00f3n afectiva<\/a>, porque tuvo la oportunidad de conocer de cerca el da\u00f1o emocional en ellos, como secuela de situaciones de carencia y\/o conflictos familiares. Por lo que se especializ\u00f3 en esta \u00e1rea en Barcelona, en el Instituto de Formaci\u00f3n e Investigaci\u00f3n-Acci\u00f3n sobre las consecuencias de la Violencia y la Promoci\u00f3n de la Resiliencia (IFIVF) obteniendo el Diplomado de Formaci\u00f3n Especializada en psicoterapia infantil sist\u00e9mica para psicoterapeutas infantiles, desarrollando el \u201cM\u00e9todo de psicoterapia de ni\u00f1os y ni\u00f1as afectados por traumas, trastornos del apego y del desarrollo, como consecuencia de malos tratos, exposici\u00f3n a violencia conyugal, agresiones sexuales, separaciones conflictivas, abandono y malos tratos antes de la adopci\u00f3n\u201d. Impartido por los profesionales expertos en la intervenci\u00f3n con ni\u00f1os: Jorge Barudy Labr\u00edn (Neuropsiquiatra infantil y terapeuta familiar) y Maryorie Dantagnan Dantagnan (Licenciada en Psicolog\u00eda y Pedagog\u00eda y Psicoterapeuta infantil).<\/p>\n<p>Dirige en M\u00e1laga el <a href=\"http:\/\/www.centroconcilia.es\/\">centro Concilia<\/a>. Centro especializado en psicoterapia basada en la teor\u00eda del apego y la vinculaci\u00f3n afectiva con personas significativas.<\/p>\n<p><a href=\"http:\/\/adopcionpuntodeencuentro.com\/web\/wp-content\/uploads\/concilia-inicio-charo.png\"><img loading=\"lazy\" decoding=\"async\" class=\"aligncenter wp-image-1567\" src=\"http:\/\/adopcionpuntodeencuentro.com\/web\/wp-content\/uploads\/concilia-inicio-charo-600x136.png\" alt=\"concilia inicio charo\" width=\"700\" height=\"160\" srcset=\"https:\/\/adopcionpuntodeencuentro.com\/web\/wp-content\/uploads\/concilia-inicio-charo-600x136.png 600w, https:\/\/adopcionpuntodeencuentro.com\/web\/wp-content\/uploads\/concilia-inicio-charo-150x34.png 150w, https:\/\/adopcionpuntodeencuentro.com\/web\/wp-content\/uploads\/concilia-inicio-charo-300x68.png 300w, https:\/\/adopcionpuntodeencuentro.com\/web\/wp-content\/uploads\/concilia-inicio-charo.png 996w\" sizes=\"(max-width: 700px) 100vw, 700px\" \/><\/a><\/p>\n<p>En su centro la terapia se aborda de forma prioritaria y espec\u00edfica el modo en que ni\u00f1os y adultos se perciben a s\u00ed mismos y c\u00f3mo perciben a los dem\u00e1s, pero sobre todo se incide en las relaciones primarias con las figuras de apego, padres y\/o cuidadores porque la forma de ser de las personas, sus capacidades afectivas, cognitivas y sociales dependen en gran parte de los contextos en que les ha tocado vivir y crecer.<\/p>\n<p>A\u00a0<strong>Charo Blanco<\/strong>\u00a0tuvimos\u00a0la oportunidad de conocerla en una esclarecedora charla-conferencia que imparti\u00f3 en Granada, gracias a ella muchos de los padres que asistimos a su charla aprendimos muchas cosas que nos facilitaron la comprensi\u00f3n de algunos de los comportamientos de nuestros hijos. En un lenguaje absolutamente cercano, con franqueza pero con la dulzura y cercan\u00eda que la caracteriza nos adentramos de su mano en los complejos funcionamientos o disfuncionalidades del cerebro del ni\u00f1o que ha sufrido deprivaci\u00f3n temprana, y con esa misma cercan\u00eda y disposici\u00f3n se sum\u00f3 a este proyecto de divulgaci\u00f3n que pretende ser esta web.<\/p>\n<p>Para quien a\u00fan no la conozca os invitamos a conocerla a trav\u00e9s de su primera colaboraci\u00f3n para esta web llamada\u00a0<a href=\"http:\/\/wp.me\/p56Gk1-fO\">LAS CONSECUENCIAS DEL MALTRATO EN EL CEREBRO INFANTIL<\/a><\/p>\n","protected":false},"excerpt":{"rendered":"<p>Charo Blanco Guerrero\u00a0fundadora del\u00a0Centro Concilia,\u00a0psic\u00f3loga y psicoterapeuta infantil, experta en mediaci\u00f3n y orientaci\u00f3n familiar y en intervenci\u00f3n con menores adoptados. Tras licenciarse en Psicolog\u00eda, dirigi\u00f3 su formaci\u00f3n y experiencia profesional hacia la intervenci\u00f3n con familias y menores, adoptados o no, que estuvieran en situaci\u00f3n de conflicto. Descubri\u00f3 el mundo de la adopci\u00f3n en el a\u00f1o &#8230;<\/p>\n","protected":false},"author":1,"featured_media":1566,"comment_status":"open","ping_status":"open","sticky":false,"template":"","format":"standard","meta":{"footnotes":""},"categories":[113],"tags":[27,69,49,55,20,16,15],"_links":{"self":[{"href":"https:\/\/adopcionpuntodeencuentro.com\/web\/wp-json\/wp\/v2\/posts\/1565"}],"collection":[{"href":"https:\/\/adopcionpuntodeencuentro.com\/web\/wp-json\/wp\/v2\/posts"}],"about":[{"href":"https:\/\/adopcionpuntodeencuentro.com\/web\/wp-json\/wp\/v2\/types\/post"}],"author":[{"embeddable":true,"href":"https:\/\/adopcionpuntodeencuentro.com\/web\/wp-json\/wp\/v2\/users\/1"}],"replies":[{"embeddable":true,"href":"https:\/\/adopcionpuntodeencuentro.com\/web\/wp-json\/wp\/v2\/comments?post=1565"}],"version-history":[{"count":7,"href":"https:\/\/adopcionpuntodeencuentro.com\/web\/wp-json\/wp\/v2\/posts\/1565\/revisions"}],"predecessor-version":[{"id":1574,"href":"https:\/\/adopcionpuntodeencuentro.com\/web\/wp-json\/wp\/v2\/posts\/1565\/revisions\/1574"}],"wp:featuredmedia":[{"embeddable":true,"href":"https:\/\/adopcionpuntodeencuentro.com\/web\/wp-json\/wp\/v2\/media\/1566"}],"wp:attachment":[{"href":"https:\/\/adopcionpuntodeencuentro.com\/web\/wp-json\/wp\/v2\/media?parent=1565"}],"wp:term":[{"taxonomy":"category","embeddable":true,"href":"https:\/\/adopcionpuntodeencuentro.com\/web\/wp-json\/wp\/v2\/categories?post=1565"},{"taxonomy":"post_tag","embeddable":true,"href":"https:\/\/adopcionpuntodeencuentro.com\/web\/wp-json\/wp\/v2\/tags?post=1565"}],"curies":[{"name":"wp","href":"https:\/\/api.w.org\/{rel}","templated":true}]}}