{"id":1676,"date":"2015-01-07T09:09:26","date_gmt":"2015-01-07T08:09:26","guid":{"rendered":"http:\/\/adopcionpuntodeencuentro.com\/web\/?p=1676"},"modified":"2015-01-07T09:15:18","modified_gmt":"2015-01-07T08:15:18","slug":"abandono-maldita-palabra-en-adopcion-por-jose-maria-ballarin","status":"publish","type":"post","link":"https:\/\/adopcionpuntodeencuentro.com\/web\/abandono-maldita-palabra-en-adopcion-por-jose-maria-ballarin\/","title":{"rendered":"Abandono: \u00a1Maldita palabra en adopci\u00f3n! Por Jos\u00e9 Mar\u00eda Ballar\u00edn"},"content":{"rendered":"<p><strong><a href=\"http:\/\/adopcionpuntodeencuentro.com\/web\/wp-content\/uploads\/gracias.jpg\"><img loading=\"lazy\" decoding=\"async\" class=\"alignleft wp-image-1677\" src=\"http:\/\/adopcionpuntodeencuentro.com\/web\/wp-content\/uploads\/gracias.jpg\" alt=\"gracias\" width=\"95\" height=\"129\" srcset=\"https:\/\/adopcionpuntodeencuentro.com\/web\/wp-content\/uploads\/gracias.jpg 307w, https:\/\/adopcionpuntodeencuentro.com\/web\/wp-content\/uploads\/gracias-110x150.jpg 110w, https:\/\/adopcionpuntodeencuentro.com\/web\/wp-content\/uploads\/gracias-221x300.jpg 221w\" sizes=\"(max-width: 95px) 100vw, 95px\" \/><\/a><\/strong><\/p>\n<p><strong><a title=\"Dr Ballar\u00edn\" href=\"http:\/\/wp.me\/p56Gk1-pU\" target=\"_blank\">Jos\u00e9 Mar\u00eda Ballar\u00edn\u00a0Forcada<\/a>.\u00a0M\u00e9dico. Especialista en Psiquiatr\u00eda y Psicolog\u00eda M\u00e9dica. \u00a0Psicoterapeuta Familiar. <strong>Especialista en Consejer\u00eda\u00a0 Adopci\u00f3n Tratamiento de Dificultades y Patolog\u00edas en Pre y Postadopci\u00f3n. Padre adoptivo.<\/strong><\/strong><\/p>\n<p><a title=\"aleta consultor\u00eda\" href=\"http:\/\/consultaleta.es\/\" target=\"_blank\"><b>Consultor\u00eda de adopci\u00f3n ALETA<\/b><\/a><\/p>\n<h2><\/h2>\n<h2><span style=\"color: #333333;\">Abandono: \u00a1maldita palabra en adopci\u00f3n!<\/span><\/h2>\n<p><a href=\"http:\/\/adopcionpuntodeencuentro.com\/web\/wp-content\/uploads\/adopci\u00f3n.jpg\"><img loading=\"lazy\" decoding=\"async\" class=\"alignleft wp-image-1680\" src=\"http:\/\/adopcionpuntodeencuentro.com\/web\/wp-content\/uploads\/adopci\u00f3n-448x600.jpg\" alt=\"adopci\u00f3n\" width=\"320\" height=\"429\" srcset=\"https:\/\/adopcionpuntodeencuentro.com\/web\/wp-content\/uploads\/adopci\u00f3n-448x600.jpg 448w, https:\/\/adopcionpuntodeencuentro.com\/web\/wp-content\/uploads\/adopci\u00f3n-112x150.jpg 112w, https:\/\/adopcionpuntodeencuentro.com\/web\/wp-content\/uploads\/adopci\u00f3n-224x300.jpg 224w, https:\/\/adopcionpuntodeencuentro.com\/web\/wp-content\/uploads\/adopci\u00f3n.jpg 1493w\" sizes=\"(max-width: 320px) 100vw, 320px\" \/><\/a>La palabra abandono designa un acto premeditado y consciente que nada tiene que ver con las circunstancias en las que nuestros hijos adoptados quedaron\u2026 heridos, provisionalmente desvalidos, sin futuro predecible o separados de sus padres por mil causas ajenas \u201cal abandono\u201d.<br \/>\nEs pues, un grave \u201cerror de bulto\u201d utilizar la palabra abandono en adopci\u00f3n. Pero el error involuntario se convierte en algo tr\u00e1gico cuando no solo es una palabra utilizada sino \u201cLA PALABRA, EN ADOPCION\u201d.<\/p>\n<p>Efectivamente: se han vertido r\u00edos, bienintencionados, de tinta tratando de solucionar este \u201cs\u00edndrome de abandono\u201d de nuestros hijos. Y los escritores de estos r\u00edos no han debido de darse cuenta (no hay otra explicaci\u00f3n razonable) de que con sus \u201cescribimientos\u201d m\u00e1s que ayudar a nuestros ni\u00f1os (como era su segura intenci\u00f3n) los designaban a la baja, los criminalizaban, los \u2026estigmatizaban. Y , menos a\u00fan, se daban cuenta, de que su bienintencionada campa\u00f1a, era recogida por los mass-media (TV, Peri\u00f3dicos, Revistas de actualidad, Radio, Reuniones y Congresos) para diferenciarlos de este modo, ya definitivamente, dando pi\u00e9 a \u201cuna estigmatizaci\u00f3n consagrada\u201d<br \/>\nDivaguemos un momento ( bien est\u00e1 de vez en cuando) acerca de la asociaci\u00f3n de las palabras en parejas, en \u201cmatrimonios de palabras\u201d, y con alg\u00fanos ejemplos:<br \/>\nCura-negro, obispo-lila, cardenal-rojo, Papa-blanco.<br \/>\nSin perjuicio de que a cura tambi\u00e9n se le asigna serm\u00f3n; a obispo: mitra; a cardenal: c\u00f3nclave; y a Papa: dogma y papam\u00f3vil\u2026..parece claro que nuestra m\u00e1s inmediata y espont\u00e1nea asociaci\u00f3n, a las palabras ejemplificadoras que hemos escogido, es la de los colores. Ahorramos al lector un mont\u00f3n de similitudes (elefante-trompa, le\u00f3n-melena, leopardo-agil, pantera-negra de ojos verdes,etc, etc.)\u2026\u2026\u2026\u2026\u2026\u2026\u2026\u2026\u2026.\u2026\u2026\u2026\u2026. Y formulamos la siguiente hip\u00f3tesis, muy, muy preocupante; lo descrito, sucede tambi\u00e9n en adopci\u00f3n: la palabra que se ha asociado prioritariamente, electivamente a adoptado es: abandonado.<br \/>\nAdopci\u00f3n y abandono van de la mano.<br \/>\nEscribimos para manifestar que nos parece \u201cun grav\u00edsimo error\u201d (horror hab\u00eda escrito nuestra equivocaci\u00f3n, inadvertida hasta el repaso) por las consecuencias que tiene de que nuestros ni\u00f1os, se vean a s\u00ed mismos, se internalicen, como abandonados: material de deshecho\u2026de olvido\u2026de falta de inter\u00e9s, de desidia\u2026como Pilar a quien Manolo dijo que iba a comprar tabaco y lo siguiente que se supo de \u00e9l fue que estaba en Paraguay.<br \/>\nCuando nos consta que, no fue esa la postura de sus padres biol\u00f3gicos, al tener que separarse de ellos: unos por muerte, otros por guerra, otros por prisi\u00f3n, otros por emigraci\u00f3n inevitable no coordinada, otros porque el hombre, enemigo del hombre, los separ\u00f3.<br \/>\nMe contestaran los partidarios \u201cdel abandono\u201d que algunos de nuestros hijos, SI han sido abandonados.<br \/>\nSI, les contesto a mi vez: un 1%.<br \/>\nSI, les contesto de nuevo: tantos como hijos biol\u00f3gicos mantenidos en situaciones da\u00f1inas dentro del esquema familiar \u201cde origen\u201d.<br \/>\nSI, les contesto todav\u00eda: cantidad de ni\u00f1os abandonados dentro de familias aparentemente exitosas, econ\u00f3mica y socialmente (dinero, dinero) pero carentes de empat\u00eda, de tiempo, de apego, de cuidados afectivos, de v\u00ednculo para crecer; es decir: cantidad de familias DISFUNCIONALES ENCUBIERTAS.<br \/>\nNO: nuestros ni\u00f1os son joyas.<br \/>\nS\u00ed, nuestros ni\u00f1os son nuestra admiraci\u00f3n.<br \/>\nNo: nuestros ni\u00f1os \u201cno los cambiar\u00edamos por nada ni por nadie\u201d.<br \/>\nSI, dar\u00edamos la vida por ellos.<br \/>\nPero todo lo anterior no es ninguna man\u00eda, ni algo arbitrario, ni la fidelidad que se tributa a un club de f\u00fatbol: es lo que se merecen por su historia y por sus cualidades<br \/>\nNuestros ni\u00f1os adoptados, ,en justo y merecido trato, deber\u00edan ser tan condecorados como los heridos\u2026\u2026 y supervivientes de una guerra, a la que nadie sabe porqu\u00e9 fueron enviados \u201cellos y no otros\u201d. Condecorados en su llegada a la escuela (su primera aparici\u00f3n p\u00fablica) delante de todos sus compa\u00f1eros ; para que empiecen en un lugar prestigioso.<br \/>\nY no es ese el trato que les deparamos\u2026\u00a1No! Pues que entre todos les estamos signando con el signo del \u201cAbandono\u201d. Y solo se abandona lo que no vale, lo que no importa, lo que no contiene sorpresa alguna, lo que carece de posibilidades, lo que nos extra\u00f1a, lo que nos aburre : lo que nos molesta.<\/p>\n<p>Hasta aqu\u00ed mi opini\u00f3n, y ahora: me quito el sombrero ante dos personas que de verdad saben de este tema.<br \/>\n&#8211; Desde la investigaci\u00f3n, Beatriz San Rom\u00e1n\u2026<br \/>\n&#8211; Desde el \u201ca pi\u00e9 de Obra\u201d, Andoni Mend\u00eda\u2026<br \/>\nEn una pr\u00f3xima entrega veremos argumentos cient\u00edficos y pr\u00e1cticos que ellos nos suministran generosamente, en su apoyo de la necesidad de abandonar el termino abandono.<\/p>\n<p><a title=\"ballar\u00edn\" href=\"http:\/\/www.doctorballarin.es\/\" target=\"_blank\">Jos\u00e9 M\u00aa Ballar\u00edn<\/a><br \/>\n<a href=\"http:\/\/www.consultaleta.es\/\" target=\"_blank\"><img loading=\"lazy\" decoding=\"async\" class=\"aligncenter wp-image-1523 size-full\" src=\"http:\/\/adopcionpuntodeencuentro.com\/web\/wp-content\/uploads\/LOGO-ALETA.jpg\" alt=\"LOGO ALETA\" width=\"444\" height=\"133\" srcset=\"https:\/\/adopcionpuntodeencuentro.com\/web\/wp-content\/uploads\/LOGO-ALETA.jpg 444w, https:\/\/adopcionpuntodeencuentro.com\/web\/wp-content\/uploads\/LOGO-ALETA-150x44.jpg 150w, https:\/\/adopcionpuntodeencuentro.com\/web\/wp-content\/uploads\/LOGO-ALETA-300x89.jpg 300w\" sizes=\"(max-width: 444px) 100vw, 444px\" \/><\/a><\/p>\n","protected":false},"excerpt":{"rendered":"<p>Jos\u00e9 Mar\u00eda Ballar\u00edn\u00a0Forcada.\u00a0M\u00e9dico. Especialista en Psiquiatr\u00eda y Psicolog\u00eda M\u00e9dica. \u00a0Psicoterapeuta Familiar. Especialista en Consejer\u00eda\u00a0 Adopci\u00f3n Tratamiento de Dificultades y Patolog\u00edas en Pre y Postadopci\u00f3n. Padre adoptivo. Consultor\u00eda de adopci\u00f3n ALETA Abandono: \u00a1maldita palabra en adopci\u00f3n! La palabra abandono designa un acto premeditado y consciente que nada tiene que ver con las circunstancias en las que &#8230;<\/p>\n","protected":false},"author":1,"featured_media":1678,"comment_status":"open","ping_status":"open","sticky":false,"template":"","format":"standard","meta":{"footnotes":""},"categories":[75],"tags":[64,27,45,55,15,52],"_links":{"self":[{"href":"https:\/\/adopcionpuntodeencuentro.com\/web\/wp-json\/wp\/v2\/posts\/1676"}],"collection":[{"href":"https:\/\/adopcionpuntodeencuentro.com\/web\/wp-json\/wp\/v2\/posts"}],"about":[{"href":"https:\/\/adopcionpuntodeencuentro.com\/web\/wp-json\/wp\/v2\/types\/post"}],"author":[{"embeddable":true,"href":"https:\/\/adopcionpuntodeencuentro.com\/web\/wp-json\/wp\/v2\/users\/1"}],"replies":[{"embeddable":true,"href":"https:\/\/adopcionpuntodeencuentro.com\/web\/wp-json\/wp\/v2\/comments?post=1676"}],"version-history":[{"count":6,"href":"https:\/\/adopcionpuntodeencuentro.com\/web\/wp-json\/wp\/v2\/posts\/1676\/revisions"}],"predecessor-version":[{"id":1685,"href":"https:\/\/adopcionpuntodeencuentro.com\/web\/wp-json\/wp\/v2\/posts\/1676\/revisions\/1685"}],"wp:featuredmedia":[{"embeddable":true,"href":"https:\/\/adopcionpuntodeencuentro.com\/web\/wp-json\/wp\/v2\/media\/1678"}],"wp:attachment":[{"href":"https:\/\/adopcionpuntodeencuentro.com\/web\/wp-json\/wp\/v2\/media?parent=1676"}],"wp:term":[{"taxonomy":"category","embeddable":true,"href":"https:\/\/adopcionpuntodeencuentro.com\/web\/wp-json\/wp\/v2\/categories?post=1676"},{"taxonomy":"post_tag","embeddable":true,"href":"https:\/\/adopcionpuntodeencuentro.com\/web\/wp-json\/wp\/v2\/tags?post=1676"}],"curies":[{"name":"wp","href":"https:\/\/api.w.org\/{rel}","templated":true}]}}