{"id":1757,"date":"2016-07-15T23:06:26","date_gmt":"2016-07-15T21:06:26","guid":{"rendered":"http:\/\/adopcionpuntodeencuentro.com\/web\/?p=1757"},"modified":"2018-07-05T10:38:58","modified_gmt":"2018-07-05T08:38:58","slug":"adoptar-y-aceptar-sin-condiciones","status":"publish","type":"post","link":"https:\/\/adopcionpuntodeencuentro.com\/web\/adoptar-y-aceptar-sin-condiciones\/","title":{"rendered":"Adoptar y aceptar sin condiciones. Por Mercedes Moya"},"content":{"rendered":"<p><em>\u00a0\u00a0\u201cAdoptar es<strong> aceptar<\/strong> como hijo a aquel que no lo es de manera biol\u00f3gica, -que es nacido de otra mujer-, para formar una familia\u201d.<\/em><\/p>\n<p>Esto dicho as\u00ed es una definici\u00f3n fr\u00eda y pr\u00e1ctica sacada de una gu\u00eda de adopci\u00f3n, pero es una frase \u201cla frase\u201d sobre la que reflexionar cuando alguien se plantea la adopci\u00f3n como f\u00f3rmula para crear o ampliar su familia.<\/p>\n<p><img loading=\"lazy\" decoding=\"async\" class=\"alignleft wp-image-1763\" src=\"http:\/\/adopcionpuntodeencuentro.com\/web\/wp-content\/uploads\/aceptar-bn.jpg\" alt=\"aceptar bn\" width=\"400\" height=\"321\" srcset=\"https:\/\/adopcionpuntodeencuentro.com\/web\/wp-content\/uploads\/aceptar-bn.jpg 708w, https:\/\/adopcionpuntodeencuentro.com\/web\/wp-content\/uploads\/aceptar-bn-150x121.jpg 150w, https:\/\/adopcionpuntodeencuentro.com\/web\/wp-content\/uploads\/aceptar-bn-300x241.jpg 300w, https:\/\/adopcionpuntodeencuentro.com\/web\/wp-content\/uploads\/aceptar-bn-600x482.jpg 600w\" sizes=\"(max-width: 400px) 100vw, 400px\" \/><\/p>\n<p>La clave est\u00e1 en la palabra <strong>aceptar<\/strong>, porque precisamente es de lo que se trata.<\/p>\n<p>Adoptar es <strong>aceptar<\/strong> sin condiciones.<\/p>\n<p>Como en todos los pasos importantes de la vida hay que reflexionar mucho, hacerse preguntas sin temer a las respuestas y conocerse y no mentirse. Antes de adoptar todo el mundo deber\u00eda (al margen de ex\u00e1menes de paternidad para certificados de idoneidad) plantearse preguntas como:<\/p>\n<p>\u00bfEs la gen\u00e9tica y la absoluta desinformaci\u00f3n sobre la de mi hijo, un tema que pueda llegar a angustiarme? Y <strong>aceptar<\/strong> la respuesta.<\/p>\n<p>\u00bfSon distintos los padres biol\u00f3gicos de los de adopci\u00f3n? Y <strong>aceptar<\/strong> la respuesta.<\/p>\n<p>Porque s\u00ed que somos distintos, porque nuestros hijos lo son, y tenemos que <strong>aceptarlo<\/strong> y no me refiero s\u00f3lo a los ni\u00f1os de raza distinta a la de sus padres y\/o hermanos. Es algo que va mucho m\u00e1s all\u00e1 del porque si adoptas a un ni\u00f1o de otra raza os miran por la calle o tengas que enfrentarte a menudo a preguntas del tipo: <em>\u00bfes tu hijo&#8230;. de verdad\u2026?<\/em> O <em>\u00bfson hermanos de verdad\u2026?<\/em> Porque las familias multirraciales asumimos adem\u00e1s la tarea de integrar a nuestros hijos, acompa\u00f1arlos y darles las herramientas necesarias para que puedan asumir y defender sus diferencias, en el colegio, en la calle, etc.<\/p>\n<p><em>\u00a0-Mam\u00e1 yo quiero parecerme a ti\u2026<\/em><\/p>\n<p><em style=\"font-size: 16px; line-height: 1.5;\">\u00a0(y tu primero te hinchas) \u00bfSi cari\u00f1o, y que te gusta de mi?<\/em><\/p>\n<p><em>-que no te llaman china\u2026 <\/em><\/p>\n<p><em>\u00a0-\u2026pues a m\u00ed me encantar\u00eda tener tus ojos y tu piel y todo por lo que te llaman china.<\/em><\/p>\n<p>Una familia adoptiva y una biol\u00f3gica es verdad que desempe\u00f1an cometidos similares en la educaci\u00f3n y crianza de sus hijos, en cambio son diferentes las fases evolutivas de los ni\u00f1os y de la propia familia, como lo son las necesidades de los ni\u00f1os.<\/p>\n<p>Sin distinciones entre biol\u00f3gico y adoptivo, la <strong>aceptaci\u00f3n<\/strong> incondicional debe ser un principio universal en la crianza de los hijos .<\/p>\n<p>\u00bf \u00abSon iguales\u00bb los ni\u00f1os\u00a0que viven con sus padres desde el minuto 0 (o menos 9 meses) a los que son adoptados? No hablamos de derechos, que por supuesto que s\u00ed, no nos referimos a queridos ni deseados ni&#8230;En qu\u00e9 son diferentes?<\/p>\n<p>Las familias adoptivas hemos de enfrentarnos a situaciones emocionales espec\u00edficas en funci\u00f3n de las vivencias, de las carencias y de las caracter\u00edsticas de nuestros hijos y las propias del proceso de adopci\u00f3n (adaptaci\u00f3n, apego, vinculaci\u00f3n, b\u00fasqueda de sus or\u00edgenes, etc.) Por esto tenemos que<strong> aceptar <\/strong>y asumir una crianza de nuestros hijos a\u00fan m\u00e1s complicada que la de los hijos biol\u00f3gicos.<\/p>\n<p>La adaptaci\u00f3n por ejemplo.\u00a0Podemos imaginar la vuelta a casa de unos padres desde la cl\u00ednica o el hospital donde una ces\u00e1rea les ha puesto en los brazos a dos preciosos mellizos, organizarse, las malas noches, la incomodidad de los puntos, la lactancia, la locura de tener que desdoblarse hasta llegar a rozar la ubicuidad\u2026<\/p>\n<p>Nadie cuestiona una maternidad biol\u00f3gica, nadie le preguntar\u00e1 a esa madre si est\u00e1 capacitada o no para criarlos, la madre mira a sus beb\u00e9s y reconoce los rasgos como suyos y si todo va bien y no hay problemas de salud notables los procesos de evoluci\u00f3n en los primeros meses\/a\u00f1os de vida juntos son los normales.<\/p>\n<p>Porque los primeros meses y a\u00f1os de los hijos biol\u00f3gicos son\u00a0 sobre todo felices, se les dedica tiempo, se les ense\u00f1a a re\u00edr, se los abraza, se les alimenta&#8230;Una de las cosas que descubre una madre adoptiva es que su hijo de 2-3-4 a\u00f1os etc. Entre muchas de las cosas que deber\u00eda saber y desconoce es que no sabe dar besos.(Luego, cuando aprenden sus besos son maravillosamente especiales). No saber besar, no dejarse abrazar son circunstancias a menudos frecuentes en los ni\u00f1os que han sido institucionalizados desde temprana edad. y son circunstancias duras, muy duras que se viven en esos primeros tiempos con ese hijo que tanto has so\u00f1ado abrazar.<\/p>\n<p>Yo me convert\u00ed en madre a los 46 a\u00f1os. Que nadie se desgarre las vestiduras. Yo deseaba un beb\u00e9. Cuando iniciamos el proceso nuestro certificado de idoneidad era de 0-3 a\u00f1os. Luego, por supuesto mis aspiraciones fueron cambiando y adapt\u00e1ndose a las circunstancias a medida que pasaban los a\u00f1os. El hijo que esperas va creciendo contigo, el rango de edad a medida que pasan los a\u00f1os va cambiando y pasa de ser un ser que probablemente a\u00fan no ha nacido, (cuando empezamos el proceso) a un ni\u00f1o que est\u00e1 creciendo en alg\u00fan rinc\u00f3n del planeta con las carencias afectivas y de todo tipo que todos conocemos, y te agobias, porque eres consciente de que el tiempo de institucionalizaci\u00f3n incide directamente en\u00a0 el buen desarrollo de los ni\u00f1os y a mas tiempo, mas retrasos, es as\u00ed para todos, y tratas de imaginar al que ser\u00e1 tuyo, uno entre los cientos de miles&#8230;<\/p>\n<p>Pero la burocracia sigue su curso, los papeles retenidos por trivialidades,: un funcionario despistado&#8230;otro de vacaciones, un certificado traspapelado\u2026miles de rid\u00edculas mal llamadas razones que separan a padres deseosos de adoptar, de ni\u00f1os que necesitan ese amor para crecer, para vivir y que toda esa indolencia que se va multiplicando exponencialmente en los despachos y se convierte en meses de mala alimentaci\u00f3n, enfermedades mal atendidas, culitos escocidos, extremidades d\u00e9biles, retrasos motrices y neuronales y much\u00edsimas carencias para los ni\u00f1os hacinados en instituciones en las que no pueden proporcionarles las atenciones y los cuidados individualizados que tanto necesitan.<\/p>\n<p><strong>\u00a0Y lo aceptas<\/strong>, acabas reconcomidas las entra\u00f1as pero aceptando que el sistema es as\u00ed y nada puedes hacer, por mucho que est\u00e9s pendiente de cada certificado, de cada paso, de cada plazo, es como darse de bruces una y otra vez contra un muro cada vez m\u00e1s s\u00f3lido e incluso te subes al carro de la providencia: \u201ctodo es por algo\u201d \u201ca\u00fan no ha llegado el momento porque a\u00fan no est\u00e1 para ti ese ni\u00f1o que el destino te tiene preparado\u201d\u2026<\/p>\n<p>Con tes\u00f3n, paciencia y mucha fe, de pronto tras a\u00f1os \u2013muchos, demasiados- de no cejar en el empe\u00f1o, cambian los rumbos y los vientos y ya no es uno sino dos, los que vienen y con edades dispares y sin saber nada, a ciegas<strong> acept\u00e1is<\/strong> ir a un pa\u00eds lejano y extra\u00f1o del que apenas nadie ha o\u00eddo hablar, <strong>aceptas<\/strong> que manejen los hilos de tu vida como si fueras una marioneta y \u00a0tu futuro depende de personas extra\u00f1as, totalmente ajenas y lo m\u00e1s importante de tu vida, tener un hijo, y a 7500 kil\u00f3metros de tu casa, depende de personas a las que t\u00fa y tu futuro les tiene sin cuidado. Y por tu deseo de ser madre\/padre<strong> aceptas<\/strong> las reglas y superas los miedos y cruzas los dedos y cuando todo pasa tras aquellas no siempre inteligibles fronteras y te encuentras en tu casa con dos ni\u00f1os de mirada rasgada por su raza y por la incertidumbre&#8230; \u00a0es cuando empieza en realidad la aut\u00e9ntica adopci\u00f3n.<\/p>\n<p><a href=\"http:\/\/adopcionpuntodeencuentro.com\/web\/wp-content\/uploads\/4para-todos.jpg\"><img loading=\"lazy\" decoding=\"async\" class=\"alignleft wp-image-1766\" src=\"http:\/\/adopcionpuntodeencuentro.com\/web\/wp-content\/uploads\/4para-todos-163x300.jpg\" alt=\"4para todos\" width=\"263\" height=\"485\" srcset=\"https:\/\/adopcionpuntodeencuentro.com\/web\/wp-content\/uploads\/4para-todos-163x300.jpg 163w, https:\/\/adopcionpuntodeencuentro.com\/web\/wp-content\/uploads\/4para-todos-81x150.jpg 81w, https:\/\/adopcionpuntodeencuentro.com\/web\/wp-content\/uploads\/4para-todos-325x600.jpg 325w, https:\/\/adopcionpuntodeencuentro.com\/web\/wp-content\/uploads\/4para-todos.jpg 487w\" sizes=\"(max-width: 263px) 100vw, 263px\" \/><\/a>Hasta ah\u00ed lo dem\u00e1s \u00abs\u00f3lo\u00bb son papeles y tramites que te conducen hasta los ni\u00f1os, ahora son tus hijos para siempre y para siempre eres responsable de sus vidas, de su seguridad, de su felicidad, para siempre. Al fin somos una familia, cuatro para todo y todo para cuatro.<\/p>\n<p>Y los miras -no dejas de mirarlos- y no tienen nada tuyo, no poseen tus facciones, y les hablas y no te entienden y lloran y no les entiendes y los quieres, claro que s\u00ed, pero todav\u00eda no has internalizado esas emociones que tan a flor de piel se suceden. No son dos beb\u00e9s, son dos ni\u00f1os, peque\u00f1os, indefensos, con muchas vivencias ya a sus espaldas y ahora est\u00e1n en un pa\u00eds extra\u00f1o con dos extra\u00f1os que hablan extra\u00f1o de los que dependen para todo. Y su corta vida no incluye las palabras \u201camados\u201d \u201cfelices\u201d, \u201cseguridad\u201d, ni todas aquellas que para cualquiera de nosotros esta intr\u00ednsecamente unido a la palabra infancia. Todo, lo bueno o malo, lo mucho o lo poco que conoc\u00edan est\u00e1 a 7500 kilometros de distancia, y pese a todo, aquello que dejaron atr\u00e1s era la vida que conoc\u00edan, era su \u00abseguridad\u00bb.<\/p>\n<p>Seguridad, apego y v\u00ednculo son palabras de peso exentas de contenido al principio y son metas necesarias en ambos sentidos y todos nos convertimos a la vez en espectador y protagonista de una vida distinta y hay que acostumbrarse a muchas cosas nuevas para todos, hay que <strong>aceptar<\/strong>\u00a0cada novedad del signo que sea.<\/p>\n<p>Todas las familias adoptivas deben prepararse mucho y adem\u00e1s conocer la larga lista de tareas, sobre todo en el plano emocional que van a tener que abordar. Ligar la realidad del pasado de esos ni\u00f1os antes de ser nuestros, con el presente y futuro de nuestros hijos en una s\u00f3lida historia personal, es una tarea que soporta mucha responsabilidad y que requiere o requerir\u00e1 <strong>aceptar<\/strong> y superar nuestras propias limitaciones, ayudar a que nuestros hijos se reconcilien con su pasado nos obliga a reconciliarnos con el nuestro y tendremos que enfrentar y afrontar todos nuestros miedos para ser capaces de ayudarles a enfrentarse a los suyos.<\/p>\n<p>Y si en algo se parecen las familias biol\u00f3gicas a las adoptivas y los ni\u00f1os adoptivos o no, es en que no s\u00f3lo necesitan amor o alimentos para salir adelante. Como para todas las cosas importantes de la vida se necesita mucha presencia y coraje.<\/p>\n<p>Es importante contar con ayuda , alguien con quien hablar sin poses ni tapujos sobre los esfuerzos y los logros, sobre las desorientaciones y los desalientos, alguien que de verdad entienda que si te quejas no quiere decir que desistas, ni que si estas agotada y al l\u00edmite est\u00e9s pensando en desertarAalguien que no se crea en la necesidad de \u00abpublicitarte\u00bb a tus hijos si te quejas de alguno, ni corra a enumerarte sus bondades, si expones abiertamente el disgusto por alguna de sus actitudes. Alguien que sepa que hablar de los problemas, desahogarse, no quiere decir que no los ames incondicionalmente, independientemente de sus \u00e9xitos, fracasos, logros o dificultades.Todos pasamos por momentos malos, por situaciones complicadas con nuestros hijos, porque tenerlos es un reto enorme. Pero si unos padres biol\u00f3gicos se quejan o buscan ayuda o se apuntan a una escuela de padres, nadie pone en tela de juicio su decisi\u00f3n de haber sido padres, nadie dir\u00eda\u00a0que se han equivocado al haber buscado \u00abtanto\u00bb el ser padres\u2026<\/p>\n<p>Todav\u00eda hay muchas familias adoptivas que se sienten aisladas porque se creen que son las \u00fanicas que enfrentan problemas derivados de su opci\u00f3n, problemas o angustias que esconden en la trastienda y se comportan en p\u00fablico como la familia de Stuart Little. Ojal\u00e1 encuentren apoyo y sean capaces de perder los miedos y compartan sus inquietudes porque es otra manera de aprender a normalizar, a conciliar los muchos momentos de plenitud, con los tambi\u00e9n muchos momentos de frustraci\u00f3n (como en todas las familias) Y que tengan presente que no se es peor padre\/madre ni nuestras familias son de segunda divisi\u00f3n por afrontar problemas propios de las circunstancias que nuestros hijos han sufrido, \u00a0\u00a1al contrario! Somos familias de campeonato y que a todos -incluidos los ni\u00f1os-, nos cuesta conciliar lo que so\u00f1amos con la realidad y para poder conciliarlo hay que aceptarlo, pero no solo en esto, sino en muchas \u00e1reas de la vida.<\/p>\n<h3><span style=\"color: #f21646;\"><strong>Escrito por:<\/strong><\/span><\/h3>\n<p><a href=\"http:\/\/adopcionpuntodeencuentro.com\/web\/wp-content\/uploads\/pclogo.png\" rel=\"attachment wp-att-4555\"><img loading=\"lazy\" decoding=\"async\" class=\" wp-image-4555 alignleft\" src=\"http:\/\/adopcionpuntodeencuentro.com\/web\/wp-content\/uploads\/pclogo.png\" alt=\"pclogo\" width=\"155\" height=\"158\" srcset=\"https:\/\/adopcionpuntodeencuentro.com\/web\/wp-content\/uploads\/pclogo.png 301w, https:\/\/adopcionpuntodeencuentro.com\/web\/wp-content\/uploads\/pclogo-148x150.png 148w, https:\/\/adopcionpuntodeencuentro.com\/web\/wp-content\/uploads\/pclogo-295x300.png 295w, https:\/\/adopcionpuntodeencuentro.com\/web\/wp-content\/uploads\/pclogo-67x67.png 67w\" sizes=\"(max-width: 155px) 100vw, 155px\" \/><\/a><strong><a href=\"http:\/\/mercedesmoya.com\/\" target=\"_blank\" rel=\"noopener\">Mercedes Moya<\/a>\u00a0<\/strong>Creadora \u00a0y directora de <strong><a href=\"https:\/\/mercedesmoyaherrero.wordpress.com\/wp-admin\/adopcionpuntodeencuentro.com\">adopcionpuntodeencuentro.com<\/a>.<\/strong>\u00a0Plataforma virtual de divulgaci\u00f3n de recursos y contenidos sobre adopci\u00f3n. Y\u00a0de \u00a0blogs de diferentes tem\u00e1ticas.<\/p>\n<p>Escritora y creadora de contenidos para p\u00e1ginas web.<\/p>\n<p>Autora de :<a href=\"https:\/\/yotengodosmamas.wordpress.com\/\"><strong>\u00ab\u00bfYo tengo dos mam\u00e1s?\u00bb<\/strong><\/a>\u00a0Cuento infantil para ayudar a integrar a la madre biol\u00f3gica. Y de<strong><a href=\"http:\/\/mariposasenelcorazon.com\/\" target=\"_blank\" rel=\"noopener\">\u00abMariposas en el coraz\u00f3n. La adopci\u00f3n desde dentro\u00bb<\/a>.<\/strong>Libro Coral.Y coautora de <strong><a href=\"http:\/\/dequecoloresmimariposa.com\/\" target=\"_blank\" rel=\"noopener\">\u00ab\u00bfDe qu\u00e9 color es mi mariposa?\u00bb<\/a>\u00a0<\/strong>Un cuento para ayudar a los ni\u00f1os a hablar de su adopci\u00f3n.<\/p>\n<p>Actualmente est\u00e1 preparando \u00a0una serie de cuentos infantiles bajo el lema <strong><a href=\"http:\/\/mercedesmoya.com\/2015\/11\/27\/cuentos-que-ayudan-a-los-padres\/\" target=\"_blank\" rel=\"noopener\">\u201cCuentos que ayudan a los padres\u201c<\/a>.<\/strong><\/p>\n<div class='divider' > <\/div>\n<p><a href=\"https:\/\/yotengodosmamas.com\/\"><img loading=\"lazy\" decoding=\"async\" class=\"alignleft wp-image-5781 size-full\" src=\"http:\/\/adopcionpuntodeencuentro.com\/web\/wp-content\/uploads\/boton-comprade-yo-tengo-dos.png\" alt=\"boton comprade yo tengo dos\" width=\"161\" height=\"277\" srcset=\"https:\/\/adopcionpuntodeencuentro.com\/web\/wp-content\/uploads\/boton-comprade-yo-tengo-dos.png 161w, https:\/\/adopcionpuntodeencuentro.com\/web\/wp-content\/uploads\/boton-comprade-yo-tengo-dos-87x150.png 87w\" sizes=\"(max-width: 161px) 100vw, 161px\" \/><\/a><\/p>\n<p><a href=\"http:\/\/mariposasenelcorazon.com\/comprar\/\"><img loading=\"lazy\" decoding=\"async\" class=\"alignleft wp-image-4863 size-full\" src=\"http:\/\/adopcionpuntodeencuentro.com\/web\/wp-content\/uploads\/boton-compra-mariposas.png\" alt=\"boton compra mariposas\" width=\"161\" height=\"277\" srcset=\"https:\/\/adopcionpuntodeencuentro.com\/web\/wp-content\/uploads\/boton-compra-mariposas.png 161w, https:\/\/adopcionpuntodeencuentro.com\/web\/wp-content\/uploads\/boton-compra-mariposas-87x150.png 87w\" sizes=\"(max-width: 161px) 100vw, 161px\" \/><\/a><a href=\"https:\/\/dequecoloresmimariposa.com\/portfolio\/para-comprar-de-que-color-es-mi-mariposa\/\"><img loading=\"lazy\" decoding=\"async\" class=\"alignleft wp-image-5575 size-full\" src=\"http:\/\/adopcionpuntodeencuentro.com\/web\/wp-content\/uploads\/boton-comprade-que-color-es.png\" alt=\"boton comprade que color es\" width=\"161\" height=\"277\" srcset=\"https:\/\/adopcionpuntodeencuentro.com\/web\/wp-content\/uploads\/boton-comprade-que-color-es.png 161w, https:\/\/adopcionpuntodeencuentro.com\/web\/wp-content\/uploads\/boton-comprade-que-color-es-87x150.png 87w\" sizes=\"(max-width: 161px) 100vw, 161px\" \/><\/a><div class='divider' > <\/div>\n","protected":false},"excerpt":{"rendered":"<p>Las familias adoptivas hemos de enfrentarnos a situaciones emocionales espec\u00edficas en funci\u00f3n de las vivencias, de las carencias y de las caracter\u00edsticas de nuestros hijos y las propias del proceso de adopci\u00f3n (adaptaci\u00f3n, apego, vinculaci\u00f3n, b\u00fasqueda de sus or\u00edgenes, etc.) Por esto tenemos que aceptar y asumir una crianza de nuestros hijos a\u00fan m\u00e1s complicada que la de los hijos biol\u00f3gicos.<\/p>\n","protected":false},"author":1,"featured_media":6363,"comment_status":"open","ping_status":"open","sticky":false,"template":"","format":"standard","meta":{"footnotes":""},"categories":[74,255,4],"tags":[27,45,123,69,230,55,28,70],"_links":{"self":[{"href":"https:\/\/adopcionpuntodeencuentro.com\/web\/wp-json\/wp\/v2\/posts\/1757"}],"collection":[{"href":"https:\/\/adopcionpuntodeencuentro.com\/web\/wp-json\/wp\/v2\/posts"}],"about":[{"href":"https:\/\/adopcionpuntodeencuentro.com\/web\/wp-json\/wp\/v2\/types\/post"}],"author":[{"embeddable":true,"href":"https:\/\/adopcionpuntodeencuentro.com\/web\/wp-json\/wp\/v2\/users\/1"}],"replies":[{"embeddable":true,"href":"https:\/\/adopcionpuntodeencuentro.com\/web\/wp-json\/wp\/v2\/comments?post=1757"}],"version-history":[{"count":17,"href":"https:\/\/adopcionpuntodeencuentro.com\/web\/wp-json\/wp\/v2\/posts\/1757\/revisions"}],"predecessor-version":[{"id":9594,"href":"https:\/\/adopcionpuntodeencuentro.com\/web\/wp-json\/wp\/v2\/posts\/1757\/revisions\/9594"}],"wp:featuredmedia":[{"embeddable":true,"href":"https:\/\/adopcionpuntodeencuentro.com\/web\/wp-json\/wp\/v2\/media\/6363"}],"wp:attachment":[{"href":"https:\/\/adopcionpuntodeencuentro.com\/web\/wp-json\/wp\/v2\/media?parent=1757"}],"wp:term":[{"taxonomy":"category","embeddable":true,"href":"https:\/\/adopcionpuntodeencuentro.com\/web\/wp-json\/wp\/v2\/categories?post=1757"},{"taxonomy":"post_tag","embeddable":true,"href":"https:\/\/adopcionpuntodeencuentro.com\/web\/wp-json\/wp\/v2\/tags?post=1757"}],"curies":[{"name":"wp","href":"https:\/\/api.w.org\/{rel}","templated":true}]}}