{"id":1905,"date":"2016-10-31T09:35:23","date_gmt":"2016-10-31T08:35:23","guid":{"rendered":"http:\/\/adopcionpuntodeencuentro.com\/web\/?p=1905"},"modified":"2017-07-07T11:12:09","modified_gmt":"2017-07-07T09:12:09","slug":"los-problemas-con-el-apego-en-ninos-adoptados","status":"publish","type":"post","link":"https:\/\/adopcionpuntodeencuentro.com\/web\/los-problemas-con-el-apego-en-ninos-adoptados\/","title":{"rendered":"Los problemas con el apego en ni\u00f1os adoptados. Por Charo Blanco"},"content":{"rendered":"<p><a href=\"http:\/\/adopcionpuntodeencuentro.com\/web\/wp-content\/uploads\/estudiar-leyenda.jpg\"><img loading=\"lazy\" decoding=\"async\" class=\"alignleft wp-image-1911\" src=\"http:\/\/adopcionpuntodeencuentro.com\/web\/wp-content\/uploads\/estudiar-leyenda.jpg\" alt=\"estudiar leyenda\" width=\"350\" height=\"268\" srcset=\"https:\/\/adopcionpuntodeencuentro.com\/web\/wp-content\/uploads\/estudiar-leyenda.jpg 450w, https:\/\/adopcionpuntodeencuentro.com\/web\/wp-content\/uploads\/estudiar-leyenda-150x115.jpg 150w, https:\/\/adopcionpuntodeencuentro.com\/web\/wp-content\/uploads\/estudiar-leyenda-300x229.jpg 300w\" sizes=\"(max-width: 350px) 100vw, 350px\" \/><\/a>Cuando me piden que escriba algo sobre ni\u00f1os adoptados que pueda ayudar a los padres adoptivos, empiezo a pensar instintivamente en los menores que he visto en las \u00faltimas semanas y en las dificultades que tienen, casi siempre me vienen a la memoria los relatos de los padres,\u00a0 refiri\u00e9ndose a los problemas en el cole: falta de atenci\u00f3n, poco rendimiento, retraso en el ritmo de la clase \u00a0y todo ese conjunto de s\u00edntomas que los profesores recuerdan en cada tutor\u00eda con mucha insistencia y con poca tolerancia en algunos casos.<\/p>\n<p>A veces me pongo en el lugar de esos padres que temen que llegue el d\u00eda de la dichosa tutor\u00eda, porque tienen miedo de escuchar de nuevo las mismas quejas de siempre, sinti\u00e9ndose un tanto cuestionados en su capacidad como educadores. Esta situaci\u00f3n se suma tambi\u00e9n a las dificultades en casa que est\u00e1n relacionadas de la misma manera, con la falta de l\u00edmites, con la falta de atenci\u00f3n y con una rabia a veces desproporcionada \u00a0que aparece con frecuencia ante el m\u00e1s m\u00ednimo atisbo de contrariedad.\u00a0 Todos los padres adoptivos ya tienen bastante integrado que el grado de tolerancia a la frustraci\u00f3n en sus hijos, es escaso y esta es quiz\u00e1s la base de la mayor\u00eda de los conflictos en casa.<\/p>\n<p>Intento transmitirles un mensaje de calma para que puedan filtrar toda esta informaci\u00f3n que les desborda porque ellos mejor que nadie conocen a sus hijos y ven el esfuerzo que hacen cada d\u00eda y el reto que supone para ellos una ense\u00f1anza estandarizada que no entiende de adopci\u00f3n, ni de trauma temprano ni de maltrato infantil previo, ni de muchas otras secuelas tan presentes en ellos. Algo en lo que desgraciadamente nuestros ni\u00f1os adoptados se hicieron expertos tempranamente.<\/p>\n<p><a href=\"http:\/\/adopcionpuntodeencuentro.com\/web\/wp-content\/uploads\/apegoleyenda.jpg\"><img loading=\"lazy\" decoding=\"async\" class=\"alignleft wp-image-1908\" src=\"http:\/\/adopcionpuntodeencuentro.com\/web\/wp-content\/uploads\/apegoleyenda.jpg\" alt=\"apegoleyenda\" width=\"350\" height=\"233\" srcset=\"https:\/\/adopcionpuntodeencuentro.com\/web\/wp-content\/uploads\/apegoleyenda.jpg 450w, https:\/\/adopcionpuntodeencuentro.com\/web\/wp-content\/uploads\/apegoleyenda-150x100.jpg 150w, https:\/\/adopcionpuntodeencuentro.com\/web\/wp-content\/uploads\/apegoleyenda-300x200.jpg 300w\" sizes=\"(max-width: 350px) 100vw, 350px\" \/><\/a>Con toda la perseverancia y el convencimiento de los que soy capaz, les digo a los padres que m\u00e1s que el resultado en matem\u00e1ticas o en sociales, debe preocuparles los sentimientos y la expresi\u00f3n de las emociones que perciben en sus hijos, porque este es el \u00fanico indicador del grado de \u00e9xito que la experiencia de la adopci\u00f3n est\u00e1 teniendo en los menores. Que se pregunten a menudo si su hijo\/a es feliz, simplemente esto, al margen de las calificaciones escolares.<\/p>\n<p>Por esto y porque percibo cada vez m\u00e1s en padres con un nivel de formaci\u00f3n alto, que el grado de expectativas y de exigencias con respecto al rendimiento acad\u00e9mico, es tambi\u00e9n alto y esto hace que en su af\u00e1n por cumplir con esas expectativas, algunos ni\u00f1os adoptados realicen un tremendo esfuerzo por complacer a los adultos de su entorno: padres, profesores y dem\u00e1s familia. Esta cuesti\u00f3n me preocupa cada vez m\u00e1s, por eso quer\u00eda hoy referirme a ella.<\/p>\n<p>Me encuentro a menudo con ni\u00f1os que est\u00e1n muy desconectados de sus emociones y que muestran una sobreadaptaci\u00f3n al entorno, que esconde a veces una rabia contenida y un grado de frustraci\u00f3n elevado, que algunos padres no perciben. En la pre-adolescencia conozco casos de ni\u00f1os que estallan en situaciones que los padres nunca hubieran imaginado y todo esto tiene que ver con el miedo que tienen a defraudar a su nueva familia. A veces los ni\u00f1os pasan de una complacencia ejemplar a una violencia y agresividad extremas. Cuando un ni\u00f1o tiene que lidiar diariamente con el reto que supone establecer relaciones con sus iguales, sin sentirse discriminados por sus rasgos o por su condici\u00f3n adoptiva, atender de forma adecuada en clase, realizar todas las tareas que le son encomendadas y confirmar con sus padres ese estrecho v\u00ednculo que tanta inseguridad les causa y del que tanta necesidad tienen\u2026\u2026..todo ello supone un esfuerzo enorme casi tit\u00e1nico, que hace que agoten antes que otros ni\u00f1os, la energ\u00eda y los recursos adaptativos tan fr\u00e1giles que poseen.<\/p>\n<p>Quer\u00eda referirme hoy al estilo de apego\u00a0 que establecen estos menores y a como en sus manifestaciones muestran muchas veces el miedo a ser abandonados de nuevo y a sentirse solos y que explicar\u00edan en buena medida las dificultades que se est\u00e1n encontrando algunos padres adoptivos en esa etapa tan temida como es la adolescencia.<\/p>\n<p>La teor\u00eda del apego habla de una disposici\u00f3n gen\u00e9tica para establecer relaciones de proximidad y se refiere sobre todo a la naturaleza especial de las relaciones cercanas, tomando como relaci\u00f3n protot\u00edpica la que se da entre el ni\u00f1o y el cuidador\/madre. Por eso es obvio entender que a los ni\u00f1os adoptados, les ha faltado de forma severa y a una edad temprana y clave para el neurodesarrollo, la atenci\u00f3n sensible y emp\u00e1tica\u00a0 de sus necesidades afectivas, \u00a0mediante una experiencia de apego seguro con un cuidador competente.\u00a0Esta etapa condiciona de alguna manera su forma de sentirse en el mundo y lo que esperan de \u00e9l, casi siempre creando una desconfianza generalizada hacia las relaciones con los dem\u00e1s.<\/p>\n<p><a href=\"http:\/\/adopcionpuntodeencuentro.com\/web\/wp-content\/uploads\/apego3leyenda.jpg\"><img loading=\"lazy\" decoding=\"async\" class=\"alignleft wp-image-1910\" src=\"http:\/\/adopcionpuntodeencuentro.com\/web\/wp-content\/uploads\/apego3leyenda.jpg\" alt=\"apego3leyenda\" width=\"350\" height=\"233\" srcset=\"https:\/\/adopcionpuntodeencuentro.com\/web\/wp-content\/uploads\/apego3leyenda.jpg 450w, https:\/\/adopcionpuntodeencuentro.com\/web\/wp-content\/uploads\/apego3leyenda-150x100.jpg 150w, https:\/\/adopcionpuntodeencuentro.com\/web\/wp-content\/uploads\/apego3leyenda-300x200.jpg 300w\" sizes=\"(max-width: 350px) 100vw, 350px\" \/><\/a>Las figuras de apego se establecen en base a los adultos significativos que el ni\u00f1o percibe como estables y disponibles, y es a partir de ellos que el ni\u00f1o construye una representaci\u00f3n afectiva de lo que es una persona. Una relaci\u00f3n de calidad en las primeras etapas, \u00a0le hubiera permitido al ni\u00f1o disponer de una representaci\u00f3n interna de sus figuras de apego, como disponibles pero separadas de s\u00ed mismo y esto \u00a0le hubiera servido como base de seguridad para explorar su entorno y a los extra\u00f1os. La calidad del apego es tan relevante porque determinar\u00e1 en su desarrollo aspectos tan importantes como la empat\u00eda, la modulaci\u00f3n de sus impulsos, deseos y pulsiones y sobre todo su capacidad para dar y recibir. Le dotar\u00e1 adem\u00e1s de recursos para manejar situaciones emocionalmente dif\u00edciles y frustrantes como las separaciones y\u00a0 las p\u00e9rdidas.\u00a0 Cuando un ni\u00f1o\u00a0 no ha tenido la posibilidad de establecer un apego primario de calidad en el curso de su primer a\u00f1o o en el m\u00e1ximo de los dos primeros a\u00f1os de vida, puede presentar a menudo, d\u00e9ficits en su desarrollo, en especial en el \u00e1mbito de sus comportamientos sociales y en el desarrollo de su aprendizaje. Estos d\u00e9ficits pueden alterar la capacidad de vincularse de forma emp\u00e1tica con los dem\u00e1s, as\u00ed como obtener buenos resultados en los procesos de aprendizaje. Desafortunadamente todos estos d\u00e9ficits est\u00e1n muy presentes en todos los ni\u00f1os adoptados, ya que son precisamente esas circunstancias de adversidad las que le llevaron a una nueva familia. Son la base de la mayor\u00eda de las dificultades que manifiestan en todos los \u00e1mbitos, por eso \u00a0es tan necesario \u00a0que los padres adoptivos manejen esta informaci\u00f3n \u00a0y se convierta en una herramienta imprescindible en el d\u00eda a d\u00eda.<\/p>\n<p><strong><em>Existe una relaci\u00f3n directa entre los trastornos de apego, trastornos de la empat\u00eda infantil y la incompetencia conyugal y parental.<\/em><\/strong><em> <strong>La experiencia cl\u00ednica permite afirmar que en los malos tratos siempre hay un trastorno de apego.<\/strong><\/em><\/p>\n<p><strong><em>\u00a0<\/em><\/strong><\/p>\n<p><strong>TIPOLOG\u00cdA DE LOS TRASTORNOS DE APEGO<\/strong><\/p>\n<p><a href=\"http:\/\/adopcionpuntodeencuentro.com\/web\/wp-content\/uploads\/apegocorazonleyenda.jpg\"><img loading=\"lazy\" decoding=\"async\" class=\"alignleft wp-image-1914 size-full\" src=\"http:\/\/adopcionpuntodeencuentro.com\/web\/wp-content\/uploads\/apegocorazonleyenda.jpg\" alt=\"apegocorazonleyenda\" width=\"300\" height=\"450\" srcset=\"https:\/\/adopcionpuntodeencuentro.com\/web\/wp-content\/uploads\/apegocorazonleyenda.jpg 300w, https:\/\/adopcionpuntodeencuentro.com\/web\/wp-content\/uploads\/apegocorazonleyenda-100x150.jpg 100w, https:\/\/adopcionpuntodeencuentro.com\/web\/wp-content\/uploads\/apegocorazonleyenda-200x300.jpg 200w\" sizes=\"(max-width: 300px) 100vw, 300px\" \/><\/a>Me gustar\u00eda hacer tambi\u00e9n una breve descripci\u00f3n de los tres tipos de <strong>apego inseguro<\/strong> atendiendo a las conductas que presentan los ni\u00f1os, porque creo que puede orientar a los padres y ayudarles a entender \u00a0muchas de sus conductas estereotipadas.<\/p>\n<p><strong>\u00a0<\/strong><strong><span style=\"text-decoration: underline;\">inseguro evitativo<\/span><\/strong>:\u00a0 El ni\u00f1o tiene una representaci\u00f3n de los otros como no disponibles y de s\u00ed mismo como capaz de controlarlo todo. Tiene muchas dificultades para la sociabilidad con sus iguales y sobre todo con los adultos. A menudo estos ni\u00f1os parecen excesivamente aut\u00f3nomos y autosuficientes. Se muestran de la misma manera en el contexto escolar como familiar.<\/p>\n<p><strong><span style=\"text-decoration: underline;\">\u00a0inseguro ansioso-ambivalente<\/span><\/strong>: Lo m\u00e1s destacado es que en el ni\u00f1o se observa que la conducta de apego est\u00e1\u00a0 activada la mayor parte del tiempo, ya que reclaman mucha atenci\u00f3n. Nunca se sienten suficientemente amados o atendidos. Tienden a cronificar las conductas de dependencia y la representaci\u00f3n de s\u00ed mismos como \u201cindefensos y solos, no queridos\u201d.<\/p>\n<p><strong><span style=\"text-decoration: underline;\">inseguro desorganizado<\/span><\/strong>: Lo presentan los ni\u00f1os m\u00e1s da\u00f1ados con posibles procesos traum\u00e1ticos. A menudo se observa en ellos cambios bruscos de \u00e1nimo con comportamientos desafiantes o violentos y a veces tambi\u00e9n una\u00a0 inhibici\u00f3n excesiva. Muestran da\u00f1o en el control de impulsos y en la regulaci\u00f3n\u00a0 de la agresividad.<\/p>\n<p>Otro tipo de apego especialmente preocupante y que cada vez con m\u00e1s frecuencia observamos en ni\u00f1os adoptados es del <strong>tipo inseguro \u201ccomplaciente\u201d<\/strong>; se percibe en ni\u00f1os que est\u00e1n muy desconectados a nivel emocional, que muestran una necesidad exagerada por complacer\u00a0 a todos y en especial a los adultos, sacrificando sus propias necesidades afectivas y manteniendo un nivel de auto-exigencia muy elevado destacando en el rendimiento escolar y dem\u00e1s actividades que realizan. Es a estos casos sobre todo a los que me refer\u00eda al principio, porque es f\u00e1cil que el sufrimiento del ni\u00f1o pase desapercibido a los adultos, ya que normalmente va cumpliendo las expectativas que sobre \u00e9l se han depositado. A veces preocupa a los padres la frialdad excesiva que muestran en sus sentimientos y la tristeza que acompa\u00f1a a su excesiva complacencia.<\/p>\n<p>No quiero dejar de mencionar para aquellos padres que se inicien en la adopci\u00f3n, una conducta de apego muy estereotipada en los ni\u00f1os adoptados sobre todo a su llegada, y es del <strong>tipo \u201cindiscriminado\u201d <\/strong>y lo m\u00e1s destacado de ellos es que se muestran tiernos y amorosos con cualquier persona que se les acerque. Dispuestos a irse de la mano del primer adulto que muestre inter\u00e9s en ellos. Muchos padres adoptivos cuentan a veces con alivio y otras con extra\u00f1eza como la primera vez que visitaron el orfanato hab\u00eda ni\u00f1os que se acercaban o les abrazaban al verle, incluso su propio hijo les recibi\u00f3 con un fuerte abrazo y este tipo de conducta se prolong\u00f3 en el tiempo despu\u00e9s de la llegada a casa. Estas conductas que se van modificando y mejorando con el tiempo a medida que el ni\u00f1o desarrolla un apego seguro con sus padres, no dejan de ser s\u00edntoma de un trastorno de apego inicial como consecuencia del abandono previo, de los malos tratos o de una institucionalizaci\u00f3n prolongada.<\/p>\n<p><strong><a href=\"http:\/\/adopcionpuntodeencuentro.com\/web\/wp-content\/uploads\/gracias.jpg\"><img loading=\"lazy\" decoding=\"async\" class=\"alignleft wp-image-1677\" src=\"http:\/\/adopcionpuntodeencuentro.com\/web\/wp-content\/uploads\/gracias-110x150.jpg\" alt=\"gracias\" width=\"95\" height=\"129\" srcset=\"https:\/\/adopcionpuntodeencuentro.com\/web\/wp-content\/uploads\/gracias-110x150.jpg 110w, https:\/\/adopcionpuntodeencuentro.com\/web\/wp-content\/uploads\/gracias-221x300.jpg 221w, https:\/\/adopcionpuntodeencuentro.com\/web\/wp-content\/uploads\/gracias.jpg 307w\" sizes=\"(max-width: 95px) 100vw, 95px\" \/><\/a><\/strong><\/p>\n<p>&nbsp;<\/p>\n<p><strong><a title=\"charo bio\" href=\"http:\/\/adopcionpuntodeencuentro.com\/web\/charo-blanco-guerrero-las-relaciones-primarias-con-las-figuras-de-apego\/\" target=\"_blank\" rel=\"noopener\">Charo Blanco Guerrero<\/a>.\u00a0<\/strong>Psic\u00f3loga. Psicoterapeuta Infantil.<\/p>\n<p><strong><a title=\"Centro concilia\" href=\"http:\/\/www.centroconcilia.es\/\" target=\"_blank\" rel=\"noopener\">Centro Concilia<\/a>.<\/strong> M\u00e1laga. Especializado en familias adoptivas y trastornos de conducta.<\/p>\n<p>&nbsp;<\/p>\n","protected":false},"excerpt":{"rendered":"<p>A veces me pongo en el lugar de esos padres que temen que llegue el d\u00eda de la dichosa tutor\u00eda, porque tienen miedo de escuchar de nuevo las mismas quejas de siempre, sinti\u00e9ndose un tanto cuestionados en su capacidad como educadores.Esta situaci\u00f3n se suma tambi\u00e9n a las dificultades en casa que est\u00e1n relacionadas de la misma manera, con la falta de l\u00edmites, con la falta de atenci\u00f3n y con una rabia a veces desproporcionada  que aparece con frecuencia ante el m\u00e1s m\u00ednimo atisbo de contrariedad.<\/p>\n","protected":false},"author":1,"featured_media":7403,"comment_status":"open","ping_status":"open","sticky":false,"template":"","format":"standard","meta":{"footnotes":""},"categories":[75,74,258,4,11,1,157],"tags":[64,47,56,27,45,69,230,55,20,16,15,126,51,70],"_links":{"self":[{"href":"https:\/\/adopcionpuntodeencuentro.com\/web\/wp-json\/wp\/v2\/posts\/1905"}],"collection":[{"href":"https:\/\/adopcionpuntodeencuentro.com\/web\/wp-json\/wp\/v2\/posts"}],"about":[{"href":"https:\/\/adopcionpuntodeencuentro.com\/web\/wp-json\/wp\/v2\/types\/post"}],"author":[{"embeddable":true,"href":"https:\/\/adopcionpuntodeencuentro.com\/web\/wp-json\/wp\/v2\/users\/1"}],"replies":[{"embeddable":true,"href":"https:\/\/adopcionpuntodeencuentro.com\/web\/wp-json\/wp\/v2\/comments?post=1905"}],"version-history":[{"count":10,"href":"https:\/\/adopcionpuntodeencuentro.com\/web\/wp-json\/wp\/v2\/posts\/1905\/revisions"}],"predecessor-version":[{"id":7404,"href":"https:\/\/adopcionpuntodeencuentro.com\/web\/wp-json\/wp\/v2\/posts\/1905\/revisions\/7404"}],"wp:featuredmedia":[{"embeddable":true,"href":"https:\/\/adopcionpuntodeencuentro.com\/web\/wp-json\/wp\/v2\/media\/7403"}],"wp:attachment":[{"href":"https:\/\/adopcionpuntodeencuentro.com\/web\/wp-json\/wp\/v2\/media?parent=1905"}],"wp:term":[{"taxonomy":"category","embeddable":true,"href":"https:\/\/adopcionpuntodeencuentro.com\/web\/wp-json\/wp\/v2\/categories?post=1905"},{"taxonomy":"post_tag","embeddable":true,"href":"https:\/\/adopcionpuntodeencuentro.com\/web\/wp-json\/wp\/v2\/tags?post=1905"}],"curies":[{"name":"wp","href":"https:\/\/api.w.org\/{rel}","templated":true}]}}