{"id":1927,"date":"2015-02-02T13:33:16","date_gmt":"2015-02-02T12:33:16","guid":{"rendered":"http:\/\/adopcionpuntodeencuentro.com\/web\/?p=1927"},"modified":"2015-02-19T20:12:43","modified_gmt":"2015-02-19T19:12:43","slug":"fui-adoptado-y-que","status":"publish","type":"post","link":"https:\/\/adopcionpuntodeencuentro.com\/web\/fui-adoptado-y-que\/","title":{"rendered":"FUI ADOPTADO \u00bfY QU\u00c9?"},"content":{"rendered":"<p><strong>FUI ADOPTADO \u00bfY QU\u00c9?<\/strong><br \/>\n<strong> Una nueva mirada de la adopci\u00f3n desde un enfoque sist\u00e9mico, comprensivo e integral<\/strong><\/p>\n<p><strong><a href=\"http:\/\/adopcionpuntodeencuentro.com\/web\/wp-content\/uploads\/fui-adoptada-y-que.jpg\"><img loading=\"lazy\" decoding=\"async\" class=\"alignleft wp-image-1929 size-medium\" src=\"http:\/\/adopcionpuntodeencuentro.com\/web\/wp-content\/uploads\/fui-adoptada-y-que-213x300.jpg\" alt=\"fui adoptada y que\" width=\"213\" height=\"300\" srcset=\"https:\/\/adopcionpuntodeencuentro.com\/web\/wp-content\/uploads\/fui-adoptada-y-que-213x300.jpg 213w, https:\/\/adopcionpuntodeencuentro.com\/web\/wp-content\/uploads\/fui-adoptada-y-que-106x150.jpg 106w, https:\/\/adopcionpuntodeencuentro.com\/web\/wp-content\/uploads\/fui-adoptada-y-que-425x600.jpg 425w, https:\/\/adopcionpuntodeencuentro.com\/web\/wp-content\/uploads\/fui-adoptada-y-que.jpg 596w\" sizes=\"(max-width: 213px) 100vw, 213px\" \/><\/a>Autora:<\/strong> \u00a0 M\u00aa Assumpci\u00f3 Roqueta Sureda. Psic\u00f2loga en Departament d&#8217;Educaci\u00f3 &#8211; Generalitat de Catalunya<\/p>\n<p><strong>Editorial:\u00a0<\/strong>Medici<\/p>\n<p>Este libro analiza todos los factores implicados en la adopci\u00f3n para encontrar las respuestas. Para ello, en el primer cap\u00edtulo se aborda la teor\u00eda del Apego, el Trauma, el Abandono, la Resiliencia y los aportes de la Neurociencia sobre el desarrollo cerebral. En los otros cap\u00edtulos, a partir de un enfoque sist\u00e9mico, se estudian todos los sistemas que rodean al ni\u00f1o y se dedica un cap\u00edtulo por sistema. Y de esta forma se analiza al propio ni\u00f1o, a la familia, a la escuela, al entorno social y a los recursos externos. Esta obra va dirigida tanto a padres como a profesionales ya que lo que se pretende es comprender en profundidad el funcionamiento de estos ni\u00f1os, sus dificultades y los factores que surgen de sus historias de vida y as\u00ed poder intervenir y darles respuesta a sus necesidades desde un modelo que no patologice<\/p>\n<p>FICHA T\u00c9CNICA:<\/p>\n<p>Introducci\u00f3n. Paradigmas, conceptos y fundamentos. Bowlby y la teor\u00eda del apego. \u00bfQu\u00e9 es el v\u00ednculo afectivo? \u00bfQu\u00e9 es el apego? Tipos o modelos de apego. Apego seguro. Apego inseguro. Apego inseguro-evitativo. Apego inseguro ambivalente. Apego desorganizado. Consecuencias para la adopci\u00f3n: aspectos destacables. Conocimiento de los aportes de la neurociencia sobre el desarrollo del cerebro. Epigen\u00e9tica y neuroplasticidad cerebral. Funcionamiento del cerebro. Estructuras inferiores o cerebro reptiliano. Sistema l\u00edmbico o cerebro emocional. La am\u00edgdala. Estructuras superiores o neoc\u00f3rtex. Consecuencias para la adopci\u00f3n: aspectos destacables. La resiliencia. \u00bfQu\u00e9 es la resiliencia? Tipos de resiliencia. Resiliencia primaria. Resiliencia secundaria. Resistencia resiliente. Tutores de resiliencia. La construcci\u00f3n de la resiliencia en los ni\u00f1os que han vivido un proceso de adopci\u00f3n. Factores que promueven resiliencia. Consecuencias para la adopci\u00f3n: aspectos destacables.<\/p>\n<p><strong>\u00a0Para saber m\u00e1s&#8230;<\/strong><\/p>\n<p><iframe loading=\"lazy\" style=\"width: 120px; height: 240px;\" src=\"http:\/\/rcm-eu.amazon-adsystem.com\/e\/cm?lt1=_blank&amp;bc1=000000&amp;IS2=1&amp;bg1=FFFFFF&amp;fc1=000000&amp;lc1=FF0030&amp;t=adopcionpunto-21&amp;o=30&amp;p=8&amp;l=as1&amp;m=amazon&amp;f=ifr&amp;ref=tf_til&amp;asins=8497991389\" width=\"300\" height=\"150\" frameborder=\"0\" marginwidth=\"0\" marginheight=\"0\" scrolling=\"no\"><\/iframe><\/p>\n","protected":false},"excerpt":{"rendered":"<p>FUI ADOPTADO \u00bfY QU\u00c9? Una nueva mirada de la adopci\u00f3n desde un enfoque sist\u00e9mico, comprensivo e integral Autora: \u00a0 M\u00aa Assumpci\u00f3 Roqueta Sureda. Psic\u00f2loga en Departament d&#8217;Educaci\u00f3 &#8211; Generalitat de Catalunya Editorial:\u00a0Medici Este libro analiza todos los factores implicados en la adopci\u00f3n para encontrar las respuestas. Para ello, en el primer cap\u00edtulo se aborda la &#8230;<\/p>\n","protected":false},"author":1,"featured_media":1929,"comment_status":"open","ping_status":"open","sticky":false,"template":"","format":"standard","meta":{"footnotes":""},"categories":[31,1],"tags":[27,69,55,20,32,28,79,15,126,70],"_links":{"self":[{"href":"https:\/\/adopcionpuntodeencuentro.com\/web\/wp-json\/wp\/v2\/posts\/1927"}],"collection":[{"href":"https:\/\/adopcionpuntodeencuentro.com\/web\/wp-json\/wp\/v2\/posts"}],"about":[{"href":"https:\/\/adopcionpuntodeencuentro.com\/web\/wp-json\/wp\/v2\/types\/post"}],"author":[{"embeddable":true,"href":"https:\/\/adopcionpuntodeencuentro.com\/web\/wp-json\/wp\/v2\/users\/1"}],"replies":[{"embeddable":true,"href":"https:\/\/adopcionpuntodeencuentro.com\/web\/wp-json\/wp\/v2\/comments?post=1927"}],"version-history":[{"count":6,"href":"https:\/\/adopcionpuntodeencuentro.com\/web\/wp-json\/wp\/v2\/posts\/1927\/revisions"}],"predecessor-version":[{"id":2158,"href":"https:\/\/adopcionpuntodeencuentro.com\/web\/wp-json\/wp\/v2\/posts\/1927\/revisions\/2158"}],"wp:featuredmedia":[{"embeddable":true,"href":"https:\/\/adopcionpuntodeencuentro.com\/web\/wp-json\/wp\/v2\/media\/1929"}],"wp:attachment":[{"href":"https:\/\/adopcionpuntodeencuentro.com\/web\/wp-json\/wp\/v2\/media?parent=1927"}],"wp:term":[{"taxonomy":"category","embeddable":true,"href":"https:\/\/adopcionpuntodeencuentro.com\/web\/wp-json\/wp\/v2\/categories?post=1927"},{"taxonomy":"post_tag","embeddable":true,"href":"https:\/\/adopcionpuntodeencuentro.com\/web\/wp-json\/wp\/v2\/tags?post=1927"}],"curies":[{"name":"wp","href":"https:\/\/api.w.org\/{rel}","templated":true}]}}