{"id":2436,"date":"2015-03-19T09:14:46","date_gmt":"2015-03-19T08:14:46","guid":{"rendered":"http:\/\/adopcionpuntodeencuentro.com\/web\/?p=2436"},"modified":"2016-03-19T09:27:00","modified_gmt":"2016-03-19T08:27:00","slug":"ser-padre-andoni-mendia","status":"publish","type":"post","link":"https:\/\/adopcionpuntodeencuentro.com\/web\/ser-padre-andoni-mendia\/","title":{"rendered":"Ser Padre. Andoni Mend\u00eda"},"content":{"rendered":"<p><em>\u00a0<strong>Tres segundos bastan a un hombre para ser progenitor.<\/strong><\/em><\/p>\n<p><em><strong>Ser padre es algo muy distinto.<\/strong><\/em><\/p>\n<p><em><strong>En rigor s\u00f3lo hay padres adoptivos.<\/strong><\/em><\/p>\n<p><em><strong>Todo padre verdadero ha de adoptar a su hijo.<\/strong><\/em><\/p>\n<p><a title=\"f DOLTO\" href=\"http:\/\/es.wikipedia.org\/wiki\/Fran%C3%A7oise_Dolto\" target=\"_blank\"><strong>Fran\u00e7oise Dolto<\/strong><\/a><\/p>\n<p><strong><a href=\"http:\/\/adopcionpuntodeencuentro.com\/web\/wp-content\/uploads\/FRAN\u00c7OISE-DOLTO.jpg\"><img loading=\"lazy\" decoding=\"async\" class=\"alignleft wp-image-2441\" src=\"http:\/\/adopcionpuntodeencuentro.com\/web\/wp-content\/uploads\/FRAN\u00c7OISE-DOLTO.jpg\" alt=\"FRAN\u00c7OISE DOLTO\" width=\"400\" height=\"268\" srcset=\"https:\/\/adopcionpuntodeencuentro.com\/web\/wp-content\/uploads\/FRAN\u00c7OISE-DOLTO.jpg 552w, https:\/\/adopcionpuntodeencuentro.com\/web\/wp-content\/uploads\/FRAN\u00c7OISE-DOLTO-150x101.jpg 150w, https:\/\/adopcionpuntodeencuentro.com\/web\/wp-content\/uploads\/FRAN\u00c7OISE-DOLTO-300x201.jpg 300w\" sizes=\"(max-width: 400px) 100vw, 400px\" \/><\/a><\/strong><\/p>\n<p>Cuando mi pareja y yo nos planteamos la posibilidad de adoptar un ni\u00f1o creo que la primera interrogante que se me suscit\u00f3 fu\u00e9 la de la posible dificultad que pudiera suponer ser padre sin ser genitor.<\/p>\n<p>Eso signific\u00f3 un peque\u00f1o lapso de tiempo porque ten\u00eda la impresi\u00f3n de que lo fundamental para mi era poder colocarme en ese lugar que significa:<strong> \u201cser padre\u201d<\/strong>. Creo que ocupar ese lugar simb\u00f3lico, ese desde el que se ejerce la funci\u00f3n paterna era lo sustancial. Asumir esa posici\u00f3n me parec\u00eda que era mucho m\u00e1s real que el hecho de ser o no genitor de un ni\u00f1o que ser\u00e1 tu hijo\u2026<\/p>\n<p>El proceso de adopci\u00f3n fu\u00e9 ETERNO (como unos cuatro a\u00f1os hasta que pudimos ir a por nuestro hijo) as\u00ed que hubo tiempo para poder ir sintiendo todo este proceso de acomodaci\u00f3n con relativa confianza. A veces hay parejas que se quejan de que estos procesos son excesivamente largos, desesperan en esta larga espera\u2026para mi creo que este larg\u00edsimo proceso sirvi\u00f3 para:<\/p>\n<ul>\n<li><strong>Tomar conciencia de la consistencia de mi deseo de adoptar y ser padre.<\/strong><\/li>\n<li><strong>Dar tiempo y lugar para que ese deseo cristalizara, se hiciera real y me ayudara para prepararme a ese nuevo espacio que iba a cambiar mi vida radicalmente.<\/strong><\/li>\n<\/ul>\n<p>Ll<img loading=\"lazy\" decoding=\"async\" class=\"alignleft wp-image-2437\" src=\"http:\/\/adopcionpuntodeencuentro.com\/web\/wp-content\/uploads\/FRAN\u00c7OISE-d1-300x285.jpg\" alt=\"FRAN\u00c7OISE d1\" width=\"350\" height=\"333\" srcset=\"https:\/\/adopcionpuntodeencuentro.com\/web\/wp-content\/uploads\/FRAN\u00c7OISE-d1-300x285.jpg 300w, https:\/\/adopcionpuntodeencuentro.com\/web\/wp-content\/uploads\/FRAN\u00c7OISE-d1-150x143.jpg 150w, https:\/\/adopcionpuntodeencuentro.com\/web\/wp-content\/uploads\/FRAN\u00c7OISE-d1-52x50.jpg 52w, https:\/\/adopcionpuntodeencuentro.com\/web\/wp-content\/uploads\/FRAN\u00c7OISE-d1.jpg 450w\" sizes=\"(max-width: 350px) 100vw, 350px\" \/>egamos al pa\u00eds de origen de nuestro hijo y la primera impresi\u00f3n al verlo por primera vez fue muy llamativa. Me sent\u00eda como cualquier padre que ve nacer a su hijo; es decir, cuando esperas el nacimiento de un hijo puedes tener fantas\u00edas de que ser\u00e1 alto o bajo, rubio o moreno,guapo o feo\u2026pero uno nunca sabe con quien se va a encontrar, hay que hacer un proceso de adopci\u00f3n, decir: \u201csi, este es mi hijo y yo soy su padre\u201d, as\u00ed que en ese sentido la experiencia me parece la misma que la de cualquier padre\u2026dir\u00eda que la \u00fanica diferencia es que me encontr\u00e9 con un ni\u00f1o de cuatro a\u00f1os y no un reci\u00e9n nacido. Pero s\u00ed que es cierto que me sorprend\u00ed con la inmediatez de ese sentimiento de que estaba delante de mi hijo (cosa que una jueza corroborar\u00eda unos cuantos d\u00edas m\u00e1s tarde).<\/p>\n<p>Asi que asumo la letra de Fran\u00e7oise Dolto cuando dice que <em>genitor o no, un padre siempre tiene que adoptar a su hijo.<\/em><\/p>\n[&#8230;.]\n<p>En fin, m\u00e1s all\u00e1 de esta reflexi\u00f3n del campo de lo PSI\u2026(que me enciende a veces, lo reconozco) est\u00e1 mi deseo como hombre y como padre de estar presente con todas las consecuencias \u2026..aunque, parad\u00f3jicamente creo que cualquier padre es insuficiente (al menos en la pretensi\u00f3n de llenar todo ese espacio) e igualmente ilusoria es la pretensi\u00f3n de encarnar al padre ideal\u2026asi que\u2026.no es f\u00e1cil ubicarse en ese lugar aunque pensar de esta manera me reconforta\u2026y me sirve para creer que puedo transmitir a mi hijo que con esto SE PUEDE.<\/p>\n<p>&nbsp;<\/p>\n<h3><span style=\"color: #f50f58;\"><strong>\u00a0Fran\u00e7oise Dolto<\/strong><\/span><\/h3>\n<p>La gran sensibilidad de<a title=\"f DOLTO\" href=\"http:\/\/es.wikipedia.org\/wiki\/Fran%C3%A7oise_Dolto\" target=\"_blank\"><strong> Fran\u00e7oise Dolto<\/strong><\/a> hacia los ni\u00f1os se vio reflejada en sus numerosos art\u00edculos, conferencias y seminarios. Esta obra es una recopilaci\u00f3n de escritos dispersos de la autora sobre la educaci\u00f3n dentro de la familia. Los lectores encontrar\u00e1n aqu\u00ed respuestas a muchos interrogantes, soluciones a proble<span id=\"sinopsis\" class=\"expand-content expand-hide\">mas comunes de la vida cotidiana y familiar desde un punto de vista serio y profesional, en un lenguaje claro y accesible, sin dejar por ello de estar avaladas por el prestigio, el rigor te\u00f3rico y la experiencia cl\u00ednica de la autora. Desde el ni\u00f1o que dice mentiras al que se niega a obedecer, o el que empieza a querer hacer valer sus opiniones, todos encuentran en estos textos la atenci\u00f3n comprensiva y firme de Fran\u00e7oise Dolto. Como dec\u00eda Fran\u00e7oise Dolto, muchas veces la angustia y la tensi\u00f3n de los padres puede ser aliviada con unas palabras que les \u201cdespierten\u201d, para que puedan mejorar la relaci\u00f3n con sus hijos y se comuniquen mejor con ellos en un espacio de respeto mutuo. La obra de Fran\u00e7oise Dolto nos recuerda que \u201ceducar es suscitar la inteligencia, las fuerzas creativas de un ni\u00f1o o una ni\u00f1a dentro de sus propios l\u00edmites para que se sienta libre de pensar, sentir y juzgar de manera independiente y con amor\u201d. <\/span><br \/>\n<strong><em><a href=\"http:\/\/adopcionpuntodeencuentro.com\/web\/wp-content\/uploads\/gracias.jpg\"><img loading=\"lazy\" decoding=\"async\" class=\"alignleft size-thumbnail wp-image-1677\" src=\"http:\/\/adopcionpuntodeencuentro.com\/web\/wp-content\/uploads\/gracias-110x150.jpg\" alt=\"gracias\" width=\"110\" height=\"150\" srcset=\"https:\/\/adopcionpuntodeencuentro.com\/web\/wp-content\/uploads\/gracias-110x150.jpg 110w, https:\/\/adopcionpuntodeencuentro.com\/web\/wp-content\/uploads\/gracias-221x300.jpg 221w, https:\/\/adopcionpuntodeencuentro.com\/web\/wp-content\/uploads\/gracias.jpg 307w\" sizes=\"(max-width: 110px) 100vw, 110px\" \/><\/a><\/em><\/strong><\/p>\n<p>&nbsp;<\/p>\n<p><strong><em>|<a title=\"Andoni Mend\u00eda\" href=\"http:\/\/https:\/\/andonimendia.wordpress.com\/\" target=\"_blank\">\u00a0Andoni Mend\u00eda.<\/a>\u00a0Psicoterape\u00fata \u00a0que trabaja con menores que han pasado por una situaci\u00f3n de adopci\u00f3n |y\/o acogimiento.\u00a0Pertenece \u00a0a la asociaci\u00f3n <a href=\"http:\/\/www.umealaiabizkaia.com\/\" target=\"_blank\"><strong>Ume Alaia <\/strong><\/a>(Bizkaia)\u00a0<\/em><\/strong><\/p>\n<p><strong>|Web personal<\/strong>:\u00a0<strong><a title=\"JATORRIA\" href=\"https:\/\/jatorria.wordpress.com\/\" target=\"_blank\">JATORRIA<\/a><\/strong><\/p>\n<p>&nbsp;<\/p>\n<p><span id=\"sinopsis\" class=\"expand-content expand-hide\"><div class='divider' > <\/div><\/span><\/p>\n<p><iframe loading=\"lazy\" style=\"width: 120px; height: 240px;\" src=\"http:\/\/rcm-eu.amazon-adsystem.com\/e\/cm?t=adopcionpunto-21&amp;o=30&amp;p=8&amp;l=as1&amp;asins=8449305160&amp;ref=qf_sp_asin_til&amp;fc1=000000&amp;IS2=1&amp;lt1=_blank&amp;m=amazon&amp;lc1=FF0030&amp;bc1=000000&amp;bg1=FFFFFF&amp;f=ifr\" width=\"300\" height=\"150\"><\/iframe><\/p>\n","protected":false},"excerpt":{"rendered":"<p>LLegamos al pais de origen de nuestro hijo y la primera impresi\u00f3n al verlo por primera vez fu\u00e9 muy llamativa. Me sent\u00eda como cualquier padre que ve nacer a su hijo; es decir, cuando esperas el nacimiento de un hijo puedes tener fantasias de que ser\u00e1 alto o bajo, rubio o moreno,guapo o feo\u2026<\/p>\n","protected":false},"author":1,"featured_media":2447,"comment_status":"open","ping_status":"open","sticky":false,"template":"","format":"standard","meta":{"footnotes":""},"categories":[75,1],"tags":[27,49,155,144],"_links":{"self":[{"href":"https:\/\/adopcionpuntodeencuentro.com\/web\/wp-json\/wp\/v2\/posts\/2436"}],"collection":[{"href":"https:\/\/adopcionpuntodeencuentro.com\/web\/wp-json\/wp\/v2\/posts"}],"about":[{"href":"https:\/\/adopcionpuntodeencuentro.com\/web\/wp-json\/wp\/v2\/types\/post"}],"author":[{"embeddable":true,"href":"https:\/\/adopcionpuntodeencuentro.com\/web\/wp-json\/wp\/v2\/users\/1"}],"replies":[{"embeddable":true,"href":"https:\/\/adopcionpuntodeencuentro.com\/web\/wp-json\/wp\/v2\/comments?post=2436"}],"version-history":[{"count":13,"href":"https:\/\/adopcionpuntodeencuentro.com\/web\/wp-json\/wp\/v2\/posts\/2436\/revisions"}],"predecessor-version":[{"id":4974,"href":"https:\/\/adopcionpuntodeencuentro.com\/web\/wp-json\/wp\/v2\/posts\/2436\/revisions\/4974"}],"wp:featuredmedia":[{"embeddable":true,"href":"https:\/\/adopcionpuntodeencuentro.com\/web\/wp-json\/wp\/v2\/media\/2447"}],"wp:attachment":[{"href":"https:\/\/adopcionpuntodeencuentro.com\/web\/wp-json\/wp\/v2\/media?parent=2436"}],"wp:term":[{"taxonomy":"category","embeddable":true,"href":"https:\/\/adopcionpuntodeencuentro.com\/web\/wp-json\/wp\/v2\/categories?post=2436"},{"taxonomy":"post_tag","embeddable":true,"href":"https:\/\/adopcionpuntodeencuentro.com\/web\/wp-json\/wp\/v2\/tags?post=2436"}],"curies":[{"name":"wp","href":"https:\/\/api.w.org\/{rel}","templated":true}]}}