{"id":255,"date":"2014-10-14T08:00:10","date_gmt":"2014-10-14T08:00:10","guid":{"rendered":"http:\/\/adopcionpuntodeencuentro.com\/web\/?p=255"},"modified":"2014-10-14T17:20:49","modified_gmt":"2014-10-14T17:20:49","slug":"viii-congreso-internacional-afin-2","status":"publish","type":"post","link":"https:\/\/adopcionpuntodeencuentro.com\/web\/viii-congreso-internacional-afin-2\/","title":{"rendered":"VIII CONGRESO INTERNACIONAL AFIN"},"content":{"rendered":"<h3><strong>DE ADOPCIONES, ACOGIMIENTOS Y NACIMIENTOS: \u2018DIVERSIDADES\u2019 Y \u2018NORMALIDADES\u2019<\/strong><br \/>\n<strong> 23, 24 y 25 de octubre de 2014. ZARAGOZA<\/strong><\/h3>\n<p>En este mes y Bajo el t\u00edtulo de Adopciones, Acogimientos y Nacimientos: \u00abDiversidades\u00bb y \u00abNormalidades\u00bb, se celebra en Zaragoza uno de los encuentros m\u00e1s interesantes sobre el tema quetanto nos preocupa a los que estamos inmersos en el mundo de la adopci\u00f3n, no s\u00f3lo los padres sino los profesionales de todos los sectores que tienen que ver con la infancia estar\u00e1n muy pendientes de las ponencias, de las mesas de trabajo y de las conclusiones que se deriven de unas jornadas que sin duda servir\u00e1n para ahondar en el conocimiento y desarrollo de muchos aspectos del mundo adoptivo.<\/p>\n<p>Este congreso organizado por <a title=\"AFIN\" href=\"http:\/\/www.uab.cat\/web\/-1268724362664.html\" target=\"_blank\">AFIN<\/a> con la colaboraci\u00f3n de \u00a0la<a title=\"AFADA\" href=\"http:\/\/www.afada.org\/:\/\/\" target=\"_blank\">\u00a0Asociaci\u00f3n AFADA<\/a> y de la <a title=\"CORA\" href=\"http:\/\/www.coraenlared.org\/\" target=\"_blank\">Federaci\u00f3n CORA<\/a>, va a conseguir reunir a especialistas diversos en campos como la antropolog\u00eda, sociolog\u00eda , psicolog\u00eda, demograf\u00eda, medicina, as\u00ed como a historiadores, psicoterapeutas, abogados, trabajadores sociales, todos ellos expertos en infancia, acogimiento y adopci\u00f3n. Su programa refleja la importancia y el inter\u00e9s de las sesiones.<\/p>\n<ul>\n<li>La Medicalizaci\u00f3n de las Diferencias en la Infancia.<\/li>\n<li>Adopciones, Acogimientos y Nacimientos.<\/li>\n<li>Tendencias Internacionales en Adopci\u00f3n Internacional y Gestaci\u00f3n Subrogada.<\/li>\n<li>Familias, Asociaciones y Movimientos Sociales.<\/li>\n<li>Del lado de ni\u00f1os y ni\u00f1as: adopci\u00f3n nacional en el reino unido.<\/li>\n<li>Infancia, familia y pol\u00edticas p\u00fablicas en Espa\u00f1a.<\/li>\n<li>Cuidado, Familias, Parentesco y Pol\u00edticas P\u00fablicas.<\/li>\n<li>Apertura y Contacto en la Postadopci\u00f3n: El punto de vista de ni\u00f1os, padres adoptivos y familiares biol\u00f3gicos.<\/li>\n<li>Adolescencia y Adolescentes.<\/li>\n<li>Como (no) hablar sobre&#8230;<\/li>\n<li>Aprendiendo en la Escuela.<\/li>\n<li>Gestionar la Dificultades Derivadas del FASD.<\/li>\n<li>\u00bfS\u00edntomas , \u201ctrastornos\u201d, (dis)funciones , disrupciones o diversidades?<\/li>\n<li>\u00abNuevas\u00bb Paternidades.<\/li>\n<\/ul>\n<h3><span style=\"color: #f20c59;\"><strong>Estos son los programas donde recogen toda la informaci\u00f3n.\u00a0<\/strong><\/span><\/h3>\n<p>(CLICK EN LA IMAGEN\u00a0PARA VER M\u00c1S N\u00cdTIDO)<\/p>\n<p>&nbsp;<\/p>\n<div id=\"attachment_241\" style=\"width: 380px\" class=\"wp-caption alignleft\"><a href=\"http:\/\/adopcionpuntodeencuentro.com\/web\/wp-content\/uploads\/2014\/10\/Clipboard00.jpg\"><img loading=\"lazy\" decoding=\"async\" aria-describedby=\"caption-attachment-241\" class=\"wp-image-241 \" src=\"http:\/\/adopcionpuntodeencuentro.com\/web\/wp-content\/uploads\/2014\/10\/Clipboard00-300x208.jpg\" alt=\"\" width=\"370\" height=\"257\" srcset=\"https:\/\/adopcionpuntodeencuentro.com\/web\/wp-content\/uploads\/2014\/10\/Clipboard00-300x208.jpg 300w, https:\/\/adopcionpuntodeencuentro.com\/web\/wp-content\/uploads\/2014\/10\/Clipboard00-1024x713.jpg 1024w, https:\/\/adopcionpuntodeencuentro.com\/web\/wp-content\/uploads\/2014\/10\/Clipboard00.jpg 1120w\" sizes=\"(max-width: 370px) 100vw, 370px\" \/><\/a><p id=\"caption-attachment-241\" class=\"wp-caption-text\">VIII CONGRESO INTERNACIONAL AFIN JORNADA I<\/p><\/div>\n<div id=\"attachment_240\" style=\"width: 379px\" class=\"wp-caption alignright\"><a href=\"http:\/\/adopcionpuntodeencuentro.com\/web\/wp-content\/uploads\/2014\/10\/Clipboard011.jpg\"><img loading=\"lazy\" decoding=\"async\" aria-describedby=\"caption-attachment-240\" class=\"wp-image-240 \" src=\"http:\/\/adopcionpuntodeencuentro.com\/web\/wp-content\/uploads\/2014\/10\/Clipboard011-300x206.jpg\" alt=\"\" width=\"369\" height=\"253\" srcset=\"https:\/\/adopcionpuntodeencuentro.com\/web\/wp-content\/uploads\/2014\/10\/Clipboard011-300x206.jpg 300w, https:\/\/adopcionpuntodeencuentro.com\/web\/wp-content\/uploads\/2014\/10\/Clipboard011-1024x704.jpg 1024w, https:\/\/adopcionpuntodeencuentro.com\/web\/wp-content\/uploads\/2014\/10\/Clipboard011.jpg 1118w\" sizes=\"(max-width: 369px) 100vw, 369px\" \/><\/a><p id=\"caption-attachment-240\" class=\"wp-caption-text\">VIII CONGRESO INTERNACIONAL AFIN JORNADAS II Y III<\/p><\/div>\n<h4><\/h4>\n<p>&nbsp;<\/p>\n<p>&nbsp;<\/p>\n<p>&nbsp;<\/p>\n<p>&nbsp;<\/p>\n<p>&nbsp;<\/p>\n<p>&nbsp;<\/p>\n<p>&nbsp;<\/p>\n<h4><a title=\"VIII Congreso Internacional AFIN en Zaragoza\" href=\"http:\/\/www.arfacyl.org\/node\/537\" target=\"_blank\">Para m\u00e1s informaci\u00f3n pincha AQU\u00cd<\/a><\/h4>\n","protected":false},"excerpt":{"rendered":"<p>DE ADOPCIONES, ACOGIMIENTOS Y NACIMIENTOS: \u2018DIVERSIDADES\u2019 Y \u2018NORMALIDADES\u2019 23, 24 y 25 de octubre de 2014. ZARAGOZA En este mes y Bajo el t\u00edtulo de Adopciones, Acogimientos y Nacimientos: \u00abDiversidades\u00bb y \u00abNormalidades\u00bb, se celebra en Zaragoza uno de los encuentros m\u00e1s interesantes sobre el tema quetanto nos preocupa a los que estamos inmersos en el &#8230;<\/p>\n","protected":false},"author":1,"featured_media":0,"comment_status":"open","ping_status":"open","sticky":false,"template":"","format":"standard","meta":{"footnotes":""},"categories":[30,33,1,35],"tags":[],"_links":{"self":[{"href":"https:\/\/adopcionpuntodeencuentro.com\/web\/wp-json\/wp\/v2\/posts\/255"}],"collection":[{"href":"https:\/\/adopcionpuntodeencuentro.com\/web\/wp-json\/wp\/v2\/posts"}],"about":[{"href":"https:\/\/adopcionpuntodeencuentro.com\/web\/wp-json\/wp\/v2\/types\/post"}],"author":[{"embeddable":true,"href":"https:\/\/adopcionpuntodeencuentro.com\/web\/wp-json\/wp\/v2\/users\/1"}],"replies":[{"embeddable":true,"href":"https:\/\/adopcionpuntodeencuentro.com\/web\/wp-json\/wp\/v2\/comments?post=255"}],"version-history":[{"count":20,"href":"https:\/\/adopcionpuntodeencuentro.com\/web\/wp-json\/wp\/v2\/posts\/255\/revisions"}],"predecessor-version":[{"id":295,"href":"https:\/\/adopcionpuntodeencuentro.com\/web\/wp-json\/wp\/v2\/posts\/255\/revisions\/295"}],"wp:attachment":[{"href":"https:\/\/adopcionpuntodeencuentro.com\/web\/wp-json\/wp\/v2\/media?parent=255"}],"wp:term":[{"taxonomy":"category","embeddable":true,"href":"https:\/\/adopcionpuntodeencuentro.com\/web\/wp-json\/wp\/v2\/categories?post=255"},{"taxonomy":"post_tag","embeddable":true,"href":"https:\/\/adopcionpuntodeencuentro.com\/web\/wp-json\/wp\/v2\/tags?post=255"}],"curies":[{"name":"wp","href":"https:\/\/api.w.org\/{rel}","templated":true}]}}