{"id":2687,"date":"2015-04-20T09:36:59","date_gmt":"2015-04-20T07:36:59","guid":{"rendered":"http:\/\/adopcionpuntodeencuentro.com\/web\/?p=2687"},"modified":"2016-03-18T19:26:00","modified_gmt":"2016-03-18T18:26:00","slug":"congreso-sobre-adopcion-y-acogimiento-mirando-al-mundo-de-los-ninos-segovia","status":"publish","type":"post","link":"https:\/\/adopcionpuntodeencuentro.com\/web\/congreso-sobre-adopcion-y-acogimiento-mirando-al-mundo-de-los-ninos-segovia\/","title":{"rendered":"CONGRESO SOBRE ADOPCI\u00d3N Y ACOGIMIENTO.\u00bbMirando al mundo de los ni\u00f1os\u00bb. Segovia."},"content":{"rendered":"<p>Se ha celebrado en S<a href=\"http:\/\/adopcionpuntodeencuentro.com\/web\/wp-content\/uploads\/Clipboard04.jpg\"><img loading=\"lazy\" decoding=\"async\" class=\"alignleft wp-image-2694 size-medium\" src=\"http:\/\/adopcionpuntodeencuentro.com\/web\/wp-content\/uploads\/Clipboard04-300x121.jpg\" alt=\"Clipboard04\" width=\"300\" height=\"121\" srcset=\"https:\/\/adopcionpuntodeencuentro.com\/web\/wp-content\/uploads\/Clipboard04-300x121.jpg 300w, https:\/\/adopcionpuntodeencuentro.com\/web\/wp-content\/uploads\/Clipboard04-150x61.jpg 150w, https:\/\/adopcionpuntodeencuentro.com\/web\/wp-content\/uploads\/Clipboard04-600x243.jpg 600w, https:\/\/adopcionpuntodeencuentro.com\/web\/wp-content\/uploads\/Clipboard04.jpg 831w\" sizes=\"(max-width: 300px) 100vw, 300px\" \/><\/a>egovia<strong> \u00a0<a title=\"mirando \" href=\"http:\/\/www.mirandoalmundo.es\/\" target=\"_blank\">\u201cMirando al mundo de los ni\u00f1os\u00bb<\/a>\u00a0 <\/strong>un\u00a0congreso\u00a0sobre Adopci\u00f3n y Acogimiento,\u00a0dirigido a todas las madres y padres, profesores, psicoped\u00e1gogos, logopedas, psic\u00f3logos y a cualquier persona que quisiera conocer\u00a0 la realidad de miles de ni\u00f1os de nuestra sociedad.<\/p>\n<p>Profesionales especialistas en el tema \u00a0de nuestro pa\u00eds, compusieron las distintas mesas y paneles:<\/p>\n<p><a href=\"http:\/\/adopcionpuntodeencuentro.com\/web\/wp-content\/uploads\/anab1.jpg\"><img loading=\"lazy\" decoding=\"async\" class=\"alignleft wp-image-2688 size-medium\" src=\"http:\/\/adopcionpuntodeencuentro.com\/web\/wp-content\/uploads\/anab1-300x240.jpg\" alt=\"anab1\" width=\"300\" height=\"240\" srcset=\"https:\/\/adopcionpuntodeencuentro.com\/web\/wp-content\/uploads\/anab1-300x240.jpg 300w, https:\/\/adopcionpuntodeencuentro.com\/web\/wp-content\/uploads\/anab1-150x120.jpg 150w, https:\/\/adopcionpuntodeencuentro.com\/web\/wp-content\/uploads\/anab1-600x479.jpg 600w, https:\/\/adopcionpuntodeencuentro.com\/web\/wp-content\/uploads\/anab1.jpg 661w\" sizes=\"(max-width: 300px) 100vw, 300px\" \/><\/a>\u00a0<strong>Ana Ber\u00e1stegui Pedroviejo . \u00a0<\/strong>Universidad de Comillas. Especialista, investigadora y escritora sobre adopci\u00f3n, y cuestiones relacionadas con la adaptaci\u00f3n psicosocial,familiar, racial y cultural de los menores y sus familias. <strong>que habl\u00f3 sobre <\/strong>\u00a0<strong>\u201c Infancias diversas en la Escuela\u201d <\/strong>y fue presentada y acompa\u00f1ada en la mesa por <strong>Jaime Ledesma del Busto<\/strong> .mediador\u00a0 en la voz de los adoptados en la b\u00fasqueda de or\u00edgenes , Director del centro MADOP y autor de En b\u00fasqueda de tu espejo biol\u00f3gico.<\/p>\n<p><strong>Beatriz Gonz\u00e1lez Luna<\/strong>. Conferencia <strong>\u201c\u00bfComo aprenden los ni\u00f1os? Neuropsicolog\u00eda para familias y maestros\u201d<\/strong>.Psic\u00f3loga, orientadora y mediadora familiar, master en neuropsicolog\u00eda y educaci\u00f3n, especialista en comunicaci\u00f3n familiar. Ha publicado \u00ab<a title=\"libro ana\" href=\"http:\/\/adopcionpuntodeencuentro.com\/web\/el-impacto-del-abandono\/\" target=\"_blank\">Neuropsicolog\u00eda del abandono y el maltrato infantil<\/a><strong>\u00bb <\/strong>En colaboraci\u00f3n con otros autores.<\/p>\n<p><strong>\u00c1ngel Reija Mart\u00edn. <\/strong>Con la conferencia<strong> \u00ab<strong>La nutrici\u00f3n, la gran olvidada en el aprendizaje y desarrollo de nuestros hijos<\/strong>\u00ab.\u00a0<\/strong>Licenciado en Biolog\u00eda. Especialista en Terapias Naturales. Diplomado en Patolog\u00eda Ambiental por la Universidad Complutense de Madrid.<\/p>\n<p><strong>Jos\u00e9 Angel Gim\u00e9nez .<\/strong>Psic\u00f3logo, profesor de Psicolog\u00eda Social en la universidad de Zaragoza. T\u00e9cnico de Protecci\u00f3n de Menores en el \u00e1mbito del acogimiento familiar y adopci\u00f3n. Experto internacional para Latinoam\u00e9rica en adopci\u00f3n y acogimiento. Escritor de <a title=\"indomito\" href=\"http:\/\/wp.me\/p56Gk1-CM\" target=\"_blank\">\u00ab<span style=\"color: #000000;\"><strong>Ind\u00f3mito y entra\u00f1able, el hijo que vino de fuera\u00bb<\/strong><\/span><\/a>.<\/p>\n<p>Con la conferencia titulada:\u00a0<strong>\u201cNuevos tipos de familias: Acogimiento y Adopci\u00f3n\u201d.<\/strong><strong>\u00a0<\/strong><\/p>\n<p><a href=\"http:\/\/adopcionpuntodeencuentro.com\/web\/wp-content\/uploads\/informe-afadena2.jpg\"><img loading=\"lazy\" decoding=\"async\" class=\"alignleft wp-image-2690 size-medium\" src=\"http:\/\/adopcionpuntodeencuentro.com\/web\/wp-content\/uploads\/informe-afadena2-283x300.jpg\" alt=\"informe afadena2\" width=\"283\" height=\"300\" srcset=\"https:\/\/adopcionpuntodeencuentro.com\/web\/wp-content\/uploads\/informe-afadena2-283x300.jpg 283w, https:\/\/adopcionpuntodeencuentro.com\/web\/wp-content\/uploads\/informe-afadena2-142x150.jpg 142w, https:\/\/adopcionpuntodeencuentro.com\/web\/wp-content\/uploads\/informe-afadena2.jpg 403w\" sizes=\"(max-width: 283px) 100vw, 283px\" \/><\/a>Destacar entre las mesas de debate la moderada por <strong>Montse Lapastora<\/strong>: Directora de los centros de Psicoveritas en Madrid y autora del libro <strong>\u00a0\u00abNi\u00f1os Adoptados\u00bb<\/strong>. En la que expusieron sus experiencias<strong>: Iolanda Iratxe Serrano<\/strong>. Presidenta de La voz de los adoptados. <strong>Adolfo Garc\u00eda Garacoichea<\/strong>. \u00a0Coordinador de CORA. <strong>Luis Velasco Rodrig\u00e1lvarez<\/strong>. \u00a0Educador de la Unidad de Intervenci\u00f3n Educativa de Segovia.<strong> Arancha Freire Erguido<\/strong>, persona acogida. <strong>Mariu Diaz-Miguel Garc\u00eda, Angel Blasco San Juan<\/strong>. Matrimonio de acogida de la\u00a0 Asociaci\u00f3n AFASEGO.<\/p>\n<p>Y la denominada \u201c\u00bb<strong>Una escuela abierta para todos es posible<\/strong>\u00bb moderada <strong>por Luis Rodrigo Martin<\/strong>: Licenciado en derecho y publicidad, doctor en Comunicaci\u00f3n audiovisual y publicidad,\u00a0 profesor de la Universidad de Valladolid.<\/p>\n<p>&nbsp;<\/p>\n<p>Tambi\u00e9n subrayar la presentaci\u00f3n simult\u00e1nea del <strong>informe de la Comisi\u00f3n de Educaci\u00f3n de AFADENA<\/strong> que ser\u00e1 remitido a la comunidad educativa.<\/p>\n<p><a href=\"http:\/\/adopcionpuntodeencuentro.com\/web\/wp-content\/uploads\/mirando3.jpg\"><img loading=\"lazy\" decoding=\"async\" class=\"alignleft wp-image-2691 size-medium\" src=\"http:\/\/adopcionpuntodeencuentro.com\/web\/wp-content\/uploads\/mirando3-300x217.jpg\" alt=\"mirando3\" width=\"300\" height=\"217\" srcset=\"https:\/\/adopcionpuntodeencuentro.com\/web\/wp-content\/uploads\/mirando3-300x217.jpg 300w, https:\/\/adopcionpuntodeencuentro.com\/web\/wp-content\/uploads\/mirando3-150x108.jpg 150w, https:\/\/adopcionpuntodeencuentro.com\/web\/wp-content\/uploads\/mirando3-600x434.jpg 600w, https:\/\/adopcionpuntodeencuentro.com\/web\/wp-content\/uploads\/mirando3.jpg 682w\" sizes=\"(max-width: 300px) 100vw, 300px\" \/><\/a>Afadena (<a href=\"http:\/\/www.afadena.es\/\">Asociaci\u00f3n de Familias Adoptivas de Navarra<\/a>) \u00a0cre\u00f3 una Comisi\u00f3n de Educaci\u00f3n para elaborar un informe que recogiera toda la informaci\u00f3n relacionada con la Adopci\u00f3n y Escuela, las dificultades en la escolarizaci\u00f3n, tratamiento de necesidades especiales, apoyo espec\u00edfico, etc.<\/p>\n<p>Una de las herramientas utilizadas por la Comisi\u00f3n, fue la realizaci\u00f3n de una encuesta que pasaron a las familias, donde pudieron expresar sus experiencias y opiniones sobre las vivencias de sus hijos en la escuela y sus propuestas de mejora. Consiguiendo una colaboraci\u00f3n superior al 70% de las familias socias.<\/p>\n<p>Esperamos poder divulgar \u00a0algunos de los trabajos y de los debates que se desarrollaron en este interesante congreso que ha sido posible gracias al esfuerzo de las asociaciones : <strong>Caminantes, Afasego y<\/strong>\u00a0<strong>Andeni.<\/strong><\/p>\n<p><a href=\"http:\/\/adopcionpuntodeencuentro.com\/web\/wp-content\/uploads\/orga1.jpg\"><img loading=\"lazy\" decoding=\"async\" class=\"aligncenter wp-image-2693 size-large\" src=\"http:\/\/adopcionpuntodeencuentro.com\/web\/wp-content\/uploads\/orga1-600x181.jpg\" alt=\"orga1\" width=\"600\" height=\"181\" srcset=\"https:\/\/adopcionpuntodeencuentro.com\/web\/wp-content\/uploads\/orga1-600x181.jpg 600w, https:\/\/adopcionpuntodeencuentro.com\/web\/wp-content\/uploads\/orga1-150x45.jpg 150w, https:\/\/adopcionpuntodeencuentro.com\/web\/wp-content\/uploads\/orga1-300x90.jpg 300w, https:\/\/adopcionpuntodeencuentro.com\/web\/wp-content\/uploads\/orga1.jpg 1062w\" sizes=\"(max-width: 600px) 100vw, 600px\" \/><\/a><\/p>\n<p>&nbsp;<\/p>\n<p><strong>Os dejamos el enlace para que os descargue\u00eds <\/strong><strong>el <a title=\"dec\u00e1logo CORA\" href=\"http:\/\/www.coraenlared.org\/2013\/07\/01\/decalogo-escuela\" target=\"_blank\">Dec\u00e1logo Escuela y Adopci\u00f3n<\/a> de CORA.<\/strong><\/p>\n<p><a href=\"http:\/\/adopcionpuntodeencuentro.com\/web\/wp-content\/uploads\/twitter-logoazul.jpg\"><img loading=\"lazy\" decoding=\"async\" class=\"alignleft wp-image-637\" src=\"http:\/\/adopcionpuntodeencuentro.com\/web\/wp-content\/uploads\/twitter-logoazul-150x150.jpg\" alt=\"twitter logoazul\" width=\"71\" height=\"71\" srcset=\"https:\/\/adopcionpuntodeencuentro.com\/web\/wp-content\/uploads\/twitter-logoazul-150x150.jpg 150w, https:\/\/adopcionpuntodeencuentro.com\/web\/wp-content\/uploads\/twitter-logoazul-80x80.jpg 80w, https:\/\/adopcionpuntodeencuentro.com\/web\/wp-content\/uploads\/twitter-logoazul.jpg 204w, https:\/\/adopcionpuntodeencuentro.com\/web\/wp-content\/uploads\/twitter-logoazul-67x67.jpg 67w\" sizes=\"(max-width: 71px) 100vw, 71px\" \/><\/a><\/p>\n<p>&nbsp;<\/p>\n<p>Pod\u00e9is hacer un seguimiento del congreso en twitter con el hashtag <a href=\"https:\/\/twitter.com\/hashtag\/MirandoAlMundoDeLosNi%C3%B1os?src=hash\">#MirandoAlMundoDeLosNi\u00f1os<\/a><\/p>\n<p><a href=\"http:\/\/adopcionpuntodeencuentro.com\/web\/wp-content\/uploads\/gracias.jpg\"><img loading=\"lazy\" decoding=\"async\" class=\"alignleft wp-image-1677\" src=\"http:\/\/adopcionpuntodeencuentro.com\/web\/wp-content\/uploads\/gracias-110x150.jpg\" alt=\"gracias\" width=\"49\" height=\"67\" srcset=\"https:\/\/adopcionpuntodeencuentro.com\/web\/wp-content\/uploads\/gracias-110x150.jpg 110w, https:\/\/adopcionpuntodeencuentro.com\/web\/wp-content\/uploads\/gracias-221x300.jpg 221w, https:\/\/adopcionpuntodeencuentro.com\/web\/wp-content\/uploads\/gracias.jpg 307w\" sizes=\"(max-width: 49px) 100vw, 49px\" \/><\/a><\/p>\n<p>&nbsp;<\/p>\n<p>(G<strong>racias \u00a0a\u00a0<a href=\"https:\/\/twitter.com\/agarciagaraiko\">@<\/a><a class=\"twitter-atreply pretty-link\" dir=\"ltr\" href=\"https:\/\/twitter.com\/Arfacyl_Org\">arfacyl_org<\/a> \u00a0y a \u00a0<a href=\"https:\/\/twitter.com\/agarciagaraiko\">@agarciagaraiko<\/a><\/strong>)<\/p>\n<p>&nbsp;<\/p>\n<div class='divider' > <\/div>\n\n<table class=\"bd_table\">\n<thead>\n<tr>\n<th><iframe loading=\"lazy\" style=\"width: 120px; height: 240px;\" src=\"http:\/\/rcm-eu.amazon-adsystem.com\/e\/cm?t=adopcionpunto-21&amp;o=30&amp;p=8&amp;l=as1&amp;asins=8493894826&amp;ref=qf_sp_asin_til&amp;fc1=000000&amp;IS2=1&amp;lt1=_blank&amp;m=amazon&amp;lc1=FF0030&amp;bc1=000000&amp;bg1=FFFFFF&amp;f=ifr\" width=\"300\" height=\"150\" frameborder=\"0\" marginwidth=\"0\" marginheight=\"0\" scrolling=\"no\"><\/iframe><\/th>\n<th><iframe loading=\"lazy\" style=\"width: 120px; height: 240px;\" src=\"http:\/\/rcm-eu.amazon-adsystem.com\/e\/cm?t=adopcionpunto-21&amp;o=30&amp;p=8&amp;l=as1&amp;asins=8467528214&amp;ref=qf_sp_asin_til&amp;fc1=000000&amp;IS2=1&amp;lt1=_blank&amp;m=amazon&amp;lc1=FF0030&amp;bc1=000000&amp;bg1=FFFFFF&amp;f=ifr\" width=\"300\" height=\"150\" frameborder=\"0\" marginwidth=\"0\" marginheight=\"0\" scrolling=\"no\"><\/iframe><\/th>\n<\/tr>\n<\/thead>\n<tbody>\n<tr>\n<td><a href=\"http:\/\/adopcionpuntodeencuentro.com\/web\/el-impacto-del-abandono\/\"><img loading=\"lazy\" decoding=\"async\" class=\"alignleft wp-image-520\" src=\"http:\/\/adopcionpuntodeencuentro.com\/web\/wp-content\/uploads\/neuropsicolo11-220x300.jpg\" alt=\"neuropsicolo1\" width=\"160\" height=\"218\" srcset=\"https:\/\/adopcionpuntodeencuentro.com\/web\/wp-content\/uploads\/neuropsicolo11-220x300.jpg 220w, https:\/\/adopcionpuntodeencuentro.com\/web\/wp-content\/uploads\/neuropsicolo11-110x150.jpg 110w, https:\/\/adopcionpuntodeencuentro.com\/web\/wp-content\/uploads\/neuropsicolo11.jpg 694w\" sizes=\"(max-width: 160px) 100vw, 160px\" \/><\/a><\/td>\n<td><iframe loading=\"lazy\" style=\"width: 120px; height: 240px;\" src=\"http:\/\/rcm-eu.amazon-adsystem.com\/e\/cm?t=adopcionpunto-21&amp;o=30&amp;p=8&amp;l=as1&amp;asins=8497564588&amp;ref=qf_sp_asin_til&amp;fc1=000000&amp;IS2=1&amp;lt1=_blank&amp;m=amazon&amp;lc1=FF0030&amp;bc1=000000&amp;bg1=FFFFFF&amp;f=ifr\" width=\"300\" height=\"150\" frameborder=\"0\" marginwidth=\"0\" marginheight=\"0\" scrolling=\"no\"><\/iframe><\/td>\n<\/tr>\n<\/tbody>\n<\/table>\n\n<table class=\"bd_table\">\n<thead>\n<tr>\n<th><iframe loading=\"lazy\" style=\"width: 120px; height: 240px;\" src=\"http:\/\/rcm-eu.amazon-adsystem.com\/e\/cm?t=adopcionpunto-21&amp;o=30&amp;p=8&amp;l=as1&amp;asins=B00HNDQ13C&amp;ref=qf_sp_asin_til&amp;fc1=000000&amp;IS2=1&amp;lt1=_blank&amp;m=amazon&amp;lc1=FF0030&amp;bc1=000000&amp;bg1=FFFFFF&amp;f=ifr\" width=\"300\" height=\"150\"><\/iframe><\/th>\n<th><\/th>\n<\/tr>\n<\/thead>\n<tbody>\n<tr>\n<td><\/td>\n<td><\/td>\n<\/tr>\n<\/tbody>\n<\/table>\n\n<p>&nbsp;<\/p>\n","protected":false},"excerpt":{"rendered":"<p>Se ha celebrado el congreso \u201cMirando al mundo de los ni\u00f1os\u00bb sobre Adopci\u00f3n y Acogimiento,dirigido a todas las madres y padres, profesores, psicoped\u00e1gogos, logopedas, psic\u00f3logos y a cualquier persona que quisiera conocer  la realidad de miles de ni\u00f1os de nuestra sociedad.<\/p>\n","protected":false},"author":1,"featured_media":2692,"comment_status":"open","ping_status":"open","sticky":false,"template":"","format":"standard","meta":{"footnotes":""},"categories":[188,166,164],"tags":[47,27,49,36,26,167],"_links":{"self":[{"href":"https:\/\/adopcionpuntodeencuentro.com\/web\/wp-json\/wp\/v2\/posts\/2687"}],"collection":[{"href":"https:\/\/adopcionpuntodeencuentro.com\/web\/wp-json\/wp\/v2\/posts"}],"about":[{"href":"https:\/\/adopcionpuntodeencuentro.com\/web\/wp-json\/wp\/v2\/types\/post"}],"author":[{"embeddable":true,"href":"https:\/\/adopcionpuntodeencuentro.com\/web\/wp-json\/wp\/v2\/users\/1"}],"replies":[{"embeddable":true,"href":"https:\/\/adopcionpuntodeencuentro.com\/web\/wp-json\/wp\/v2\/comments?post=2687"}],"version-history":[{"count":12,"href":"https:\/\/adopcionpuntodeencuentro.com\/web\/wp-json\/wp\/v2\/posts\/2687\/revisions"}],"predecessor-version":[{"id":2708,"href":"https:\/\/adopcionpuntodeencuentro.com\/web\/wp-json\/wp\/v2\/posts\/2687\/revisions\/2708"}],"wp:featuredmedia":[{"embeddable":true,"href":"https:\/\/adopcionpuntodeencuentro.com\/web\/wp-json\/wp\/v2\/media\/2692"}],"wp:attachment":[{"href":"https:\/\/adopcionpuntodeencuentro.com\/web\/wp-json\/wp\/v2\/media?parent=2687"}],"wp:term":[{"taxonomy":"category","embeddable":true,"href":"https:\/\/adopcionpuntodeencuentro.com\/web\/wp-json\/wp\/v2\/categories?post=2687"},{"taxonomy":"post_tag","embeddable":true,"href":"https:\/\/adopcionpuntodeencuentro.com\/web\/wp-json\/wp\/v2\/tags?post=2687"}],"curies":[{"name":"wp","href":"https:\/\/api.w.org\/{rel}","templated":true}]}}