{"id":2748,"date":"2015-04-27T09:15:01","date_gmt":"2015-04-27T07:15:01","guid":{"rendered":"http:\/\/adopcionpuntodeencuentro.com\/web\/?p=2748"},"modified":"2016-03-18T19:29:04","modified_gmt":"2016-03-18T18:29:04","slug":"conclusiones-generales-del-congreso-mirando-al-mundo-de-los-ninos","status":"publish","type":"post","link":"https:\/\/adopcionpuntodeencuentro.com\/web\/conclusiones-generales-del-congreso-mirando-al-mundo-de-los-ninos\/","title":{"rendered":"Conclusiones generales del CONGRESO MIRANDO AL MUNDO DE LOS NI\u00d1OS."},"content":{"rendered":"<p>En <strong>adopcionpuntodeencuentro.com<\/strong>\u00a0tratamos de informar de todo aquello que tenga relevancia sobre el tema de la adopci\u00f3n y el acogimiento y por eso queremos difundir las conclusiones \u00a0del Congreso\u00a0sobre Adopci\u00f3n y Acogimiento<br \/>\n<a title=\"WEB CONGRESO\" href=\"http:\/\/www.mirandoalmundo.es\/\" target=\"_blank\"><strong>Mirando al Mundo de los Ni\u00f1os<\/strong><\/a>\u00a0celebrado en Segovia entre los d\u00edas 13 y 19 de abril y que ha sido posible gracias al esfuerzo de las asociaciones : <strong>Caminantes, Afasego y<\/strong>\u00a0<strong>Andeni Segovia.<\/strong><\/p>\n<p>Seg\u00fan sus organizadores \u00ab<em>Han sido unos d\u00edas muy intensos que muestran como en peque\u00f1as ciudades pueden hacerse cosas muy grandes.\u00bb<\/em><\/p>\n<p><strong>Puedes leerlas a continuaci\u00f3n o si lo prefieres\u00a0<a title=\"descarga\" href=\"http:\/\/www.coraenlared.org\/\" target=\"_blank\">Descargar aqu\u00ed las conclusiones de este congreso<\/a>\u00a0directamente desde la pagina de <a title=\"CORA\" href=\"%20http:\/\/www.coraenlared.org\/\" target=\"_blank\">CORA ,COORDINADORA DE ASOCIACIONES EN DEFENSA DE LA ADOPCI\u00d3N Y EL ACOGIMIENTO<\/a><\/strong><\/p>\n<p><a href=\"http:\/\/adopcionpuntodeencuentro.com\/web\/wp-content\/uploads\/tutulo-mirando.jpg\"><img loading=\"lazy\" decoding=\"async\" class=\"aligncenter wp-image-2755\" src=\"http:\/\/adopcionpuntodeencuentro.com\/web\/wp-content\/uploads\/tutulo-mirando.jpg\" alt=\"tutulo mirando\" width=\"500\" height=\"250\" srcset=\"https:\/\/adopcionpuntodeencuentro.com\/web\/wp-content\/uploads\/tutulo-mirando.jpg 990w, https:\/\/adopcionpuntodeencuentro.com\/web\/wp-content\/uploads\/tutulo-mirando-150x75.jpg 150w, https:\/\/adopcionpuntodeencuentro.com\/web\/wp-content\/uploads\/tutulo-mirando-300x150.jpg 300w, https:\/\/adopcionpuntodeencuentro.com\/web\/wp-content\/uploads\/tutulo-mirando-600x300.jpg 600w\" sizes=\"(max-width: 500px) 100vw, 500px\" \/><\/a><\/p>\n<p><em>\u00abElaborar las Conclusiones de este congreso ha sido una tarea dif\u00edcil de plasmar, porque tanto\u00a0los ponentes como las aportaciones de los participantes han sido tan enriquecedoras, para\u00a0padres , profesionales , estudiantes y para todos los que trabajan con los ni\u00f1os, que es dif\u00edcil\u00a0poner palabras a tanta vivencia compartida.<\/em><\/p>\n<p><strong><em>Las conclusiones <\/em><\/strong><em>que hemos elaborado, han sido extraidas a lo largo de la semana, tras el ciclo\u00a0<\/em><em>de cine y de el ciclo formativo de ponencias y mesas de experiencias.\u00bb<\/em><\/p>\n<p><strong><a href=\"http:\/\/adopcionpuntodeencuentro.com\/web\/wp-content\/uploads\/conclusiones-PRIMERA.png\"><img loading=\"lazy\" decoding=\"async\" class=\"alignleft wp-image-2762\" src=\"http:\/\/adopcionpuntodeencuentro.com\/web\/wp-content\/uploads\/conclusiones-PRIMERA.png\" alt=\"conclusiones PRIMERA\" width=\"400\" height=\"555\" srcset=\"https:\/\/adopcionpuntodeencuentro.com\/web\/wp-content\/uploads\/conclusiones-PRIMERA.png 476w, https:\/\/adopcionpuntodeencuentro.com\/web\/wp-content\/uploads\/conclusiones-PRIMERA-108x150.png 108w, https:\/\/adopcionpuntodeencuentro.com\/web\/wp-content\/uploads\/conclusiones-PRIMERA-216x300.png 216w, https:\/\/adopcionpuntodeencuentro.com\/web\/wp-content\/uploads\/conclusiones-PRIMERA-433x600.png 433w\" sizes=\"(max-width: 400px) 100vw, 400px\" \/><\/a>1. Queremos hacer visible el derecho de los ni\u00f1os a tener una familia y a que la sociedad le ofrezca la respuesta a las carencias y al dolor que se han dado en su historia de vida.<\/strong><\/p>\n<p><strong>2. Consideramos que la adopci\u00f3n y el acogimiento, nueva forma de ser familias, es un medio para ayudar a corregir las grandes desigualdades y las situaciones extremas que vive hoy d\u00eda la infancia.<\/strong><\/p>\n<p><strong>3. Es fundamental que las intervenciones de protecci\u00f3n no sean tard\u00edas e inadecuadas, para que la recuperaci\u00f3n del da\u00f1o sufrido requiera menor esfuerzo y menor sufrimiento en los ni\u00f1os y en las familias.<\/strong><\/p>\n<p><strong>4. Las familias de acogida y adopci\u00f3n tenemos en nuestra tarea educativa un plus a\u00f1adido, por el que necesitamos una formaci\u00f3n espec\u00edfica no s\u00f3lo en la pre\u2010 sino en la post\u2010, tanto en el acogimiento como en la adopci\u00f3n, que ayude a nuestros hijos a sanar y salvar las circunstancias que acarrean y que han condicionado su desarrollo.<\/strong><\/p>\n<p><strong>5. Constatamos que las asociaciones de padres que viven las mismas inquietudes, interrogantes y necesidades son grupos de autoayuda y de formaci\u00f3n que ayuda a caminar en esta tarea tan delicada de ser padres.<\/strong><\/p>\n<p><strong>6. Es una necesidad apoyar a las familias con los recursos materiales, educativos y terap\u00e9uticos para asegurar una cobertura de las necesidades infantiles y la protecci\u00f3n de los derechos de los ni\u00f1os y de las ni\u00f1as.<\/strong><\/p>\n<p><strong>7. Es necesaria incrementar la informaci\u00f3n sobre la historia del ni\u00f1o o ni\u00f1a que va a ser acogido o adoptado, para que se d\u00e9 un mejor ajuste entre los ni\u00f1os y su familia, lo que contribuir\u00eda a la mejora del proceso de asignaci\u00f3n , de adaptaci\u00f3n y maduraci\u00f3n del ni\u00f1o.<\/strong><\/p>\n<p><strong>8. Importancia en la acogida de mejorar los contactos peri\u00f3dicos entre el ni\u00f1o\/a y su familia biol\u00f3gica, es muy conveniente que haya preparaci\u00f3n para estos encuentros entre ambas partes.<\/strong><\/p>\n<p><strong>9. La b\u00fasqueda del origen de los adoptados es un derecho. Pero este no se termina por acceder a un expediente, sino que requiere una preparaci\u00f3n personal para hacer la b\u00fasqueda y el encuentro, y como consecuencia necesitamos profesionales preparados.<\/strong><\/p>\n<p><strong><a href=\"http:\/\/adopcionpuntodeencuentro.com\/web\/wp-content\/uploads\/PIZARRA-corazon-NI\u00d1O-BN-LEYENDA.png\"><img loading=\"lazy\" decoding=\"async\" class=\"alignleft wp-image-2757\" src=\"http:\/\/adopcionpuntodeencuentro.com\/web\/wp-content\/uploads\/PIZARRA-corazon-NI\u00d1O-BN-LEYENDA.png\" alt=\"PIZARRA corazon NI\u00d1O BN LEYENDA\" width=\"425\" height=\"297\" srcset=\"https:\/\/adopcionpuntodeencuentro.com\/web\/wp-content\/uploads\/PIZARRA-corazon-NI\u00d1O-BN-LEYENDA.png 833w, https:\/\/adopcionpuntodeencuentro.com\/web\/wp-content\/uploads\/PIZARRA-corazon-NI\u00d1O-BN-LEYENDA-150x105.png 150w, https:\/\/adopcionpuntodeencuentro.com\/web\/wp-content\/uploads\/PIZARRA-corazon-NI\u00d1O-BN-LEYENDA-300x210.png 300w, https:\/\/adopcionpuntodeencuentro.com\/web\/wp-content\/uploads\/PIZARRA-corazon-NI\u00d1O-BN-LEYENDA-600x419.png 600w\" sizes=\"(max-width: 425px) 100vw, 425px\" \/><\/a>10. El impulso de todas aquellas actuaciones y campa\u00f1as de informaci\u00f3n y sensibilizaci\u00f3n sobre la naturaleza y naturalidad de la adopci\u00f3n y el acogimiento, as\u00ed como de las peculiaridades y circunstancias que suelen rodearlo, contribuir\u00e1n al incremento del bienestar de los ni\u00f1os, al mejorar las actitudes sociales en torno a la adopci\u00f3n.<\/strong><\/p>\n<p><strong>11. La escuela deber\u00eda ser otra fuente b\u00e1sica de apoyo para los ni\u00f1os expuestos a sucesos traum\u00e1ticos , negligentes, carenciales etc. El medio escolar es para muchos ni\u00f1os la segunda fuente de cuidados, buenos tratos y seguridad despu\u00e9s del hogar y, a veces, la \u00fanica.<\/strong><\/p>\n<p><strong>12. Creemos que la actitud y el ser del maestro es el que ense\u00f1a, el que crea motivaci\u00f3n y hace avanzar en el desarrollo al ni\u00f1o, en la medida que conf\u00eda y cree en el potencial de su alumno y se fija m\u00e1s en lo que va consiguendo que en la meta impuesta a conseguir.<\/strong><\/p>\n<p><strong>13. Apostamos por una escuela abierta a las circunstancias especiales de los ni\u00f1os, una escuela comprensiva que no discrimine, ni segrege, considerando la diversidad humana como un hecho de partida que nos enriquece, no como un problema a resolver.<\/strong><\/p>\n<p><strong><a href=\"http:\/\/adopcionpuntodeencuentro.com\/web\/wp-content\/uploads\/ESCUELANI\u00d1OSBN-15.png\"><img loading=\"lazy\" decoding=\"async\" class=\"alignleft wp-image-2763\" src=\"http:\/\/adopcionpuntodeencuentro.com\/web\/wp-content\/uploads\/ESCUELANI\u00d1OSBN-15.png\" alt=\"ESCUELANI\u00d1OSBN 15\" width=\"400\" height=\"377\" srcset=\"https:\/\/adopcionpuntodeencuentro.com\/web\/wp-content\/uploads\/ESCUELANI\u00d1OSBN-15.png 616w, https:\/\/adopcionpuntodeencuentro.com\/web\/wp-content\/uploads\/ESCUELANI\u00d1OSBN-15-150x141.png 150w, https:\/\/adopcionpuntodeencuentro.com\/web\/wp-content\/uploads\/ESCUELANI\u00d1OSBN-15-300x283.png 300w, https:\/\/adopcionpuntodeencuentro.com\/web\/wp-content\/uploads\/ESCUELANI\u00d1OSBN-15-600x566.png 600w, https:\/\/adopcionpuntodeencuentro.com\/web\/wp-content\/uploads\/ESCUELANI\u00d1OSBN-15-52x50.png 52w\" sizes=\"(max-width: 400px) 100vw, 400px\" \/><\/a>14. Creemos en una escuela cooperativa, solidaria, creativa en la que toda la Comunidad est\u00e9 implicada en el Bienestar del ni\u00f1o y en los buenos tratos a la infancia.<\/strong><\/p>\n<p><strong>15. Consideramos la importancia que tiene la escuela para cualquier ni\u00f1o, apostamos por una escuela inclusiva y abierta a todas las diferencias que nos enriquecen y da a cada uno lo que necesita.<\/strong><\/p>\n<p><strong>16. Y por \u00faltimo la importancia de este apoyo social y afectivo para \u201c amortiguar\u201d el sufrimiento y las experiencias traum\u00e1ticas de los ni\u00f1os y convertirlas en fuerzas constructivas de la persona.<\/strong><\/p>\n<p>&nbsp;<\/p>\n<p style=\"text-align: center;\"><strong>Segovia 19 de abril de 2015<\/strong><\/p>\n<p style=\"text-align: center;\"><div class='divider' > <\/div>\n<p><a href=\"http:\/\/adopcionpuntodeencuentro.com\/web\/wp-content\/uploads\/orga1.jpg\"><img loading=\"lazy\" decoding=\"async\" class=\"aligncenter wp-image-2693 size-medium\" src=\"http:\/\/adopcionpuntodeencuentro.com\/web\/wp-content\/uploads\/orga1-300x90.jpg\" alt=\"orga1\" width=\"300\" height=\"90\" srcset=\"https:\/\/adopcionpuntodeencuentro.com\/web\/wp-content\/uploads\/orga1-300x90.jpg 300w, https:\/\/adopcionpuntodeencuentro.com\/web\/wp-content\/uploads\/orga1-150x45.jpg 150w, https:\/\/adopcionpuntodeencuentro.com\/web\/wp-content\/uploads\/orga1-600x181.jpg 600w, https:\/\/adopcionpuntodeencuentro.com\/web\/wp-content\/uploads\/orga1.jpg 1062w\" sizes=\"(max-width: 300px) 100vw, 300px\" \/><\/a><\/p>\n","protected":false},"excerpt":{"rendered":"<p> Conclusiones  del Congreso sobre Adopci\u00f3n y Acogimiento Mirando al Mundo de los Ni\u00f1os celebrado en Segovia entre los d\u00edas 13 y 19 de abril y que ha sido posible gracias al esfuerzo de las asociaciones : Caminantes, Afasego y Andeni-Segovia.<br \/>\nSeg\u00fan sus organizadores \u00abHan sido unos d\u00edas muy intensos que muestran como en peque\u00f1as ciudades pueden hacerse cosas muy grandes.\u00bb<\/p>\n","protected":false},"author":1,"featured_media":2772,"comment_status":"open","ping_status":"open","sticky":false,"template":"","format":"standard","meta":{"footnotes":""},"categories":[188,166,164,1],"tags":[47,27,45,54,36,26,20,16],"_links":{"self":[{"href":"https:\/\/adopcionpuntodeencuentro.com\/web\/wp-json\/wp\/v2\/posts\/2748"}],"collection":[{"href":"https:\/\/adopcionpuntodeencuentro.com\/web\/wp-json\/wp\/v2\/posts"}],"about":[{"href":"https:\/\/adopcionpuntodeencuentro.com\/web\/wp-json\/wp\/v2\/types\/post"}],"author":[{"embeddable":true,"href":"https:\/\/adopcionpuntodeencuentro.com\/web\/wp-json\/wp\/v2\/users\/1"}],"replies":[{"embeddable":true,"href":"https:\/\/adopcionpuntodeencuentro.com\/web\/wp-json\/wp\/v2\/comments?post=2748"}],"version-history":[{"count":16,"href":"https:\/\/adopcionpuntodeencuentro.com\/web\/wp-json\/wp\/v2\/posts\/2748\/revisions"}],"predecessor-version":[{"id":2775,"href":"https:\/\/adopcionpuntodeencuentro.com\/web\/wp-json\/wp\/v2\/posts\/2748\/revisions\/2775"}],"wp:featuredmedia":[{"embeddable":true,"href":"https:\/\/adopcionpuntodeencuentro.com\/web\/wp-json\/wp\/v2\/media\/2772"}],"wp:attachment":[{"href":"https:\/\/adopcionpuntodeencuentro.com\/web\/wp-json\/wp\/v2\/media?parent=2748"}],"wp:term":[{"taxonomy":"category","embeddable":true,"href":"https:\/\/adopcionpuntodeencuentro.com\/web\/wp-json\/wp\/v2\/categories?post=2748"},{"taxonomy":"post_tag","embeddable":true,"href":"https:\/\/adopcionpuntodeencuentro.com\/web\/wp-json\/wp\/v2\/tags?post=2748"}],"curies":[{"name":"wp","href":"https:\/\/api.w.org\/{rel}","templated":true}]}}