{"id":2825,"date":"2015-05-06T10:05:47","date_gmt":"2015-05-06T08:05:47","guid":{"rendered":"http:\/\/adopcionpuntodeencuentro.com\/web\/?p=2825"},"modified":"2017-06-07T13:40:21","modified_gmt":"2017-06-07T11:40:21","slug":"la-desinformacion-y-la-mala-informacion-en-los-medios-de-comunicacion","status":"publish","type":"post","link":"https:\/\/adopcionpuntodeencuentro.com\/web\/la-desinformacion-y-la-mala-informacion-en-los-medios-de-comunicacion\/","title":{"rendered":"La desinformaci\u00f3n y la mala informaci\u00f3n en los medios de comunicaci\u00f3n."},"content":{"rendered":"<p><a href=\"http:\/\/adopcionpuntodeencuentro.com\/web\/wp-content\/uploads\/NO-ES-SINONIMODE-problemas.jpg\"><img loading=\"lazy\" decoding=\"async\" class=\"alignleft wp-image-2827\" src=\"http:\/\/adopcionpuntodeencuentro.com\/web\/wp-content\/uploads\/NO-ES-SINONIMODE-problemas.jpg\" alt=\"NO ES SINONIMODE problemas\" width=\"552\" height=\"350\" srcset=\"https:\/\/adopcionpuntodeencuentro.com\/web\/wp-content\/uploads\/NO-ES-SINONIMODE-problemas.jpg 779w, https:\/\/adopcionpuntodeencuentro.com\/web\/wp-content\/uploads\/NO-ES-SINONIMODE-problemas-150x95.jpg 150w, https:\/\/adopcionpuntodeencuentro.com\/web\/wp-content\/uploads\/NO-ES-SINONIMODE-problemas-300x190.jpg 300w, https:\/\/adopcionpuntodeencuentro.com\/web\/wp-content\/uploads\/NO-ES-SINONIMODE-problemas-600x380.jpg 600w\" sizes=\"(max-width: 552px) 100vw, 552px\" \/><\/a>Es\u00a0inquietante\u00a0observar que cuando alguien se mete en l\u00edos en seguida sacan su circunstancia personal\u00a0de haber sido adoptado. Es preocupante la manera en que los medios de comunicaci\u00f3n tratan el hecho adoptivo, los personajes de las teleseries en donde \u00a0cada chico \u00a0que se mete en problemas resulta ser\u00a0hijo adoptivo. Por poner alg\u00fan ejemplo, la pel\u00edcula de terror \u00abLaHu\u00e9rfana\u00bb desat\u00f3\u00a0gran controversia en los Estados Unidos, y la\u00a0Warner retir\u00f3 del tr\u00e1iler la frase \u00abdebe ser dif\u00edcil querer a un ni\u00f1o adoptado tanto como a uno propio\u00bb, por temor a un posible boicot por parte de las asociaciones pro-adopciones. Sin ir m\u00e1s lejos la pel\u00edcula \u201clos Vengadores\u201d recientemente estrenada en TV, esgrime el argumento de \u201chaber sido adoptado\u201d para justificar a uno de los protagonistas por ser un asesino en serie.\u00a0O\u00a0en la vida real, en las noticias, si alguien sobresale por su \u00a0mala conducta, es hijo de famoso o es famoso, a los medios les falta tiempo para colgarle la etiqueta \u00a0de \u201cadoptado\u201d se\u00f1alando el hecho adoptivo como el origen de los males .<\/p>\n<p>Pero \u00bfque sucede con las personas\u00a0admirables, sobresalientes, extraordinarias&#8230; como\u00a0Steve Jobs, John Lennon,\u00a0Jesse Jackson, Nelson Mandela entre otras muchas personalidades fueron ni\u00f1os adoptados? \u00a0\u00bfPor qu\u00e9\u00a0no se subraya su circunstancia personal de haber sido adoptados como una caracter\u00edstica y \u00a0distintivo para sus haza\u00f1as? .\u00bf\u00a0Es justo que para lo malo los medios de comunicaci\u00f3n subrayen \u00abel dato\u00bb y para lo bueno lo omitan?.<\/p>\n<p>Existe un preocupante analfabetismo social sobre la adopci\u00f3n.\u00a0La adopci\u00f3n es una oportunidad de dar a muchos \u00a0ni\u00f1os maravillosos una nueva familia donde crecer con amor. Hay que trabajar para que\u00a0la circunstancia en la que se construye una\u00a0familia no sea una lacra ni\u00a0una etiqueta para los hijos.<\/p>\n<p>En 2013 un grupo de trabajo impulsado y formado por la Asociaci\u00f3n de Familias adoptantes en China (AFAC, que se dirigi\u00f3 al Consell de l\u00b4Audiovisual de Catalunya y en el que participaron tambi\u00e9n \u00a0La Voz de los adoptados , la Asociaci\u00f3n GERARD , el Institut Catal\u00e0 de l\u00b4 Acolliment i l\u00b4Adopci\u00f3 ( ICAA ) , el S\u00edndic de Greuges , el Colegio de Periodistas de Catalu\u00f1a (CPC) y la profesora de Psicolog\u00eda de la Universidad de Barcelona ( UB ) Montserrat Freixa, present\u00f3 en la sede del Colegio de Periodistas de Catalu\u00f1a el documento \u00ab<a href=\"http:\/\/www.afac.info\/2013\/acto-de-presentacion-del-documento-medios-de-comunicacion-y-adopcion\/\" target=\"_blank\" rel=\"noopener noreferrer\"><strong>Medios de comunicaci\u00f3n y adopci\u00f3n<\/strong>\u00a0\u201c<\/a>, cuyo objetivo era \u00a0facilitar a los medios de comunicaci\u00f3n una serie de consideraciones para un tratamiento informativo cuidadoso de las adopciones y clarificar conceptos para que prevalezca siempre el inter\u00e9s del ni\u00f1o. A la vista est\u00e1 que hay que repasar e\u00a0invocar este trabajo, \u00a0difundirlo y apoyarlo con m\u00e1s fuerza.<\/p>\n<p>El documento recuerda que el objetivo de la adopci\u00f3n es garantizar el derecho del ni\u00f1o, a ser protegido. la adopci\u00f3n es una medida de protecci\u00f3n a la infancia y hay garantizar siempre el inter\u00e9s superior del ni\u00f1o, tal y como recoge expresamente la Convenci\u00f3n sobre los derechos del ni\u00f1o de 1989.<\/p>\n<p>No est\u00e1 de m\u00e1s difundir el documento porque c\u00f3mo dice <strong>Pilar Iglesias<\/strong> (Asociaci\u00f3n Civil Ser familia por Adopci\u00f3n) en <strong>un art\u00edculo muy oportuno<\/strong> <a href=\"http:\/\/www.serfamiliaporadopcion.org\/informandonos-sp-1858402066\/noticias\/noticias-nacionales\/8026-04-05-2015-la-adopcion-y-los-medios-de-comunicacion-caba#.WTfj6GjyiUn\" target=\"_blank\" rel=\"noopener noreferrer\"><em>\u201c<strong>La desinformaci\u00f3n y la mala informaci\u00f3n, conjeturando sobre situaciones familiares y personales, solo contribuyen a la fomentar mitos y estimular la ficci\u00f3n.\u201d<\/strong><\/em><\/a><\/p>\n<p><em><strong><a href=\"http:\/\/adopcionpuntodeencuentro.com\/web\/wp-content\/uploads\/stop-mito-sombra.png\"><img loading=\"lazy\" decoding=\"async\" class=\"alignleft wp-image-2826\" src=\"http:\/\/adopcionpuntodeencuentro.com\/web\/wp-content\/uploads\/stop-mito-sombra.png\" alt=\"stop mito sombra\" width=\"566\" height=\"350\" srcset=\"https:\/\/adopcionpuntodeencuentro.com\/web\/wp-content\/uploads\/stop-mito-sombra.png 883w, https:\/\/adopcionpuntodeencuentro.com\/web\/wp-content\/uploads\/stop-mito-sombra-150x93.png 150w, https:\/\/adopcionpuntodeencuentro.com\/web\/wp-content\/uploads\/stop-mito-sombra-300x186.png 300w, https:\/\/adopcionpuntodeencuentro.com\/web\/wp-content\/uploads\/stop-mito-sombra-600x371.png 600w, https:\/\/adopcionpuntodeencuentro.com\/web\/wp-content\/uploads\/stop-mito-sombra-785x487.png 785w\" sizes=\"(max-width: 566px) 100vw, 566px\" \/><\/a><\/strong><\/em><\/p>\n<p>En el art\u00edculo Pilar Iglesias no duda en <strong>\u00a0<em>\u00abrecordarles a todos los medios de comunicaci\u00f3n que antes de difundir cualquier acontecimiento que involucre a ni\u00f1os, ni\u00f1as y adolescentes y ante toda decisi\u00f3n informativa al respecto se debe contemplar siempre el inter\u00e9s superior del ni\u00f1o, haci\u00e9ndolo prevalecer por encima de cualquier otro, inclusive el de la libertad de expresi\u00f3n. Recomiendo por ello, leer y difundir el documento \u201c<a href=\"http:\/\/www.serfamiliaporadopcion.org\/sfxa-en-accion-sp-81086058\/actividades\/propuestas\/7801-documento-la-adopcion-y-los-medios-de-comunicacion-nacionales#.WTfl5GjyiUn\" target=\"_blank\" rel=\"noopener noreferrer\">La Adopci\u00f3n y los medios de comunicaci\u00f3n nacionales\u201d.<\/a><\/em><\/strong><\/p>\n<p><strong>El documento<\/strong> incorpora tambi\u00e9n un glosario en el que se definen los t\u00e9rminos abandono , acogimiento , adopci\u00f3n truncada \/ frustrada , certificado \/ resoluci\u00f3n de idoneidad , guarda, kafala , mediaci\u00f3n , potestad parental , tutela o tr\u00e1fico de ni\u00f1os.<\/p>\n<p>En \u00e9l se solicita a los medios de comunicaci\u00f3n:<\/p>\n<p><strong>1 . Considerar en primer t\u00e9rmino el ni\u00f1o<\/strong>\u00a0. En toda decisi\u00f3n informativa , debe prevalecer el inter\u00e9s superior del ni\u00f1o por encima de cualquier otro .<\/p>\n<p><strong>2 . No discriminar a los ni\u00f1os<\/strong>\u00a0. De acuerdo con el art\u00edculo 2 de la Convenci\u00f3n , 1 hay que evitar los testigos o las informaciones que discriminen a los ni\u00f1os entre hijos biol\u00f3gicos o adoptados en el seno de una familia , o que establezcan relaciones de causa efecto entre su comportamiento y el su v\u00ednculo de filiaci\u00f3n .<\/p>\n<p><strong>3 . No frivolizar la adopci\u00f3n<\/strong>. Hay que hablar con respecto a la adopci\u00f3n teniendo en cuenta que el ni\u00f1o ha sufrido unas carencias y el abandono , la p\u00e9rdida o la separaci\u00f3n de los padres biol\u00f3gicos , y que se ha visto inmerso en un proceso complejo y no deseable para ning\u00fan persona . Hay que evitar la imagen de frivolidad que en ocasiones puede rodear este proceso , especialmente cuando se vincula a personajes famosos .<\/p>\n<p><strong>4 . Singularizar<\/strong>\u00a0. Se recomienda distinguir los casos de tr\u00e1fico de ni\u00f1os de los procesos de adopciones regulares y evitar la morbosidad o la espectacularizaci\u00f3n de las informaciones que , en algunos casos , pueden ocasionar da\u00f1o moral a las personas adoptadas ya sus familias . Se recomienda que se explique de forma rigurosa el contexto de los casos en que se da o se puede dar el tr\u00e1fico de ni\u00f1os , que puede responder a una diversidad de circunstancias de \u00edndole socioecon\u00f3mica , pol\u00edtica , hist\u00f3rica o de cat\u00e1strofe natural , y que evite generalizar las causas y las consecuencias de procesos irregulares .<\/p>\n<p><strong>5 . Contextualizar<\/strong>\u00a0. Cabe contextualizar la informaci\u00f3n sobre la adopci\u00f3n tambi\u00e9n en el tiempo , teniendo en cuenta la evoluci\u00f3n que se ha producido en la sociedad en este \u00e1mbito , en cuanto a legislaci\u00f3n , seguridad jur\u00eddica y transparencia en los procesos de adopci\u00f3n .<\/p>\n<p><strong>6 . Emplear fuentes de informaci\u00f3n cualificadas<\/strong>\u00a0. Pedir informaci\u00f3n y asesoramiento a fuentes expertas que velan por la protecci\u00f3n de los ni\u00f1os y de sus familias, como instituciones , asociaciones y profesionales en el \u00e1mbito de la adopci\u00f3n y la postadopci\u00f3n .<\/p>\n<p><strong>7 . Utilizar un lenguaje preciso<\/strong>\u00a0. Con el fin de promover un uso cuidadoso del lenguaje , en el tratamiento informativo conviene extremar las precauciones para definir cada situaci\u00f3n o hecho noticiable de la manera m\u00e1s precisa posible . Se recomienda evitar adjetivaciones y generalizaciones . Asimismo , conviene evitar confusiones en cuestiones como la adopci\u00f3n , el tr\u00e1fico, el robo de ni\u00f1os , etc .<\/p>\n<p><strong>8 . Respetar el derecho a la intimidad<\/strong> . En el caso de determinados contenidos televisivos que exponen la vida privada de algunas personas , hay que considerar que , en ocasiones , las informaciones que aportan conciernen ni\u00f1os o adolescentes y que, aunque no aparezcan en im\u00e1genes expl\u00edcitas o plat\u00f3 , son objeto de debate directa o indirectamente . Estos programas pueden conculcar el derecho a la intimidad de los ni\u00f1os o adolescentes relacionados con los adultos que se prestan libremente a participar. Las Consideraciones y recomendaciones del CAC sobre la telebasura (2006 ) se\u00f1alan que \u201d La exhibici\u00f3n imp\u00fadica de la propia intimidad no s\u00f3lo perjudica la dignidad de la persona que la realiza , sino que afecta tambi\u00e9n al entorno familiar y social de la persona exhibida , y muy especialmente los menores que puedan estar bajo su tutela \u201d.<\/p>\n","protected":false},"excerpt":{"rendered":"<p>La adopci\u00f3n es una oportunidad de dar a muchos  ni\u00f1os maravillosos una nueva familia donde crecer con amor. Hay que trabajar para que la circunstancia en la que se construye una familia no sea una lacra ni una etiqueta para los hijos. para ello podemos empezar por difundir el documento \u00abMedios de comunicaci\u00f3n y adopci\u00f3n \u201c, que intenta facilitar a los medios de comunicaci\u00f3n una serie de consideraciones para un tratamiento informativo cuidadoso de las adopciones y clarificar conceptos para que prevalezca siempre el inter\u00e9s del ni\u00f1o.<\/p>\n","protected":false},"author":1,"featured_media":2826,"comment_status":"open","ping_status":"open","sticky":false,"template":"","format":"standard","meta":{"footnotes":""},"categories":[98,33,1],"tags":[27,72,173],"_links":{"self":[{"href":"https:\/\/adopcionpuntodeencuentro.com\/web\/wp-json\/wp\/v2\/posts\/2825"}],"collection":[{"href":"https:\/\/adopcionpuntodeencuentro.com\/web\/wp-json\/wp\/v2\/posts"}],"about":[{"href":"https:\/\/adopcionpuntodeencuentro.com\/web\/wp-json\/wp\/v2\/types\/post"}],"author":[{"embeddable":true,"href":"https:\/\/adopcionpuntodeencuentro.com\/web\/wp-json\/wp\/v2\/users\/1"}],"replies":[{"embeddable":true,"href":"https:\/\/adopcionpuntodeencuentro.com\/web\/wp-json\/wp\/v2\/comments?post=2825"}],"version-history":[{"count":9,"href":"https:\/\/adopcionpuntodeencuentro.com\/web\/wp-json\/wp\/v2\/posts\/2825\/revisions"}],"predecessor-version":[{"id":7272,"href":"https:\/\/adopcionpuntodeencuentro.com\/web\/wp-json\/wp\/v2\/posts\/2825\/revisions\/7272"}],"wp:featuredmedia":[{"embeddable":true,"href":"https:\/\/adopcionpuntodeencuentro.com\/web\/wp-json\/wp\/v2\/media\/2826"}],"wp:attachment":[{"href":"https:\/\/adopcionpuntodeencuentro.com\/web\/wp-json\/wp\/v2\/media?parent=2825"}],"wp:term":[{"taxonomy":"category","embeddable":true,"href":"https:\/\/adopcionpuntodeencuentro.com\/web\/wp-json\/wp\/v2\/categories?post=2825"},{"taxonomy":"post_tag","embeddable":true,"href":"https:\/\/adopcionpuntodeencuentro.com\/web\/wp-json\/wp\/v2\/tags?post=2825"}],"curies":[{"name":"wp","href":"https:\/\/api.w.org\/{rel}","templated":true}]}}