{"id":2833,"date":"2015-05-06T13:59:49","date_gmt":"2015-05-06T11:59:49","guid":{"rendered":"http:\/\/adopcionpuntodeencuentro.com\/web\/?p=2833"},"modified":"2017-12-26T10:26:13","modified_gmt":"2017-12-26T09:26:13","slug":"guia-de-buenas-practicas-ante-noticias-relacionadas-con-la-adopcion-y-el-acogimiento-de-menores","status":"publish","type":"post","link":"https:\/\/adopcionpuntodeencuentro.com\/web\/guia-de-buenas-practicas-ante-noticias-relacionadas-con-la-adopcion-y-el-acogimiento-de-menores\/","title":{"rendered":"Gu\u00eda de buenas pr\u00e1cticas ante noticias relacionadas con la adopci\u00f3n y el acogimiento de menores."},"content":{"rendered":"<p><a href=\"http:\/\/adopcionpuntodeencuentro.com\/web\/wp-content\/uploads\/medios-de-comunicaci\u00f3n.jpg\"><img loading=\"lazy\" decoding=\"async\" class=\"alignleft wp-image-2834\" src=\"http:\/\/adopcionpuntodeencuentro.com\/web\/wp-content\/uploads\/medios-de-comunicaci\u00f3n.jpg\" alt=\"medios de comunicaci\u00f3n\" width=\"500\" height=\"350\" srcset=\"https:\/\/adopcionpuntodeencuentro.com\/web\/wp-content\/uploads\/medios-de-comunicaci\u00f3n.jpg 640w, https:\/\/adopcionpuntodeencuentro.com\/web\/wp-content\/uploads\/medios-de-comunicaci\u00f3n-150x105.jpg 150w, https:\/\/adopcionpuntodeencuentro.com\/web\/wp-content\/uploads\/medios-de-comunicaci\u00f3n-300x210.jpg 300w, https:\/\/adopcionpuntodeencuentro.com\/web\/wp-content\/uploads\/medios-de-comunicaci\u00f3n-600x420.jpg 600w\" sizes=\"(max-width: 500px) 100vw, 500px\" \/><\/a>Ya en el 2006, <a href=\"http:\/\/www.coraenlared.org\/\" target=\"_blank\" rel=\"noopener\">La Coordinadora de Asociaciones en defensa de la Adopci\u00f3n y el Acogimiento, CORA<\/a>, federaci\u00f3n que engloba a 22 asociaciones de familias adoptantes de todo el pa\u00eds manifestaba\u00a0su preocupaci\u00f3n por el tratamiento, que en ocasiones reciben en los medios de comunicaci\u00f3n social, y en las noticias relacionadas de alg\u00fan modo con la adopci\u00f3n de menores. Y el perjuicio que esto supone no s\u00f3lo a los protagonistas de las mismas, sino tambi\u00e9n a la imagen social de la adopci\u00f3n.lo recalcan y elaboran una<strong> gu\u00eda<\/strong> para evitar este tratamiento tan inadecuado como frecuente. <a href=\"http:\/\/www.coraenlared.org\/2006\/01\/01\/comunicacion-buenas-practicas\/\" target=\"_blank\" rel=\"noopener\">Como se puede leer en su p\u00e1gina web<\/a> :<\/p>\n<p><em>\u00abEs por esto por lo que solicitamos a los medios de comunicaci\u00f3n que valoren la asunci\u00f3n como propia de la siguiente <strong>\u201c<a href=\"http:\/\/www.coraenlared.org\/2006\/01\/01\/comunicacion-buenas-practicas\/\" target=\"_blank\" rel=\"noopener\">Gu\u00eda de buenas pr\u00e1cticas ante noticias relacionadas con la adopci\u00f3n de menores\u201d<\/a><\/strong>, sin ning\u00fan \u00e1nimo por nuestra parte de menoscabar la libertad de informaci\u00f3n amparada por nuestra Constituci\u00f3n. Nuestro objetivo al hacerles llegar esta gu\u00eda es \u00fanicamente el de fomentar una informaci\u00f3n precisa y sensible en relaci\u00f3n a la adopci\u00f3n de menores\u00bb.<\/em><\/p>\n<h3><strong><a href=\"http:\/\/www.coraenlared.org\/2006\/01\/01\/comunicacion-buenas-practicas\/\" target=\"_blank\" rel=\"noopener\">Gu\u00eda de buenas pr\u00e1cticas ante noticias relacionadas con la adopci\u00f3n y el acogimiento de menores:<\/a><\/strong><\/h3>\n<p class=\"bodytext\">1.- Garantizar en todo momento el derecho al honor, a la intimidad personal y familiar y a la propia imagen. Asumir el car\u00e1cter privado del hecho de haber sido adoptado, y por tanto, que <strong>la revelaci\u00f3n del mismo podr\u00eda llegar a considerarse una intromisi\u00f3n ileg\u00edtima en la intimidad del afectado.<\/strong><\/p>\n<p>2.- Incluir referencias a la adopci\u00f3n s\u00f3lo si son relevantes para la noticia. <strong>El hecho de haber sido adoptado no confiere un estatus distinto en el seno de una familia, ni es una caracter\u00edstica que deba etiquetar a una persona de por vida.<\/strong><\/p>\n<p>3.- En la inmensa mayor\u00eda de los casos los motivos que gu\u00edan a los adoptantes es su deseo de ser padres de modo que \u00e9stos no deber\u00edan presentarse como m\u00e1s generosos o solidarios que otros. <strong>Se deber\u00edan evitar, cuando \u00e9stas se desconozcan, valoraciones acerca de las motivaciones para adoptar.<\/strong><\/p>\n<p>4.-<strong> Identificar claramente a qu\u00e9 medida de protecci\u00f3n de menores se refiere la noticia<\/strong>, esto es, si se trata de una adopci\u00f3n o de un acogimiento en alguna de sus diversas opciones. Diferenciar, asimismo, lo que son medidas de protecci\u00f3n de menores (adopci\u00f3n, acogimientos) de actuaciones que de ning\u00fan modo los son como la utilizaci\u00f3n de madres de alquiler (maternidad subrogada), etc.<\/p>\n<p>5.- <strong>No presuponer que actitudes o conductas de las personas implicadas en la noticia, en especial las problem\u00e1ticas, est\u00e1n vinculadas a la adopci\u00f3n.<\/strong><\/p>\n<p>6.- <strong>Evitar transmitir la sensaci\u00f3n de que con cierta frecuencia las adopciones conllevan un procedimiento irregular o son ilegales.<\/strong> Aunque estos casos existen, son la excepci\u00f3n comparados con el n\u00famero de procesos llevados a cabo con plenas garant\u00edas.<\/p>\n<p>7.- <strong>Mostrar la especial sensibilidad, que el tratamiento de cualquier tem\u00e1tica relacionada con la infancia merece, en la elecci\u00f3n de los t\u00e9rminos utilizados<\/strong>, evitando palabras como \u201cabandonado\u201d, \u201crechazado\u201d o \u201cno deseado\u201d al referirse a un menor adoptado, y que adem\u00e1s en muchos casos no responden a la realidad. Evitar expresiones como \u201cno pod\u00edan tener hijos propios\u201d que sugieren un estatus diferente para hijos adoptados y biol\u00f3gicos.<\/p>\n<p>8.- Los padres que han adoptado un menor son simplemente sus \u201cpadres\u201d (aquellos que desarrollan respecto del menor las funciones parentales). <strong>El modo en que se estableci\u00f3 su filiaci\u00f3n no debe remarcarse cuando no hace al caso de la noticia<\/strong>.\u00a0 El hombre y la mujer que concibieron al ni\u00f1o pueden ser denominados como sus \u201cpadres biol\u00f3gicos\u201d o \u201cpadres gen\u00e9ticos\u201d. Se deben evitar t\u00e9rminos como \u201cpadres reales\u201d o \u201cpadres naturales \u201d<\/p>\n<p>9.- <strong>Intentar potenciar los aspectos positivos de la adopci\u00f3n y aprovechar las noticias referidas a la adopci\u00f3n para informar acerca de los procedimientos y recursos.<\/strong><\/p>\n<p>CORA<br \/>\nDiciembre de 2006<\/p>\n<p class=\"bodytext\"><em>\u00a0Adem\u00e1s \u00a0de esta gu\u00eda hay que se\u00f1alar el hecho de que\u00a0<\/em><em> \u00abEn <a href=\"http:\/\/www.coraenlared.org\/\" target=\"_blank\" rel=\"noopener\">CORA<\/a> nos hacemos eco y nos adherimos al documento <a href=\"http:\/\/www.afac.info\/2013\/acto-de-presentacion-del-documento-medios-de-comunicacion-y-adopcion\/\" target=\"_blank\" rel=\"noopener\">\u00abMedios de Comunicaci\u00f3n y Adopci\u00f3n\u00bb<\/a>.\u00a0Este documento es el resultado de un grupo de trabajo impulsado y formado por la Asociaci\u00f3n de Familias adoptantes en China (AFAC , que se dirigi\u00f3 al Consell de l\u00b4Audiovisual de Catalunya y en el que participaron tamb\u00e9n La Voz de los adoptados , la Asociaci\u00f3n GERARD , el Institut Catal\u00e0 de l\u00b4 Acolliment i l\u00b4Adopci\u00f3 ( ICAA ) , el S\u00edndic de Greuges , el Colegio de Periodistas de Catalu\u00f1a (CPC) y la profesora de Psicolog\u00eda de la Universidad de Barcelona ( UB ) Montserrat Freixa .\u00bb<\/em><\/p>\n","protected":false},"excerpt":{"rendered":"<p>En el 2006, La Coordinadora de Asociaciones en defensa de la Adopci\u00f3n y el Acogimiento, CORA, federaci\u00f3n que engloba a 22 asociaciones de familias adoptantes de todo el pa\u00eds ya manifestaba su preocupaci\u00f3n por el tratamiento, que en ocasiones reciben en los medios de comunicaci\u00f3n social, y en las noticias relacionadas de alg\u00fan modo con la adopci\u00f3n de menores. Y el perjuicio que esto supone no s\u00f3lo a los protagonistas de las mismas, sino tambi\u00e9n a la imagen social de la adopci\u00f3n.<\/p>\n","protected":false},"author":1,"featured_media":2835,"comment_status":"open","ping_status":"open","sticky":false,"template":"","format":"standard","meta":{"footnotes":""},"categories":[188,5,280,17],"tags":[47,27,72,20],"_links":{"self":[{"href":"https:\/\/adopcionpuntodeencuentro.com\/web\/wp-json\/wp\/v2\/posts\/2833"}],"collection":[{"href":"https:\/\/adopcionpuntodeencuentro.com\/web\/wp-json\/wp\/v2\/posts"}],"about":[{"href":"https:\/\/adopcionpuntodeencuentro.com\/web\/wp-json\/wp\/v2\/types\/post"}],"author":[{"embeddable":true,"href":"https:\/\/adopcionpuntodeencuentro.com\/web\/wp-json\/wp\/v2\/users\/1"}],"replies":[{"embeddable":true,"href":"https:\/\/adopcionpuntodeencuentro.com\/web\/wp-json\/wp\/v2\/comments?post=2833"}],"version-history":[{"count":4,"href":"https:\/\/adopcionpuntodeencuentro.com\/web\/wp-json\/wp\/v2\/posts\/2833\/revisions"}],"predecessor-version":[{"id":8454,"href":"https:\/\/adopcionpuntodeencuentro.com\/web\/wp-json\/wp\/v2\/posts\/2833\/revisions\/8454"}],"wp:featuredmedia":[{"embeddable":true,"href":"https:\/\/adopcionpuntodeencuentro.com\/web\/wp-json\/wp\/v2\/media\/2835"}],"wp:attachment":[{"href":"https:\/\/adopcionpuntodeencuentro.com\/web\/wp-json\/wp\/v2\/media?parent=2833"}],"wp:term":[{"taxonomy":"category","embeddable":true,"href":"https:\/\/adopcionpuntodeencuentro.com\/web\/wp-json\/wp\/v2\/categories?post=2833"},{"taxonomy":"post_tag","embeddable":true,"href":"https:\/\/adopcionpuntodeencuentro.com\/web\/wp-json\/wp\/v2\/tags?post=2833"}],"curies":[{"name":"wp","href":"https:\/\/api.w.org\/{rel}","templated":true}]}}