{"id":3059,"date":"2015-06-13T09:13:39","date_gmt":"2015-06-13T07:13:39","guid":{"rendered":"http:\/\/adopcionpuntodeencuentro.com\/web\/?p=3059"},"modified":"2015-06-13T09:15:59","modified_gmt":"2015-06-13T07:15:59","slug":"el-libro-de-la-selva-una-referencia-de-seguridad","status":"publish","type":"post","link":"https:\/\/adopcionpuntodeencuentro.com\/web\/el-libro-de-la-selva-una-referencia-de-seguridad\/","title":{"rendered":"El libro de la selva. Una referencia de seguridad."},"content":{"rendered":"<p>Hoy una pel\u00edcula imprescindible, para nuestros ni\u00f1os. El libro de la selva, de 1967.<br \/>\nEsta pel\u00edcula ha marcado a generaciones de ni\u00f1os y creado lugares comunes (situaciones, personajes, vivencias) para poder hablar de temas de adopci\u00f3n y de resiliencia. Permite a los ni\u00f1os y ni\u00f1as adoptados encontrar una referencia de seguridad, amor, y una visi\u00f3n positiva sobre su desarrollo y su futuro, a pesar del abandono vivido y de los peligros que sienten que pueden encontrar en la vida (sobre todo para los ni\u00f1os y ni\u00f1as especialmente da\u00f1ados en su infancia)<br \/>\nY la m\u00fasica, memorable.<\/p>\n<div><strong>Rese\u00f1a y rec<a href=\"http:\/\/adopcionpuntodeencuentro.com\/web\/wp-content\/uploads\/ADOPCINE.png\"><img loading=\"lazy\" decoding=\"async\" class=\"alignleft wp-image-2396\" src=\"http:\/\/adopcionpuntodeencuentro.com\/web\/wp-content\/uploads\/ADOPCINE-150x55.png\" alt=\"ADOPCINE\" width=\"200\" height=\"73\" srcset=\"https:\/\/adopcionpuntodeencuentro.com\/web\/wp-content\/uploads\/ADOPCINE-150x55.png 150w, https:\/\/adopcionpuntodeencuentro.com\/web\/wp-content\/uploads\/ADOPCINE-300x110.png 300w, https:\/\/adopcionpuntodeencuentro.com\/web\/wp-content\/uploads\/ADOPCINE-600x219.png 600w, https:\/\/adopcionpuntodeencuentro.com\/web\/wp-content\/uploads\/ADOPCINE.png 1136w\" sizes=\"(max-width: 200px) 100vw, 200px\" \/><\/a>omendaci\u00f3n de \u00a0<a title=\"JIgnacio biograf\u00eda\" href=\"http:\/\/wp.me\/p56Gk1-p9\" target=\"_blank\">J.Ignacio D\u00edaz Carvajal,<\/a>\u00a0que dirige esta secci\u00f3n y\u00a0con el que cada semana aprendemos mucho a trav\u00e9s de las historias \u00a0con tem\u00e1tica adoptiva que \u00e9l nos sugiere .<\/strong><\/div>\n<p><strong>Adopcine es el cine desde la mirada adoptiva.<\/strong><strong>\u00a0Pel\u00edculas, documentales y v\u00eddeos que tratan la tem\u00e1tica de la adopci\u00f3n y del acogimiento<\/strong>.<strong>\u00a0<\/strong><\/p>\n<h1><span style=\"color: #f50a2d;\">El libro de la selva (The jungle book) 1967<\/span><\/h1>\n<p><a href=\"http:\/\/adopcionpuntodeencuentro.com\/web\/wp-content\/uploads\/El_libro_de_la_selva-587810420-large.jpg\"><img loading=\"lazy\" decoding=\"async\" class=\"alignleft wp-image-3060 size-large\" src=\"http:\/\/adopcionpuntodeencuentro.com\/web\/wp-content\/uploads\/El_libro_de_la_selva-587810420-large-396x600.jpg\" alt=\"El_libro_de_la_selva-587810420-large\" width=\"396\" height=\"600\" srcset=\"https:\/\/adopcionpuntodeencuentro.com\/web\/wp-content\/uploads\/El_libro_de_la_selva-587810420-large-396x600.jpg 396w, https:\/\/adopcionpuntodeencuentro.com\/web\/wp-content\/uploads\/El_libro_de_la_selva-587810420-large-99x150.jpg 99w, https:\/\/adopcionpuntodeencuentro.com\/web\/wp-content\/uploads\/El_libro_de_la_selva-587810420-large-198x300.jpg 198w, https:\/\/adopcionpuntodeencuentro.com\/web\/wp-content\/uploads\/El_libro_de_la_selva-587810420-large.jpg 774w\" sizes=\"(max-width: 396px) 100vw, 396px\" \/><\/a><strong>Director:<\/strong> Wolfgang Reitherman<\/p>\n<p>1967<\/p>\n<p>EEUU<\/p>\n<p>Animaci\u00f3n (Walt Disney)<\/p>\n<p>78 minutos<\/p>\n<p><strong>Sinopsis:<\/strong><\/p>\n<p>Tras la muerte de sus padres, Mowgli, un ni\u00f1o de apenas dos a\u00f1os, queda abandonado en la selva y es recogido por una manada de lobos. En el seno de la manada, Mowgli es criado como un lobo m\u00e1s hasta que crece y empieza a desenvolverse por s\u00ed mismo en la selva. (FILMAFFINITY)<\/p>\n<p>Magn\u00edfica pel\u00edcula de dibujos animados, que a pesar de los a\u00f1os siguen vi\u00e9ndola las nuevas generaciones de ni\u00f1os, y disfrutando de su magn\u00edfico dibujo, de su m\u00fasica ( pues es casi un musical) y de su historia.<\/p>\n<p>Basada en una adaptaci\u00f3n libre sobre las narraciones recogidas en El libro de la Selva, de Rudyard Kipling, publicado en\u00a0 1894.<\/p>\n<p>Mowgli, (\u00abla rana\u00bb, pues no tiene pelos), abandonado en la selva, es recogido por una pantera, Bagheera, que a su vez se lo entrega a unos lobos para que lo crien. Los lobos en consejo, deciden que tiene que irse para evitar que se lo coma y les ataque el tigre Shere Khan.<\/p>\n<p><a href=\"http:\/\/adopcionpuntodeencuentro.com\/web\/wp-content\/uploads\/el-libro-d.jpg\"><img loading=\"lazy\" decoding=\"async\" class=\"alignleft wp-image-3061 size-medium\" src=\"http:\/\/adopcionpuntodeencuentro.com\/web\/wp-content\/uploads\/el-libro-d-300x240.jpg\" alt=\"el-libro-d\" width=\"300\" height=\"240\" srcset=\"https:\/\/adopcionpuntodeencuentro.com\/web\/wp-content\/uploads\/el-libro-d-300x240.jpg 300w, https:\/\/adopcionpuntodeencuentro.com\/web\/wp-content\/uploads\/el-libro-d-150x120.jpg 150w, https:\/\/adopcionpuntodeencuentro.com\/web\/wp-content\/uploads\/el-libro-d.jpg 558w\" sizes=\"(max-width: 300px) 100vw, 300px\" \/><\/a>M\u00e1s adelante ser\u00e1 un oso, Baloo, el que se encargar\u00e1 de instruirle sobre las posibilidades de supervivencia en la selva, y al que Mowgli llamar\u00e1 Pap\u00e1\u00a0 Baloo. Sufrir\u00e1 el acoso de la serpiente Kaa, y el secuestro por parte de la tribu de los monos los Bandar-Log, hasta que ayudado por unos buitres y por Baloo, consigue vencer al tigre y llegar al pueblo de los humanos, donde se quedar\u00e1.<\/p>\n<p>Valores como la amistad, la b\u00fasqueda del propio camino, la paternidad de acogida, el valor para enfrentarse a los obst\u00e1culos de la vida&#8230;y est\u00e9ticamente unos dibujos memorables.<\/p>\n<p>&nbsp;<\/p>\n<p style=\"text-align: center;\"><iframe loading=\"lazy\" src=\"https:\/\/www.youtube.com\/embed\/8mk4xD-Bmq4\" width=\"560\" height=\"315\" frameborder=\"0\" allowfullscreen=\"allowfullscreen\"><\/iframe><\/p>\n<p><strong><a href=\"http:\/\/adopcionpuntodeencuentro.com\/web\/wp-content\/uploads\/gracias.jpg\"><img loading=\"lazy\" decoding=\"async\" class=\"alignleft size-thumbnail wp-image-1677\" src=\"http:\/\/adopcionpuntodeencuentro.com\/web\/wp-content\/uploads\/gracias-110x150.jpg\" alt=\"gracias\" width=\"110\" height=\"150\" srcset=\"https:\/\/adopcionpuntodeencuentro.com\/web\/wp-content\/uploads\/gracias-110x150.jpg 110w, https:\/\/adopcionpuntodeencuentro.com\/web\/wp-content\/uploads\/gracias-221x300.jpg 221w, https:\/\/adopcionpuntodeencuentro.com\/web\/wp-content\/uploads\/gracias.jpg 307w\" sizes=\"(max-width: 110px) 100vw, 110px\" \/><\/a><\/strong><br \/>\n<strong>A \u00a0<a title=\"J.Ignacio\" href=\"http:\/\/joseignaciodiazcarvajal.blogspot.com.es\/\" target=\"_blank\">Jos\u00e9 Ignacio D\u00edaz de Carvajal<\/a>\u00a0.<\/strong><strong>\u00a0Padre adoptivo.\u00a0M\u00e9dico psicoterapeuta.<\/strong><\/p>\n<p><strong>Os invitamos a visitar \u00a0su valioso blog \u00bb\u00a0<a title=\"pel\u00edculas y adopci\u00f3n \" href=\"http:\/\/peliculasyadopcion.blogspot.com.es\/?m=1\" target=\"_blank\">Pel\u00edculas y adopci\u00f3n<\/a>\u00bb\u00a0 sobre pel\u00edculas relacionadas con el complejo mundo de la adopci\u00f3n:\u00a0abandono, acogimiento, adopci\u00f3n, adopci\u00f3n internacional, interracial, homoparental, monoparental femenina, monoparental masculina , adoptados adultos\u2026y a leer sus interesantes cr\u00edticas.<\/strong><\/p>\n<div class='divider' > <\/div>\n<p><iframe loading=\"lazy\" style=\"width: 120px; height: 240px;\" src=\"http:\/\/rcm-eu.amazon-adsystem.com\/e\/cm?t=adopcionpunto-21&amp;o=30&amp;p=8&amp;l=as1&amp;asins=B00JVQUZZO&amp;ref=qf_sp_asin_til&amp;fc1=000000&amp;IS2=1&amp;lt1=_blank&amp;m=amazon&amp;lc1=FF0030&amp;bc1=000000&amp;bg1=FFFFFF&amp;f=ifr\" width=\"300\" height=\"150\" frameborder=\"0\" marginwidth=\"0\" marginheight=\"0\" scrolling=\"no\"><\/iframe><\/p>\n","protected":false},"excerpt":{"rendered":"<p>Esta pel\u00edcula ha marcado a generaciones de ni\u00f1os y creado lugares comunes (situaciones, personajes, vivencias) para poder hablar de temas de adopci\u00f3n y de resiliencia. Permite a los ni\u00f1os y ni\u00f1as adoptados encontrar una referencia de seguridad, amor, y una visi\u00f3n positiva sobre su desarrollo y su futuro, a pesar del abandono vivido y de los peligros que sienten que pueden encontrar en la vida (sobre todo para los ni\u00f1os y ni\u00f1as especialmente da\u00f1ados en su infancia)<\/p>\n","protected":false},"author":1,"featured_media":3063,"comment_status":"open","ping_status":"open","sticky":false,"template":"","format":"standard","meta":{"footnotes":""},"categories":[86],"tags":[47,27,230,78],"_links":{"self":[{"href":"https:\/\/adopcionpuntodeencuentro.com\/web\/wp-json\/wp\/v2\/posts\/3059"}],"collection":[{"href":"https:\/\/adopcionpuntodeencuentro.com\/web\/wp-json\/wp\/v2\/posts"}],"about":[{"href":"https:\/\/adopcionpuntodeencuentro.com\/web\/wp-json\/wp\/v2\/types\/post"}],"author":[{"embeddable":true,"href":"https:\/\/adopcionpuntodeencuentro.com\/web\/wp-json\/wp\/v2\/users\/1"}],"replies":[{"embeddable":true,"href":"https:\/\/adopcionpuntodeencuentro.com\/web\/wp-json\/wp\/v2\/comments?post=3059"}],"version-history":[{"count":5,"href":"https:\/\/adopcionpuntodeencuentro.com\/web\/wp-json\/wp\/v2\/posts\/3059\/revisions"}],"predecessor-version":[{"id":3067,"href":"https:\/\/adopcionpuntodeencuentro.com\/web\/wp-json\/wp\/v2\/posts\/3059\/revisions\/3067"}],"wp:featuredmedia":[{"embeddable":true,"href":"https:\/\/adopcionpuntodeencuentro.com\/web\/wp-json\/wp\/v2\/media\/3063"}],"wp:attachment":[{"href":"https:\/\/adopcionpuntodeencuentro.com\/web\/wp-json\/wp\/v2\/media?parent=3059"}],"wp:term":[{"taxonomy":"category","embeddable":true,"href":"https:\/\/adopcionpuntodeencuentro.com\/web\/wp-json\/wp\/v2\/categories?post=3059"},{"taxonomy":"post_tag","embeddable":true,"href":"https:\/\/adopcionpuntodeencuentro.com\/web\/wp-json\/wp\/v2\/tags?post=3059"}],"curies":[{"name":"wp","href":"https:\/\/api.w.org\/{rel}","templated":true}]}}