{"id":3328,"date":"2015-08-04T12:52:12","date_gmt":"2015-08-04T10:52:12","guid":{"rendered":"http:\/\/adopcionpuntodeencuentro.com\/web\/?p=3328"},"modified":"2019-10-16T12:34:46","modified_gmt":"2019-10-16T10:34:46","slug":"solo-reflexiones-angeles-fernandez","status":"publish","type":"post","link":"https:\/\/adopcionpuntodeencuentro.com\/web\/solo-reflexiones-angeles-fernandez\/","title":{"rendered":"Solo reflexiones. \u00c1ngeles Fern\u00e1ndez"},"content":{"rendered":"<p><a href=\"http:\/\/adopcionpuntodeencuentro.com\/web\/wp-content\/uploads\/reflex.jpg\"><img loading=\"lazy\" decoding=\"async\" class=\"alignleft wp-image-3331 size-medium\" src=\"http:\/\/adopcionpuntodeencuentro.com\/web\/wp-content\/uploads\/reflex-300x238.jpg\" alt=\"reflex\" width=\"300\" height=\"238\" srcset=\"https:\/\/adopcionpuntodeencuentro.com\/web\/wp-content\/uploads\/reflex-300x238.jpg 300w, https:\/\/adopcionpuntodeencuentro.com\/web\/wp-content\/uploads\/reflex-150x119.jpg 150w, https:\/\/adopcionpuntodeencuentro.com\/web\/wp-content\/uploads\/reflex-600x476.jpg 600w, https:\/\/adopcionpuntodeencuentro.com\/web\/wp-content\/uploads\/reflex.jpg 941w\" sizes=\"(max-width: 300px) 100vw, 300px\" \/><\/a>He observado, sobre el tema de or\u00edgenes y madre biol\u00f3gica, que los ni\u00f1os adoptados no hablan de sus ra\u00edces as\u00ed como as\u00ed.<br \/>\nEs verdad, que los ni\u00f1os adoptados tienen sus reservas con respecto a sus or\u00edgenes. Las reservas del ni\u00f1o adoptado van a depender en gran parte de las reservar que tengan los padres adoptivos.<br \/>\nEs verdad que hay de todo, ni\u00f1os abiertos y desinhibidos y padres m\u00e1s o menos abiertos en estos temas. Gracias a Dios, cada vez m\u00e1s, hay padres preparados que aprenden de otros padres que van por delante.Lo que realmente ayuda al hijo adoptivo a ver y vivir sanamente su historia es: \u201c la relaci\u00f3n mental de su madre adoptiva con su madre biol\u00f3gica\u201d.<br \/>\nHablar los padres de los or\u00edgenes a su hijo, a su hijo, es fundamental. Es aceptar que ellos piensan y siente su historia. Y es aceptar sus or\u00edgenes . Esa aceptaci\u00f3n y el alcance de ella, lo nota enseguida el ni\u00f1o.<br \/>\nAunque los padres adoptivos sean sus PADRES , sin otro adjetivos y as\u00ed lo sienta el hijo, saben tambi\u00e9n que es un proceso , una circunstancia la que origin\u00f3 eso. Saben que llegaron a sus padres por adopci\u00f3n y que tiene una historia detr\u00e1s. As\u00ed que no vale de nada positivo, no hablarles los padres a sus hijos de su historia.<br \/>\nHablar es hacerlo directamente a ellos. Comentar el tema en casa, en momentos normales que salga el tema o provocar que salga. Entonces, entre otras cosas estamos abriendo una puerta para que ello expresen sus sentimientos y emociones sobre su historia.<br \/>\nNo hablar de un tema es convertirlo en tab\u00fa..<br \/>\n<a href=\"http:\/\/adopcionpuntodeencuentro.com\/web\/wp-content\/uploads\/REFLEX2B.jpg\"><img loading=\"lazy\" decoding=\"async\" class=\"alignleft wp-image-3333 size-medium\" src=\"http:\/\/adopcionpuntodeencuentro.com\/web\/wp-content\/uploads\/REFLEX2B-300x237.jpg\" alt=\"REFLEX2B\" width=\"300\" height=\"237\" srcset=\"https:\/\/adopcionpuntodeencuentro.com\/web\/wp-content\/uploads\/REFLEX2B-300x237.jpg 300w, https:\/\/adopcionpuntodeencuentro.com\/web\/wp-content\/uploads\/REFLEX2B-150x119.jpg 150w, https:\/\/adopcionpuntodeencuentro.com\/web\/wp-content\/uploads\/REFLEX2B-600x475.jpg 600w, https:\/\/adopcionpuntodeencuentro.com\/web\/wp-content\/uploads\/REFLEX2B.jpg 689w\" sizes=\"(max-width: 300px) 100vw, 300px\" \/><\/a>A veces tenemos que detectar en sus preguntas cual es la respuesta que esperan de ella y sin enga\u00f1o y sin miedo responderles.<br \/>\nA veces podemos no saber que decirles, pero ellos necesitan nuestra compresi\u00f3n, nuestra empat\u00eda, y nuestra sinceridad.<br \/>\nOtro tema adem\u00e1s de hablar con nuestros hijos de sus or\u00edgenes es buscar or\u00edgenes.<br \/>\nEs como un pasito m\u00e1s, es seguir aceptando su realidad y sus necesidades. Es librarte de tus miedos y evitar miedos en ellos.<br \/>\nMuchos adoptados dicen que es peor la incertidumbre que la realidad. Esa realidad ayuda a madurar como personas y a hacerle libre.<br \/>\nNo es lo mismo, tener que aceptar una historia dura de golpe y ya mayor, que ir desde peque\u00f1ito conociendo y acept\u00e1ndola, pasito a pasito.<br \/>\nA veces, y seg\u00fan el pa\u00eds , es posible que no se llegue a encontrar sus or\u00edgenes, pero si podemos ir completando su historia, ayudarles a que la asuman. Y que cuando oigan o lean en internet algo sobre sus or\u00edgenes, que pueda no serles agradable, que la hallan escuchado ya antes por nosotros, sus padres.<br \/>\nEso les reforzara que somos sus padres incondicionales y atentos a sus emociones.<\/p>\n<p><img loading=\"lazy\" decoding=\"async\" class=\" size-thumbnail wp-image-1677 alignleft\" src=\"http:\/\/adopcionpuntodeencuentro.com\/web\/wp-content\/uploads\/gracias-110x150.jpg\" alt=\"gracias\" width=\"110\" height=\"150\" srcset=\"https:\/\/adopcionpuntodeencuentro.com\/web\/wp-content\/uploads\/gracias-110x150.jpg 110w, https:\/\/adopcionpuntodeencuentro.com\/web\/wp-content\/uploads\/gracias-221x300.jpg 221w, https:\/\/adopcionpuntodeencuentro.com\/web\/wp-content\/uploads\/gracias.jpg 307w\" sizes=\"(max-width: 110px) 100vw, 110px\" \/><\/p>\n<blockquote>\n<div>\n<div>\n<div><strong>Angeles Fernandez<\/strong>.\u00a0Orgullosa y feliz madre adoptante en China desde \u00a02004<\/div>\n<\/div>\n<div>Creadora y administradora de HIJOS POR ADOPCI\u00d3N, un grupo cerrado con una alta actividad en facebook.<\/div>\n<div>Participa activamente en otros grupos sobre adopci\u00f3n y su colaboraci\u00f3n y aportaciones son muy valiosas.<\/div>\n<\/div>\n<\/blockquote>\n","protected":false},"excerpt":{"rendered":"<p>Hablar los padres de los or\u00edgenes a su hijo, a su hijo, es fundamental. Es aceptar que ellos piensan y siente su historia. Y es aceptar sus or\u00edgenes . Esa aceptaci\u00f3n y el alcance de ella, lo nota enseguida el ni\u00f1o.<br \/>\nAunque los padres adoptivos sean sus PADRES , sin otro adjetivos y as\u00ed lo sienta el hijo, saben tambi\u00e9n que es un proceso , una circunstancia la que origin\u00f3 eso. Saben que llegaron a sus padres por adopci\u00f3n y que tiene una historia detr\u00e1s. <\/p>\n","protected":false},"author":1,"featured_media":3331,"comment_status":"open","ping_status":"open","sticky":false,"template":"","format":"standard","meta":{"footnotes":""},"categories":[1],"tags":[230,55,39,28],"_links":{"self":[{"href":"https:\/\/adopcionpuntodeencuentro.com\/web\/wp-json\/wp\/v2\/posts\/3328"}],"collection":[{"href":"https:\/\/adopcionpuntodeencuentro.com\/web\/wp-json\/wp\/v2\/posts"}],"about":[{"href":"https:\/\/adopcionpuntodeencuentro.com\/web\/wp-json\/wp\/v2\/types\/post"}],"author":[{"embeddable":true,"href":"https:\/\/adopcionpuntodeencuentro.com\/web\/wp-json\/wp\/v2\/users\/1"}],"replies":[{"embeddable":true,"href":"https:\/\/adopcionpuntodeencuentro.com\/web\/wp-json\/wp\/v2\/comments?post=3328"}],"version-history":[{"count":6,"href":"https:\/\/adopcionpuntodeencuentro.com\/web\/wp-json\/wp\/v2\/posts\/3328\/revisions"}],"predecessor-version":[{"id":11200,"href":"https:\/\/adopcionpuntodeencuentro.com\/web\/wp-json\/wp\/v2\/posts\/3328\/revisions\/11200"}],"wp:featuredmedia":[{"embeddable":true,"href":"https:\/\/adopcionpuntodeencuentro.com\/web\/wp-json\/wp\/v2\/media\/3331"}],"wp:attachment":[{"href":"https:\/\/adopcionpuntodeencuentro.com\/web\/wp-json\/wp\/v2\/media?parent=3328"}],"wp:term":[{"taxonomy":"category","embeddable":true,"href":"https:\/\/adopcionpuntodeencuentro.com\/web\/wp-json\/wp\/v2\/categories?post=3328"},{"taxonomy":"post_tag","embeddable":true,"href":"https:\/\/adopcionpuntodeencuentro.com\/web\/wp-json\/wp\/v2\/tags?post=3328"}],"curies":[{"name":"wp","href":"https:\/\/api.w.org\/{rel}","templated":true}]}}