{"id":3426,"date":"2015-09-07T09:00:46","date_gmt":"2015-09-07T07:00:46","guid":{"rendered":"http:\/\/adopcionpuntodeencuentro.com\/web\/?p=3426"},"modified":"2017-01-24T09:41:25","modified_gmt":"2017-01-24T08:41:25","slug":"pensar-de-otra-manera-el-pasado-de-los-hijos-adoptivos-por-juan-a-casalilla-galan","status":"publish","type":"post","link":"https:\/\/adopcionpuntodeencuentro.com\/web\/pensar-de-otra-manera-el-pasado-de-los-hijos-adoptivos-por-juan-a-casalilla-galan\/","title":{"rendered":"Pensar (de otra manera) el pasado de los hijos adoptivos. Por Juan A. Casalilla Gal\u00e1n"},"content":{"rendered":"<p><a href=\"http:\/\/adopcionpuntodeencuentro.com\/web\/wp-content\/uploads\/frase-pensar2.jpg\"><img loading=\"lazy\" decoding=\"async\" class=\"alignleft wp-image-3432\" src=\"http:\/\/adopcionpuntodeencuentro.com\/web\/wp-content\/uploads\/frase-pensar2.jpg\" alt=\"frase pensar2\" width=\"400\" height=\"285\" srcset=\"https:\/\/adopcionpuntodeencuentro.com\/web\/wp-content\/uploads\/frase-pensar2.jpg 520w, https:\/\/adopcionpuntodeencuentro.com\/web\/wp-content\/uploads\/frase-pensar2-150x107.jpg 150w, https:\/\/adopcionpuntodeencuentro.com\/web\/wp-content\/uploads\/frase-pensar2-300x213.jpg 300w\" sizes=\"(max-width: 400px) 100vw, 400px\" \/><\/a>Venimos insistiendo a lo largo de anteriores \u201centradas\u201d en la singularidad de la historia y origen de cada menor adoptado y\/o acogido. A veces su pasado es pensado \u00fanicamente como un \u201clastre\u201d o una \u201cdificultad\u201d. Pre\u00f1ado de dolor, heridas y carencias.\u00a0 Se habla de trauma, malos tratos, desatenci\u00f3n y abandono, haci\u00e9ndose generalizaciones peligrosas y poco asentadas en razonamientos cient\u00edficos. <strong>No debemos olvidar que cuando hablamos de un grupo en general no hablamos de nadie<\/strong>. Tambi\u00e9n debemos recordar que los padres adoptivos tienen una <em>\u00abdeuda\u00bb<\/em> con ese pasado que les ha permitido ser padres.<\/p>\n<p>Cuando tenemos que responder a las demandas de situaciones singulares, s\u00f3lo las claves de la relaci\u00f3n actual pueden darnos las llaves de c\u00f3mo actuar.<\/p>\n<p>Ubicar todo lo que nos produce malestar en la relaci\u00f3n o lo que no entendemos de un pasado\u00a0deficitario y\/o traum\u00e1tico no es siempre acertado, casi nunca lo es del todo&#8230;aunque sin duda produce un traicionero confort intelectual.<\/p>\n<p>Por otra parte Identificar a ese <em>otro<\/em> con el que nos relacionamos como \u201cen falta\u201d, sit\u00faa las relaciones en una asimetr\u00eda, digamos que inadecuada. Esta inadecuaci\u00f3n no se percibe en un primer momento ya que sit\u00faa a educadores y profesionales en un lugar de privilegio, en un lugar \u201cnoble\u201d\u2026 ayudamos, arreglamos lo que otros hicieron mal\u2026 pero <strong>\u00bfQui\u00e9n nos legitima a calificar al otro como deficitario, da\u00f1ado o patol\u00f3gico?<\/strong><\/p>\n<p><a href=\"http:\/\/adopcionpuntodeencuentro.com\/web\/wp-content\/uploads\/frase-pensar1.jpg\"><img loading=\"lazy\" decoding=\"async\" class=\"alignleft wp-image-3431\" src=\"http:\/\/adopcionpuntodeencuentro.com\/web\/wp-content\/uploads\/frase-pensar1.jpg\" alt=\"frase pensar1\" width=\"400\" height=\"282\" srcset=\"https:\/\/adopcionpuntodeencuentro.com\/web\/wp-content\/uploads\/frase-pensar1.jpg 620w, https:\/\/adopcionpuntodeencuentro.com\/web\/wp-content\/uploads\/frase-pensar1-150x106.jpg 150w, https:\/\/adopcionpuntodeencuentro.com\/web\/wp-content\/uploads\/frase-pensar1-300x211.jpg 300w, https:\/\/adopcionpuntodeencuentro.com\/web\/wp-content\/uploads\/frase-pensar1-600x423.jpg 600w\" sizes=\"(max-width: 400px) 100vw, 400px\" \/><\/a>Por supuesto no es hora de infravalorar la influencia que tienen la historia y circunstancias previas, pero s\u00ed de colocarlas en su lugar a la hora de explicar las conductas concretas\u00a0 de la actualidad.<\/p>\n<p>Por otra parte no podemos percibir que\u00a0 las singularidades que nuestro hijo trae en cuanto a su origen y su historia como una pesada carga, pues son esas circunstancias las que han hecho posible nuestra paternidad, siendo inherentes a esta forma de ser padres. Nuestro hijo no trae una pesada carga (la famosa mochila) sino la promesa hecha por nosotros de hacerle nuestro y darle una vida distinta a la que ten\u00eda. \u00a0En cierto sentido podemos decir que <strong>el hijo adoptivo viene de tenerlo todo a tener s\u00f3lo una promesa de una \u201cvida mejor\u201d<\/strong>.<\/p>\n<p>Por \u00faltimo no debemos olvidar que todas esas caracter\u00edsticas que se se\u00f1alan profusamente, y que son relativas al menor adoptable \u201ccomo grupo\u201d son inherentes y\u00a0 propias de esta forma de ser padres. Existiendo \u00a0en general un no reconocimiento de la \u201cdeuda\u201d simb\u00f3lica adquirida con la historia y circunstancias del hijo adoptado.<\/p>\n<p>&nbsp;<\/p>\n<p><img loading=\"lazy\" decoding=\"async\" class=\"alignleft wp-image-1677\" src=\"http:\/\/adopcionpuntodeencuentro.com\/web\/wp-content\/uploads\/gracias-110x150.jpg\" alt=\"gracias\" width=\"84\" height=\"114\" srcset=\"https:\/\/adopcionpuntodeencuentro.com\/web\/wp-content\/uploads\/gracias-110x150.jpg 110w, https:\/\/adopcionpuntodeencuentro.com\/web\/wp-content\/uploads\/gracias-221x300.jpg 221w, https:\/\/adopcionpuntodeencuentro.com\/web\/wp-content\/uploads\/gracias.jpg 307w\" sizes=\"(max-width: 84px) 100vw, 84px\" \/><br \/>\n|<strong>Juan Alonso Casalilla Gal\u00e1n. Psic\u00f3logo.Especialista en Adopci\u00f3n.<\/strong><\/p>\n<p>|<strong>Por compartir con nosotros su art\u00edculo:<a href=\"http:\/\/deseoyrazon.blogspot.com.es\/2014\/04\/pensar-de-otra-manera-el-pasado-de-los.html\" target=\"_blank\">Pensar (de otra manera)el pasado de los hijos adoptivos<\/a>.<\/strong><\/p>\n<div class=\"post-header\"><\/div>\n<div id=\"post-body-3182529668284219254\" class=\"post-body entry-content\">\n<div align=\"center\"><div class='divider' > <\/div><\/div>\n<div align=\"center\"><img loading=\"lazy\" decoding=\"async\" class=\"aligncenter size-full wp-image-6574\" src=\"http:\/\/adopcionpuntodeencuentro.com\/web\/wp-content\/uploads\/Juan-alonso-paraBIOGRAF\u00cdA-con-posit.jpg\" alt=\"\" width=\"966\" height=\"418\" srcset=\"https:\/\/adopcionpuntodeencuentro.com\/web\/wp-content\/uploads\/Juan-alonso-paraBIOGRAF\u00cdA-con-posit.jpg 966w, https:\/\/adopcionpuntodeencuentro.com\/web\/wp-content\/uploads\/Juan-alonso-paraBIOGRAF\u00cdA-con-posit-150x65.jpg 150w, https:\/\/adopcionpuntodeencuentro.com\/web\/wp-content\/uploads\/Juan-alonso-paraBIOGRAF\u00cdA-con-posit-400x173.jpg 400w, https:\/\/adopcionpuntodeencuentro.com\/web\/wp-content\/uploads\/Juan-alonso-paraBIOGRAF\u00cdA-con-posit-768x332.jpg 768w, https:\/\/adopcionpuntodeencuentro.com\/web\/wp-content\/uploads\/Juan-alonso-paraBIOGRAF\u00cdA-con-posit-600x260.jpg 600w\" sizes=\"(max-width: 966px) 100vw, 966px\" \/><\/div>\n<div align=\"center\">\n<div id=\"post-body-3182529668284219254\" class=\"post-body entry-content\">\n<div style=\"text-align: left;\" align=\"center\">\n<div id=\"post-body-3182529668284219254\" class=\"post-body entry-content\">\n<p>&nbsp;<\/p>\n<div style=\"text-align: left;\" align=\"center\"><\/div>\n<\/div>\n<\/div>\n<\/div>\n<\/div>\n<\/div>\n","protected":false},"excerpt":{"rendered":"<p>Cuando tenemos que responder a las demandas de situaciones singulares, s\u00f3lo las claves de la relaci\u00f3n actual pueden darnos las llaves de c\u00f3mo actuar.<br \/>\nUbicar todo lo que nos produce malestar en la relaci\u00f3n o lo que no entendemos de un pasado deficitario y\/o traum\u00e1tico no es siempre acertado, casi nunca lo es del todo&#8230;aunque sin duda produce un traicionero confort intelectual.<\/p>\n","protected":false},"author":1,"featured_media":3434,"comment_status":"open","ping_status":"open","sticky":false,"template":"","format":"standard","meta":{"footnotes":""},"categories":[188,75,1],"tags":[27,49,55,16,39,28,79],"_links":{"self":[{"href":"https:\/\/adopcionpuntodeencuentro.com\/web\/wp-json\/wp\/v2\/posts\/3426"}],"collection":[{"href":"https:\/\/adopcionpuntodeencuentro.com\/web\/wp-json\/wp\/v2\/posts"}],"about":[{"href":"https:\/\/adopcionpuntodeencuentro.com\/web\/wp-json\/wp\/v2\/types\/post"}],"author":[{"embeddable":true,"href":"https:\/\/adopcionpuntodeencuentro.com\/web\/wp-json\/wp\/v2\/users\/1"}],"replies":[{"embeddable":true,"href":"https:\/\/adopcionpuntodeencuentro.com\/web\/wp-json\/wp\/v2\/comments?post=3426"}],"version-history":[{"count":6,"href":"https:\/\/adopcionpuntodeencuentro.com\/web\/wp-json\/wp\/v2\/posts\/3426\/revisions"}],"predecessor-version":[{"id":6575,"href":"https:\/\/adopcionpuntodeencuentro.com\/web\/wp-json\/wp\/v2\/posts\/3426\/revisions\/6575"}],"wp:featuredmedia":[{"embeddable":true,"href":"https:\/\/adopcionpuntodeencuentro.com\/web\/wp-json\/wp\/v2\/media\/3434"}],"wp:attachment":[{"href":"https:\/\/adopcionpuntodeencuentro.com\/web\/wp-json\/wp\/v2\/media?parent=3426"}],"wp:term":[{"taxonomy":"category","embeddable":true,"href":"https:\/\/adopcionpuntodeencuentro.com\/web\/wp-json\/wp\/v2\/categories?post=3426"},{"taxonomy":"post_tag","embeddable":true,"href":"https:\/\/adopcionpuntodeencuentro.com\/web\/wp-json\/wp\/v2\/tags?post=3426"}],"curies":[{"name":"wp","href":"https:\/\/api.w.org\/{rel}","templated":true}]}}