{"id":3499,"date":"2015-09-11T09:15:29","date_gmt":"2015-09-11T07:15:29","guid":{"rendered":"http:\/\/adopcionpuntodeencuentro.com\/web\/?p=3499"},"modified":"2015-09-10T20:04:07","modified_gmt":"2015-09-10T18:04:07","slug":"adopcine-yo-soy-sam-2001-una-defensa-de-las-personas-discapacitadas","status":"publish","type":"post","link":"https:\/\/adopcionpuntodeencuentro.com\/web\/adopcine-yo-soy-sam-2001-una-defensa-de-las-personas-discapacitadas\/","title":{"rendered":"ADOPCINE: \u00abYo soy Sam\u00bb (2001).Una defensa de las personas discapacitadas"},"content":{"rendered":"<p>Hoy una pel\u00edcula de 2001, norteamericana, que trata la discapacidad intelectual de un padre, que se hace cargo de su hija \u00e9l solo, y acaba teniendo que dar a su hija en adopci\u00f3n.Y la situaci\u00f3n de buen v\u00ednculo que hay entre los dos que lleva a tener que buscar una soluci\u00f3n diferente a la de entregar a la ni\u00f1a a otra familia, pues quiere seguir vinculada a su padre, aunque comprenda que no tiene capacidad de cuidarla bien.<br \/>\nPel\u00edcula muy bonita, emotiva, y que toca la posibilidad de la adopci\u00f3n abierta, en la que se contin\u00fae la relaci\u00f3n con la familia biol\u00f3gica, por el bien del menor.<\/p>\n<div><strong><a href=\"http:\/\/adopcionpuntodeencuentro.com\/web\/wp-content\/uploads\/ADOPCINE1.png\"><img loading=\"lazy\" decoding=\"async\" class=\"alignleft wp-image-2467 \" src=\"http:\/\/adopcionpuntodeencuentro.com\/web\/wp-content\/uploads\/ADOPCINE1-300x140.png\" alt=\"ADOPCINE\" width=\"259\" height=\"121\" srcset=\"https:\/\/adopcionpuntodeencuentro.com\/web\/wp-content\/uploads\/ADOPCINE1-300x140.png 300w, https:\/\/adopcionpuntodeencuentro.com\/web\/wp-content\/uploads\/ADOPCINE1-150x70.png 150w, https:\/\/adopcionpuntodeencuentro.com\/web\/wp-content\/uploads\/ADOPCINE1-600x279.png 600w, https:\/\/adopcionpuntodeencuentro.com\/web\/wp-content\/uploads\/ADOPCINE1.png 1136w\" sizes=\"(max-width: 259px) 100vw, 259px\" \/><\/a><\/strong><strong>\u00a0\u00a0<a title=\"JIgnacio biograf\u00eda\" href=\"http:\/\/wp.me\/p56Gk1-p9\" target=\"_blank\">J.Ignacio D\u00edaz Carvajal,<\/a>\u00a0 dirige esta secci\u00f3n y \u00a0cada semana aprendemos mucho a trav\u00e9s de las historias \u00a0con tem\u00e1tica adoptiva que \u00e9l nos sugiere .<\/strong><\/div>\n<p><strong>Adopcine es el cine desde la mirada adoptiva.<\/strong><strong>\u00a0Pel\u00edculas, documentales y v\u00eddeos que tratan la tem\u00e1tica de adopci\u00f3n y de acogimiento<\/strong>.<strong>\u00a0<\/strong><\/p>\n<h1 class=\"post-title entry-title\"><\/h1>\n<h1 class=\"post-title entry-title\"><span style=\"color: #f50a64;\">Yo soy Sam (I am Sam) (2001)<\/span><\/h1>\n<div id=\"post-body-595204062832456169\" class=\"post-body entry-content\">\n<p><a href=\"http:\/\/adopcionpuntodeencuentro.com\/web\/wp-content\/uploads\/yo-soy-sam-e1390560320413.jpeg\"><img loading=\"lazy\" decoding=\"async\" class=\" wp-image-3501 size-full alignleft\" src=\"http:\/\/adopcionpuntodeencuentro.com\/web\/wp-content\/uploads\/yo-soy-sam-e1390560320413.jpeg\" alt=\"yo-soy-sam-e1390560320413\" width=\"345\" height=\"500\" srcset=\"https:\/\/adopcionpuntodeencuentro.com\/web\/wp-content\/uploads\/yo-soy-sam-e1390560320413.jpeg 345w, https:\/\/adopcionpuntodeencuentro.com\/web\/wp-content\/uploads\/yo-soy-sam-e1390560320413-104x150.jpeg 104w, https:\/\/adopcionpuntodeencuentro.com\/web\/wp-content\/uploads\/yo-soy-sam-e1390560320413-207x300.jpeg 207w\" sizes=\"(max-width: 345px) 100vw, 345px\" \/><\/a><a href=\"http:\/\/adopcionpuntodeencuentro.com\/web\/wp-content\/uploads\/sam.jpg\"><br \/>\n<\/a>Director: Jessie Nelson<br \/>\nEEUU<br \/>\n2001<br \/>\n132 min<br \/>\nDrama<\/p>\n<p><strong>Sinopsis:<\/strong><\/p>\n<\/div>\n<div class=\"post-body entry-content\">\n<p>Sam Dawson (Sean Penn) es un discapacitado mental que deber\u00e1 luchar por conservar la custodia de su peque\u00f1a hija, ya que el Estado considera que no est\u00e1 capacitado para hacerse cargo de su educaci\u00f3n. De su defensa se encargar\u00e1 una prestigiosa abogada, Rita Harrison (Michelle Pfeiffer), cuyo desinter\u00e9s y frialdad inicial cambiar\u00e1n tras conocer a Sam, descubrir el amor que siente por su hija y comprobar su determinaci\u00f3n por defender sus derechos como padre. (FILMAFFINITY)<\/p>\n<p>Valoraci\u00f3n cin\u00e9fila 7\/10<br \/>\nValoraci\u00f3n adopci\u00f3n 9\/10<\/p>\n<p>Con un trabajo magn\u00edfico de Sean Penn, podemos ver a un padre discapacitado, que pretende cuidar de su hija, \u00e9l solo, ya que la madre le abandon\u00f3 al salir del hospital. Lo logra, hasta cierto momento, en que ya le suceden cosas que no puede abarcar, y en que su hija, alcanza una edad equivalente a la edad mental del padre.<br \/>\nLos servicio sociales intervienen y se la quitan, y \u00e9l, apoyado en sus amigos busca la mejor abogada que puede encontrar, pero \u00e9sta al principio ni le atiende, pero se ve atrapada, por su propia vanidad en el caso, y m\u00e1s tarde se transformar\u00e1 al comprobar que este hombre es un modelo de amor y de padre abnegado, a pesar de su dificultad mental.<br \/>\nLa ni\u00f1a acaba en un hogar, acogida, y propuesta para adopci\u00f3n, pero \u00e9l consigue demostrar a todos que lo que la ni\u00f1a necesita es su amor y el v\u00ednculo que ya tiene con \u00e9l, y por otro lado una familia que le aporte otro tipo de seguridad yle satisfaga otras necesidades, a medida que vaya creciendo.<br \/>\nUna pel\u00edcula muy bonita, emotiva y que de nuevo nos coloca en el lugar del padre que tiene que perder un hijo, contra su voluntad, y que aunque no lo puede cuidar bien del todo, no por eso deja su hija de necesitarle.<br \/>\nLa soluci\u00f3n que da la pel\u00edcula, me parece la id\u00f3nea, para una situaci\u00f3n que pudiera darse as\u00ed en la realidad.<br \/>\nHace una defensa de las personas discapacitadas, memorable<br \/>\nUn gran reparto y una m\u00fasica excelente.<\/p>\n<\/div>\n<p><iframe loading=\"lazy\" src=\"https:\/\/www.youtube.com\/embed\/jxfOB3iiHZc?rel=0&amp;controls=0\" width=\"480\" height=\"360\" frameborder=\"0\" allowfullscreen=\"allowfullscreen\"><\/iframe><\/p>\n<div class=\"post-body entry-content\">\n<div class=\"post-body entry-content\"><strong><a title=\"J.Ignacio\" href=\"http:\/\/joseignaciodiazcarvajal.blogspot.com.es\/\" target=\"_blank\"><img loading=\"lazy\" decoding=\"async\" class=\"alignleft size-thumbnail wp-image-1677\" src=\"http:\/\/adopcionpuntodeencuentro.com\/web\/wp-content\/uploads\/gracias-110x150.jpg\" alt=\"gracias\" width=\"110\" height=\"150\" srcset=\"https:\/\/adopcionpuntodeencuentro.com\/web\/wp-content\/uploads\/gracias-110x150.jpg 110w, https:\/\/adopcionpuntodeencuentro.com\/web\/wp-content\/uploads\/gracias-221x300.jpg 221w, https:\/\/adopcionpuntodeencuentro.com\/web\/wp-content\/uploads\/gracias.jpg 307w\" sizes=\"(max-width: 110px) 100vw, 110px\" \/>Jos\u00e9 Ignacio D\u00edaz Carvajal<\/a>\u00a0.<\/strong><strong>\u00a0Padre adoptivo.\u00a0M\u00e9dico psicoterapeuta.<\/strong><\/div>\n<p><strong>Os invitamos a visitar \u00a0su valioso blog \u201d\u00a0<a title=\"pel\u00edculas y adopci\u00f3n \" href=\"http:\/\/peliculasyadopcion.blogspot.com.es\/?m=1\" target=\"_blank\">Pel\u00edculas y adopci\u00f3n<\/a>\u201d\u00a0 sobre pel\u00edculas relacionadas con el complejo mundo de la adopci\u00f3n:\u00a0abandono, acogimiento, adopci\u00f3n, adopci\u00f3n internacional, interracial, homoparental, monoparental femenina, monoparental masculina , adoptados adultos\u2026y a leer sus interesantes cr\u00edticas.<\/strong><\/p>\n<\/div>\n<div class=\"post-body entry-content\">\u00a0 <div class='divider' > <\/div><\/div>\n<div class=\"post-body entry-content\"><\/div>\n<p><iframe loading=\"lazy\" style=\"width: 120px; height: 240px;\" src=\"http:\/\/rcm-eu.amazon-adsystem.com\/e\/cm?t=adopcionpunto-21&amp;o=30&amp;p=8&amp;l=as1&amp;asins=B0053C87VY&amp;ref=qf_sp_asin_til&amp;fc1=000000&amp;IS2=1&amp;lt1=_blank&amp;m=amazon&amp;lc1=FF0030&amp;bc1=000000&amp;bg1=FFFFFF&amp;f=ifr\" width=\"300\" height=\"150\"><\/iframe><\/p>\n","protected":false},"excerpt":{"rendered":"<p>pel\u00edcula  que trata la discapacidad intelectual de un padre, que se hace cargo de su hija \u00e9l solo, y acaba teniendo que dar a su hija en adopci\u00f3n.Y la situaci\u00f3n de buen v\u00ednculo que hay entre los dos que lleva a tener que buscar una soluci\u00f3n diferente a la de entregar a la ni\u00f1a a otra familia, pues quiere seguir vinculada a su padre, aunque comprenda que no tiene capacidad de cuidarla bien.<\/p>\n","protected":false},"author":1,"featured_media":3504,"comment_status":"open","ping_status":"open","sticky":false,"template":"","format":"standard","meta":{"footnotes":""},"categories":[86],"tags":[203,69,72,202,70],"_links":{"self":[{"href":"https:\/\/adopcionpuntodeencuentro.com\/web\/wp-json\/wp\/v2\/posts\/3499"}],"collection":[{"href":"https:\/\/adopcionpuntodeencuentro.com\/web\/wp-json\/wp\/v2\/posts"}],"about":[{"href":"https:\/\/adopcionpuntodeencuentro.com\/web\/wp-json\/wp\/v2\/types\/post"}],"author":[{"embeddable":true,"href":"https:\/\/adopcionpuntodeencuentro.com\/web\/wp-json\/wp\/v2\/users\/1"}],"replies":[{"embeddable":true,"href":"https:\/\/adopcionpuntodeencuentro.com\/web\/wp-json\/wp\/v2\/comments?post=3499"}],"version-history":[{"count":3,"href":"https:\/\/adopcionpuntodeencuentro.com\/web\/wp-json\/wp\/v2\/posts\/3499\/revisions"}],"predecessor-version":[{"id":3505,"href":"https:\/\/adopcionpuntodeencuentro.com\/web\/wp-json\/wp\/v2\/posts\/3499\/revisions\/3505"}],"wp:featuredmedia":[{"embeddable":true,"href":"https:\/\/adopcionpuntodeencuentro.com\/web\/wp-json\/wp\/v2\/media\/3504"}],"wp:attachment":[{"href":"https:\/\/adopcionpuntodeencuentro.com\/web\/wp-json\/wp\/v2\/media?parent=3499"}],"wp:term":[{"taxonomy":"category","embeddable":true,"href":"https:\/\/adopcionpuntodeencuentro.com\/web\/wp-json\/wp\/v2\/categories?post=3499"},{"taxonomy":"post_tag","embeddable":true,"href":"https:\/\/adopcionpuntodeencuentro.com\/web\/wp-json\/wp\/v2\/tags?post=3499"}],"curies":[{"name":"wp","href":"https:\/\/api.w.org\/{rel}","templated":true}]}}