{"id":3531,"date":"2015-09-16T09:17:25","date_gmt":"2015-09-16T07:17:25","guid":{"rendered":"http:\/\/adopcionpuntodeencuentro.com\/web\/?p=3531"},"modified":"2017-03-03T09:34:38","modified_gmt":"2017-03-03T08:34:38","slug":"vinculate-relaciones-reparadoras-del-vinculo-en-los-ninos-adoptados-y-acogidos","status":"publish","type":"post","link":"https:\/\/adopcionpuntodeencuentro.com\/web\/vinculate-relaciones-reparadoras-del-vinculo-en-los-ninos-adoptados-y-acogidos\/","title":{"rendered":"\u00abVinc\u00falate. Relaciones reparadoras del v\u00ednculo en los ni\u00f1os adoptados y acogidos\u00bb"},"content":{"rendered":"<h2><strong>De Jos\u00e9 Luis Gonzalo Marrod\u00e1n<\/strong><\/h2>\n<p><a href=\"http:\/\/adopcionpuntodeencuentro.com\/web\/wp-content\/uploads\/Clipboard016.jpg\"><img loading=\"lazy\" decoding=\"async\" class=\" alignleft wp-image-3532\" src=\"http:\/\/adopcionpuntodeencuentro.com\/web\/wp-content\/uploads\/Clipboard016.jpg\" alt=\"Clipboard01\" width=\"350\" height=\"496\" srcset=\"https:\/\/adopcionpuntodeencuentro.com\/web\/wp-content\/uploads\/Clipboard016.jpg 393w, https:\/\/adopcionpuntodeencuentro.com\/web\/wp-content\/uploads\/Clipboard016-106x150.jpg 106w, https:\/\/adopcionpuntodeencuentro.com\/web\/wp-content\/uploads\/Clipboard016-212x300.jpg 212w\" sizes=\"(max-width: 350px) 100vw, 350px\" \/><\/a>Existen muchos libros que exponen la <b>teor\u00eda del apego<\/b> como uno de los marcos conceptuales m\u00e1s completos a la hora de explicar el desarrollo humano pero, a juicio del autor, son pocos los que se plantean acercar estos conocimientos a las\u00a0<b>familias adoptivas y acogedoras<\/b>, que con frecuencia tienen hijos y ni\u00f1os con apegos disfuncionales y, en ocasiones, con trastorno del apego. <i>Vinc\u00falate <\/i>ofrece a los profesionales que trabajan en la protecci\u00f3n de la infancia -y a los maestros- una inestimable ayuda en cuanto a tipolog\u00edas del apego, instrumentos de evaluaci\u00f3n y c\u00f3mo relacionarse con los menores adoptados y acogidos, una poblaci\u00f3n que suele presentar necesidades piscoeducativas espec\u00edficas.<\/p>\n<p>Esta obra explica los fundamentos b\u00e1sicos de la teor\u00eda del apego aplicando los conocimientos acumulados de m\u00faltiples autores al \u00e1mbito de la adopci\u00f3n y el acogimiento, subrayando la trascendencia que tienen los primeros a\u00f1os de vida en el desarrollo de la mente humana. Se exponen cu\u00e1les son las manifestaciones de <b>los distintos tipos de apego disfuncionales<\/b> que los ni\u00f1os o adolescentes adoptados o acogidos pueden mostrar para, a continuaci\u00f3n, describir desde la experiencia cl\u00ednica del autor c\u00f3mo pueden las familias y los maestros relacionarse con ellos en funci\u00f3n del tipo de problemas o alteraciones en la vinculaci\u00f3n que presenten y contribuir as\u00ed a su sanaci\u00f3n y reparaci\u00f3n.<i>Vinc\u00falate <\/i>se completa con unas recomendaciones en cuanto al tipo de psicoterapia que el autor considera adecuada para los menores adoptados o acogidos.<\/p>\n<p>Con un estilo ameno, buscando la complicidad con el lector, <i>Vinc\u00falate <\/i>est\u00e1 salpicado de historias de vida que ayudan a comprender los contenidos y las <b>pautas de intervenci\u00f3n<\/b>, y de propuestas de\u00a0<b>actividades pr\u00e1cticas<\/b> -como ejercicios y v\u00eddeos- que enriquecen la obra.<\/p>\n<p><strong>Autor: Jos\u00e9 Luis Gonzalo Marrod\u00e1n<\/strong><br \/>\nSan Sebasti\u00e1n, 1967. Psic\u00f3logo y psicoterapeuta infantil y de adultos. Formado en psicoterapia infantil por el IFIV de Barcelona. Psicoterapeuta por la EFPA. Formaci\u00f3n en EMDR (nivel II) Trabaja en consulta privada desde 1994, y desde hace doce a\u00f1os su campo de inter\u00e9s principal y su labor profesional se centran en la aplicaci\u00f3n de la teor\u00eda del apego a la psicoterapia. Dirige el blog: www.buenostratos.com<\/p>\n<h3 class=\"\">Libro editado por Descl\u00e9e de Brouwer, publicado en septiembre de 2015.<\/h3>\n","protected":false},"excerpt":{"rendered":"<p>Este libro ofrece a los profesionales que trabajan en la protecci\u00f3n de la infancia -y a los maestros- una inestimable ayuda en cuanto a tipolog\u00edas del apego, instrumentos de evaluaci\u00f3n y c\u00f3mo relacionarse con los menores adoptados y acogidos, una poblaci\u00f3n que suele presentar necesidades piscoeducativas espec\u00edficas.<\/p>\n","protected":false},"author":1,"featured_media":3532,"comment_status":"open","ping_status":"open","sticky":false,"template":"","format":"standard","meta":{"footnotes":""},"categories":[145,188,31,269],"tags":[47,27,69,38,49,230,55,20,32,16,79,15,78],"_links":{"self":[{"href":"https:\/\/adopcionpuntodeencuentro.com\/web\/wp-json\/wp\/v2\/posts\/3531"}],"collection":[{"href":"https:\/\/adopcionpuntodeencuentro.com\/web\/wp-json\/wp\/v2\/posts"}],"about":[{"href":"https:\/\/adopcionpuntodeencuentro.com\/web\/wp-json\/wp\/v2\/types\/post"}],"author":[{"embeddable":true,"href":"https:\/\/adopcionpuntodeencuentro.com\/web\/wp-json\/wp\/v2\/users\/1"}],"replies":[{"embeddable":true,"href":"https:\/\/adopcionpuntodeencuentro.com\/web\/wp-json\/wp\/v2\/comments?post=3531"}],"version-history":[{"count":4,"href":"https:\/\/adopcionpuntodeencuentro.com\/web\/wp-json\/wp\/v2\/posts\/3531\/revisions"}],"predecessor-version":[{"id":4208,"href":"https:\/\/adopcionpuntodeencuentro.com\/web\/wp-json\/wp\/v2\/posts\/3531\/revisions\/4208"}],"wp:featuredmedia":[{"embeddable":true,"href":"https:\/\/adopcionpuntodeencuentro.com\/web\/wp-json\/wp\/v2\/media\/3532"}],"wp:attachment":[{"href":"https:\/\/adopcionpuntodeencuentro.com\/web\/wp-json\/wp\/v2\/media?parent=3531"}],"wp:term":[{"taxonomy":"category","embeddable":true,"href":"https:\/\/adopcionpuntodeencuentro.com\/web\/wp-json\/wp\/v2\/categories?post=3531"},{"taxonomy":"post_tag","embeddable":true,"href":"https:\/\/adopcionpuntodeencuentro.com\/web\/wp-json\/wp\/v2\/tags?post=3531"}],"curies":[{"name":"wp","href":"https:\/\/api.w.org\/{rel}","templated":true}]}}